{"id":9989,"date":"2017-11-03T15:28:41","date_gmt":"2017-11-03T15:28:41","guid":{"rendered":"https:\/\/leiklist.is\/?p=9989"},"modified":"2017-11-03T15:28:41","modified_gmt":"2017-11-03T15:28:41","slug":"leiklistarskolinn-i-landanum","status":"publish","type":"post","link":"https:\/\/leiklist.is\/en\/leiklistarskolinn-i-landanum\/","title":{"rendered":"Leiklistarsk\u00f3linn \u00ed Landanum"},"content":{"rendered":"<div class=\"views-field views-field-name\">\n<p class=\"field-content exo uppercase mar00b uppercase\">Landinn, \u00fe<span style=\"font-size: 16px;\">\u00e1ttur \u00e1 RUV um l\u00edfi\u00f0 \u00ed landinu, fer um v\u00ed\u00f0a og hittir f\u00f3lk sem er a\u00f0 gera \u00e1hugaver\u00f0a og skemmtilega hluti.\u00a0<\/span><span style=\"font-size: 16px;\">\u00cd n\u00e6sta \u00fe\u00e6tti, sunnudaginn 5. n\u00f3vember, ver\u00f0ur m.a. s\u00fdnt fr\u00e1 heims\u00f3kn \u00ed Leiklistarsk\u00f3la Bandalags \u00edslenskra leikf\u00e9laga sem starfr\u00e6ktur var \u00ed Reykjask\u00f3la \u00ed Hr\u00fatafir\u00f0i \u00ed j\u00fan\u00ed s.l. \u00de\u00e1tturinn hefst kl. 19.45.\u00a0<\/span><\/p>\n<p class=\"field-content exo uppercase mar00b uppercase\"><span style=\"font-size: 16px;\">Ekki missa af \u00feessu!<\/span><\/p>\n<p><a href=\"https:\/\/www.facebook.com\/landinn\/videos\/1472964322759086\/?hc_ref=ARQJVbKOg2KhzHVTjKwXUwkByIfxTkz6yX-cp9dhk-0DLUvVGrgQ8xxkFShxNJuXCJM&amp;fref=gs&amp;hc_location=group\">H\u00e9r m\u00e1 sj\u00e1 kynningu \u00e1 \u00fe\u00e6ttinum.<\/a><\/p>\n<\/div>\n<p>&nbsp;<\/p>","protected":false},"excerpt":{"rendered":"<p>Landinn, \u00fe\u00e1ttur \u00e1 RUV um l\u00edfi\u00f0 \u00ed landinu, fer um v\u00ed\u00f0a og hittir f\u00f3lk sem er a\u00f0 gera \u00e1hugaver\u00f0a og skemmtilega hluti.\u00a0\u00cd n\u00e6sta \u00fe\u00e6tti, sunnudaginn 5. n\u00f3vember, ver\u00f0ur m.a. s\u00fdnt fr\u00e1 heims\u00f3kn \u00ed Leiklistarsk\u00f3la Bandalags \u00edslenskra leikf\u00e9laga sem starfr\u00e6ktur var \u00ed Reykjask\u00f3la \u00ed Hr\u00fatafir\u00f0i \u00ed j\u00fan\u00ed s.l. \u00de\u00e1tturinn hefst kl. 19.45.\u00a0 Ekki missa af \u00feessu! [&hellip;]<\/p>\n","protected":false},"author":3,"featured_media":9992,"comment_status":"closed","ping_status":"closed","sticky":false,"template":"","format":"standard","meta":{"_et_pb_use_builder":"","_et_pb_old_content":"","_et_gb_content_width":"","footnotes":""},"categories":[187,213],"tags":[],"class_list":["post-9989","post","type-post","status-publish","format-standard","has-post-thumbnail","hentry","category-allar-frir","category-vikupostur","et-has-post-format-content","et_post_format-et-post-format-standard"],"_links":{"self":[{"href":"https:\/\/leiklist.is\/en\/wp-json\/wp\/v2\/posts\/9989","targetHints":{"allow":["GET"]}}],"collection":[{"href":"https:\/\/leiklist.is\/en\/wp-json\/wp\/v2\/posts"}],"about":[{"href":"https:\/\/leiklist.is\/en\/wp-json\/wp\/v2\/types\/post"}],"author":[{"embeddable":true,"href":"https:\/\/leiklist.is\/en\/wp-json\/wp\/v2\/users\/3"}],"replies":[{"embeddable":true,"href":"https:\/\/leiklist.is\/en\/wp-json\/wp\/v2\/comments?post=9989"}],"version-history":[{"count":0,"href":"https:\/\/leiklist.is\/en\/wp-json\/wp\/v2\/posts\/9989\/revisions"}],"wp:featuredmedia":[{"embeddable":true,"href":"https:\/\/leiklist.is\/en\/wp-json\/"}],"wp:attachment":[{"href":"https:\/\/leiklist.is\/en\/wp-json\/wp\/v2\/media?parent=9989"}],"wp:term":[{"taxonomy":"category","embeddable":true,"href":"https:\/\/leiklist.is\/en\/wp-json\/wp\/v2\/categories?post=9989"},{"taxonomy":"post_tag","embeddable":true,"href":"https:\/\/leiklist.is\/en\/wp-json\/wp\/v2\/tags?post=9989"}],"curies":[{"name":"wp","href":"https:\/\/api.w.org\/{rel}","templated":true}]}}