{"id":9957,"date":"2017-10-19T10:10:30","date_gmt":"2017-10-19T10:10:30","guid":{"rendered":"https:\/\/leiklist.is\/?p=9957"},"modified":"2017-10-19T10:10:30","modified_gmt":"2017-10-19T10:10:30","slug":"nordlenskum-konum-bodid-i-leikhus","status":"publish","type":"post","link":"https:\/\/leiklist.is\/en\/nordlenskum-konum-bodid-i-leikhus\/","title":{"rendered":"Nor\u00f0lenskum konum bo\u00f0i\u00f0 \u00ed leikh\u00fas"},"content":{"rendered":"<div>\n<div><span style=\"font-size: small;\"><span style=\"color: black; font-size: medium;\">Leikf\u00e9lag Akureyrar b\u00fd\u00f0ur konum \u00e1 s\u00fdninguna Kvenf\u00f3lk \u00ed Samkomuh\u00fasinu \u00feann 24. okt\u00f3ber. \u00a0S\u00fdningin hefst klukkan 15.00\u00a0<\/span><span style=\"font-size: medium;\">og er\u00a0<\/span><span style=\"color: black; font-size: medium;\">a\u00f0gangur \u00f3keypis. Kvenf\u00f3lk er\u00a0323. svi\u00f0setning Leikf\u00e9lags Akureyrar og hefur fengi\u00f0 fr\u00e1b\u00e6ra d\u00f3ma og miki\u00f0 lof \u00e1heyrenda<\/span><span style=\"font-size: medium;\">\u00a0en \u00feetta<\/span><span style=\"color: black; font-size: medium;\">\u00a0er n\u00fdtt \u00edslenskt svi\u00f0sverk\u00a0eftir Hund \u00ed \u00f3skilum. D\u00faettinn Hund \u00ed \u00f3skilum skipa \u00feeir\u00a0\u00a0Hj\u00f6rleifur Hjartarsson og Eir\u00edkur Stephensen, en \u00feeir eru b\u00e6\u00f0i\u00a0h\u00f6fundar og flytjendur verksins<\/span><span style=\"font-size: medium;\">. \u00de<\/span><span style=\"color: black; font-size: medium;\">eir eru \u00fe\u00f3 ekki alveg\u00a0einir \u00e1 b\u00e1ti heldur nj\u00f3ta fulltingis \u00a0kvennahlj\u00f3msveitar \u00ed s\u00fdningunni. \u00cd Kvenf\u00f3lk\u00a0fara \u00feeir Hj\u00f6rleifur og Eir\u00edkur \u00a0\u00e1 hundava\u00f0i yfir kvennas\u00f6guna undir leikstj\u00f3rn \u00c1g\u00fastu Sk\u00falad\u00f3ttur. \u00a0<\/span><\/span><\/div>\n<div><span style=\"font-size: small;\"><span style=\"color: black; font-size: medium;\">S\u00fdningin hefur veri\u00f0 s\u00fdnd fyrir fullu h\u00fasi fr\u00e1 \u00fev\u00ed h\u00fan var frums\u00fdnd \u00feann 29.september.\u00a0<\/span><\/span><\/div>\n<div><span style=\"font-size: small;\">\u00a0<\/span><\/div>\n<\/div>\n<div>\n<div><span style=\"font-size: small;\"><span style=\"color: black; font-size: medium;\">\u00cd tilefni af Kvennafr\u00eddeginum h<\/span><span style=\"font-size: medium;\">afa<\/span><span style=\"color: black; font-size: medium;\">\u00a0LA og Hundur \u00ed \u00f3skilum \u00e1kve\u00f0i\u00f0 a\u00f0 bj\u00f3\u00f0a \u00f6llum konum \u00e1 \u00feessa fr\u00e1b\u00e6ru s\u00fdningu \u00e1n endurgjalds \u00e1 me\u00f0an h\u00fasr\u00fam leyfir.\u00a0<\/span><\/span><\/div>\n<\/div>\n<div>\n<div><span style=\"font-size: small;\"><span style=\"color: black; font-size: medium;\">\u00a0<\/span><\/span><\/div>\n<\/div>\n<div>\n<div><span style=\"font-size: small;\"><span style=\"color: black; font-size: medium;\"><b>Um Hund \u00ed \u00d3skilum<\/b><\/span><\/span><\/div>\n<\/div>\n<div>\n<div><span style=\"font-size: small;\"><span style=\"color: black; font-size: medium;\">Hundur \u00ed \u00f3skilum er margr\u00f3ma\u00f0ur og ver\u00f0launa\u00f0ur d\u00faett sem er leikh\u00fasgestum a\u00f0 g\u00f3\u00f0u kunnur fyrir leiks\u00fdningar s\u00ednar S\u00f6gu \u00fej\u00f3\u00f0ar sem hlaut Gr\u00edmuver\u00f0launin \u00e1ri\u00f0 2012 og \u00d6ldina okkar sem gekk fyrir fullu h\u00fasi \u00ed Samkomuh\u00fasinu og svo \u00ed Borgarleikh\u00fasinu \u00ed kj\u00f6lfari\u00f0. En \u00d6ldina okkar unnu \u00feeir einnig me\u00f0 Ag\u00fastu Sk\u00falad\u00f3ttur.<\/span><\/span><\/div>\n<\/div>\n<div>\n<div><span style=\"font-size: small;\"><span style=\"color: black; font-size: medium;\">\u00a0<\/span><\/span><\/div>\n<\/div>\n<div>\n<div><span style=\"font-size: small;\"><span style=\"color: black; font-size: medium;\"><b>Um Kvenf\u00f3lk\u00a0<\/b><\/span><\/span><\/div>\n<\/div>\n<div>\n<div><span style=\"font-size: small;\"><span style=\"color: black; font-size: medium;\">Kvenf\u00f3lk &#8211; Kvennasagan \u00e1 hundava\u00f0i er drepfyndin sagnfr\u00e6\u00f0i me\u00f0 s\u00f6ngvum. Hundur \u00ed \u00f3skilum heldur h\u00e9r \u00e1fram a\u00f0 varpa \u00f3v\u00e6ntu lj\u00f3si \u00e1 \u00cdslandss\u00f6guna me\u00f0 h\u00famorinn a\u00f0 vopni. N\u00fa er komi\u00f0 a\u00f0 s\u00f6gu kvenna og kvennabar\u00e1ttu. Fr\u00e1 \u00fev\u00ed a\u00f0 konan kom til landsins \u00ed lok n\u00edtj\u00e1ndu aldar hafa \u00edslenskir karlmenn gert sitt besta til a\u00f0 laga sig a\u00f0 breyttum a\u00f0st\u00e6\u00f0um. En hefur \u00feeim tekist sem skyldi? Sagan greinir fr\u00e1 \u00f6rf\u00e1um konum &#8211; raunar svo f\u00e1um a\u00f0 \u00fea\u00f0 er b\u00fai\u00f0 a\u00f0 sk\u00edra rakettur \u00ed h\u00f6fu\u00f0i\u00f0 \u00e1 \u00feeim \u00f6llum. \u00a0Hundur \u00ed \u00f3skilum veltir vi\u00f0 hverjum steini og grefur upp \u00fdmislegt \u00f3v\u00e6nt og skemmtilegt \u00ed s\u00f6gu jafnr\u00e9ttisbar\u00e1ttunnar.\u00a0<\/span><\/span><\/div>\n<\/div>\n<div>\n<div><span style=\"font-size: small;\"><span style=\"color: black; font-size: medium;\">\u00a0<\/span><\/span><\/div>\n<\/div>\n<div>\n<div><span style=\"font-size: small;\"><span style=\"color: black; font-size: medium;\"><b>Um Leikf\u00e9lag Akureyrar<\/b><\/span><\/span><\/div>\n<\/div>\n<div>\n<div><span style=\"font-size: small;\"><span style=\"color: black; font-size: medium;\">Leikf\u00e9lag Akureyrar var\u00f0 hundra\u00f0 \u00e1ra \u00feann 19. apr\u00edl \u00feessa \u00e1rs og er \u00fev\u00ed sprellfj\u00f6rugur \u00f6ldungur. Kvenf\u00f3lk er 323 svi\u00f0setning Leikf\u00e9lags Akureyrar og er ein af \u00feremur leiks\u00fdningum sem LA setur upp leik\u00e1ri\u00f0 2017-2018. Saga f\u00e9lagsins er algerlega samofin s\u00f6gu \u00feess samf\u00e9lags sem \u00fea\u00f0 sprettur \u00far fyrst sem \u00e1hugaleikh\u00fas og svo sem atvinnuleikh\u00fas. Leiks\u00fdningar f\u00e9lagsins hafa or\u00f0i\u00f0 a\u00f0 segul fyrir \u00e1horfendur heima og handan hei\u00f0a. Auk \u00feess hefur f\u00e9lagi\u00f0 gert strandh\u00f6gg me\u00f0 s\u00ednar leiks\u00fdningar \u00ed h\u00f6fu\u00f0borginni vi\u00f0 fr\u00e1b\u00e6ran or\u00f0st\u00edr.<\/span><\/span><\/div>\n<\/div>","protected":false},"excerpt":{"rendered":"<p>Leikf\u00e9lag Akureyrar b\u00fd\u00f0ur konum \u00e1 s\u00fdninguna Kvenf\u00f3lk \u00ed Samkomuh\u00fasinu \u00feann 24. okt\u00f3ber. \u00a0S\u00fdningin hefst klukkan 15.00\u00a0og er\u00a0a\u00f0gangur \u00f3keypis. Kvenf\u00f3lk er\u00a0323. svi\u00f0setning Leikf\u00e9lags Akureyrar og hefur fengi\u00f0 fr\u00e1b\u00e6ra d\u00f3ma og miki\u00f0 lof \u00e1heyrenda\u00a0en \u00feetta\u00a0er n\u00fdtt \u00edslenskt svi\u00f0sverk\u00a0eftir Hund \u00ed \u00f3skilum. D\u00faettinn Hund \u00ed \u00f3skilum skipa \u00feeir\u00a0\u00a0Hj\u00f6rleifur Hjartarsson og Eir\u00edkur Stephensen, en \u00feeir eru b\u00e6\u00f0i\u00a0h\u00f6fundar og flytjendur [&hellip;]<\/p>\n","protected":false},"author":3,"featured_media":9958,"comment_status":"closed","ping_status":"closed","sticky":false,"template":"","format":"standard","meta":{"_et_pb_use_builder":"","_et_pb_old_content":"","_et_gb_content_width":"","footnotes":""},"categories":[187,213],"tags":[],"class_list":["post-9957","post","type-post","status-publish","format-standard","has-post-thumbnail","hentry","category-allar-frir","category-vikupostur","et-has-post-format-content","et_post_format-et-post-format-standard"],"_links":{"self":[{"href":"https:\/\/leiklist.is\/en\/wp-json\/wp\/v2\/posts\/9957","targetHints":{"allow":["GET"]}}],"collection":[{"href":"https:\/\/leiklist.is\/en\/wp-json\/wp\/v2\/posts"}],"about":[{"href":"https:\/\/leiklist.is\/en\/wp-json\/wp\/v2\/types\/post"}],"author":[{"embeddable":true,"href":"https:\/\/leiklist.is\/en\/wp-json\/wp\/v2\/users\/3"}],"replies":[{"embeddable":true,"href":"https:\/\/leiklist.is\/en\/wp-json\/wp\/v2\/comments?post=9957"}],"version-history":[{"count":0,"href":"https:\/\/leiklist.is\/en\/wp-json\/wp\/v2\/posts\/9957\/revisions"}],"wp:featuredmedia":[{"embeddable":true,"href":"https:\/\/leiklist.is\/en\/wp-json\/"}],"wp:attachment":[{"href":"https:\/\/leiklist.is\/en\/wp-json\/wp\/v2\/media?parent=9957"}],"wp:term":[{"taxonomy":"category","embeddable":true,"href":"https:\/\/leiklist.is\/en\/wp-json\/wp\/v2\/categories?post=9957"},{"taxonomy":"post_tag","embeddable":true,"href":"https:\/\/leiklist.is\/en\/wp-json\/wp\/v2\/tags?post=9957"}],"curies":[{"name":"wp","href":"https:\/\/api.w.org\/{rel}","templated":true}]}}