{"id":993,"date":"2006-10-30T10:20:54","date_gmt":"2006-10-30T10:20:54","guid":{"rendered":"http:\/\/wp.leiklist.is\/?p=993"},"modified":"2006-10-30T10:20:54","modified_gmt":"2006-10-30T10:20:54","slug":"freikfgi-h","status":"publish","type":"post","link":"https:\/\/leiklist.is\/en\/freikfgi-h\/","title":{"rendered":"Fr\u00e1 Leikf\u00e9lagi H\u00f6rgd\u00e6la"},"content":{"rendered":"<p><img loading=\"lazy\" decoding=\"async\" src=\"http:\/\/www.leiklist.is\/10\/images\/stories\/Adildarfelog\/Logo\/horgdaelir.jpg\" width=\"150\" height=\"89\" style=\"float: right;\" hspace=\"6\" alt=\"Image\" title=\"Image\" border=\"0\" \/>A&eth;alfundur leikf&eacute;lagsins var haldinn m\u00e1nudagskv&ouml;ldi&eth; 16. okt\u00f3ber 2006.<\/p>\n<p>\u00cd stj\u00f3rn f&eacute;lagsins eru: Stefan\u00eda El\u00edsabet Hallbj&ouml;rnsd\u00f3ttir, forma&eth;ur, Krist\u00edn Haraldsd\u00f3ttir varaforma&eth;ur, \u00c1sgeir M\u00e1r Hauksson gjaldkeri, \u00c1sta J\u00fal\u00eda A&eth;alsteinsd\u00f3ttir ritari og Bernhar&eth; Arnarson me&eth;stj\u00f3rnandi.<\/p>\n<p>\u00c1 fundinum var sam&thorn;ykkt a&eth; Arnsteinn Stef\u00e1nsson, St\u00f3ra-Dunhaga, yr&eth;i hei&eth;ursf&eacute;lagi leikf&eacute;lagsins.<\/p>\n<p>N\u00fa \u00ed haust mun Leikf&eacute;lagi&eth; setja upp dagskr\u00e1 um Kristj\u00e1n fr\u00e1 Dj\u00fapal&aelig;k (Dreifar af dagsl\u00e1ttu) \u00ed umsj\u00f3n Sunnu Borg, stefnt er a&eth; s\u00fdningum 18. og 19. n\u00f3vember.<\/p>\n<p>Eftir \u00e1ram\u00f3tin hefjast svo &aelig;fingar \u00e1 m&ouml;gnu&eth;u leikverki \u00e1 Melum. S\u00fdningar \u00e1 &thorn;v\u00ed hefjast v&aelig;ntanlega \u00ed mars\/apr\u00edl.<\/p>","protected":false},"excerpt":{"rendered":"<p>A&eth;alfundur leikf&eacute;lagsins var haldinn m\u00e1nudagskv&ouml;ldi&eth; 16. okt\u00f3ber 2006. \u00cd stj\u00f3rn f&eacute;lagsins eru: Stefan\u00eda El\u00edsabet Hallbj&ouml;rnsd\u00f3ttir, forma&eth;ur, Krist\u00edn Haraldsd\u00f3ttir varaforma&eth;ur, \u00c1sgeir M\u00e1r Hauksson gjaldkeri, \u00c1sta J\u00fal\u00eda A&eth;alsteinsd\u00f3ttir ritari og Bernhar&eth; Arnarson me&eth;stj\u00f3rnandi. \u00c1 fundinum var sam&thorn;ykkt a&eth; Arnsteinn Stef\u00e1nsson, St\u00f3ra-Dunhaga, yr&eth;i hei&eth;ursf&eacute;lagi leikf&eacute;lagsins. N\u00fa \u00ed haust mun Leikf&eacute;lagi&eth; setja upp dagskr\u00e1 um Kristj\u00e1n fr\u00e1 Dj\u00fapal&aelig;k (Dreifar [&hellip;]<\/p>\n","protected":false},"author":3,"featured_media":0,"comment_status":"open","ping_status":"open","sticky":false,"template":"","format":"standard","meta":{"_et_pb_use_builder":"","_et_pb_old_content":"","_et_gb_content_width":"","footnotes":""},"categories":[187],"tags":[],"class_list":["post-993","post","type-post","status-publish","format-standard","hentry","category-allar-frir","et-doesnt-have-format-content","et_post_format-et-post-format-standard"],"_links":{"self":[{"href":"https:\/\/leiklist.is\/en\/wp-json\/wp\/v2\/posts\/993","targetHints":{"allow":["GET"]}}],"collection":[{"href":"https:\/\/leiklist.is\/en\/wp-json\/wp\/v2\/posts"}],"about":[{"href":"https:\/\/leiklist.is\/en\/wp-json\/wp\/v2\/types\/post"}],"author":[{"embeddable":true,"href":"https:\/\/leiklist.is\/en\/wp-json\/wp\/v2\/users\/3"}],"replies":[{"embeddable":true,"href":"https:\/\/leiklist.is\/en\/wp-json\/wp\/v2\/comments?post=993"}],"version-history":[{"count":0,"href":"https:\/\/leiklist.is\/en\/wp-json\/wp\/v2\/posts\/993\/revisions"}],"wp:attachment":[{"href":"https:\/\/leiklist.is\/en\/wp-json\/wp\/v2\/media?parent=993"}],"wp:term":[{"taxonomy":"category","embeddable":true,"href":"https:\/\/leiklist.is\/en\/wp-json\/wp\/v2\/categories?post=993"},{"taxonomy":"post_tag","embeddable":true,"href":"https:\/\/leiklist.is\/en\/wp-json\/wp\/v2\/tags?post=993"}],"curies":[{"name":"wp","href":"https:\/\/api.w.org\/{rel}","templated":true}]}}