{"id":989,"date":"2006-10-27T13:04:07","date_gmt":"2006-10-27T13:04:07","guid":{"rendered":"http:\/\/wp.leiklist.is\/?p=989"},"modified":"2006-10-27T13:04:07","modified_gmt":"2006-10-27T13:04:07","slug":"lu-ekki-deigan-s-gudur","status":"publish","type":"post","link":"https:\/\/leiklist.is\/en\/lu-ekki-deigan-s-gudur\/","title":{"rendered":"L\u00e1ttu ekki deigan s\u00edga, Gu\u00f0mundur"},"content":{"rendered":"<p>&THORN;\u00e1 er loksins komi&eth; a&eth; &thorn;v\u00ed a&eth; \u00e1horfendur geti s&eacute;&eth; uppf&aelig;rslu \u00e1 verkinu&nbsp; &ldquo;L\u00e1ttu ekki deigan s\u00edga Gu&eth;mundur&rdquo;, hj\u00e1 Leikf&eacute;lagi Siglufjar&eth;ar \u00ed leikstj\u00f3rn hins magna&eth;a leikstj\u00f3ra Gu&eth;j\u00f3ns Sigvaldasonar.&nbsp; H&ouml;fundar eru Hl\u00edn Agnarsd\u00f3ttir og Edda Bj&ouml;rgvinsd\u00f3ttir.<br \/> Frums\u00fdnt ver&eth;ur &thorn;ann 27. okt\u00f3ber \u00ed B\u00ed\u00f3 Caf&eacute; og hefst s\u00fdningin kl. 21:00.&nbsp; H\u00fasi&eth; opnar kl. 20:00.<br \/> <!--more--> <img loading=\"lazy\" decoding=\"async\" class=\"alignleft size-full wp-image-988\" width=\"200\" vspace=\"12\" hspace=\"12\" height=\"270\" border=\"0\" align=\"left\" src=\"https:\/\/leiklist.is\/wp-content\/uploads\/2006\/10\/Adildarfelog_Nordur_Siglufjordur_0607_gudmundur.png\" alt=\"gudmundur.png\" title=\"gudmundur.png\" \/>F&eacute;lagar \u00ed L.S. hafa lagt n\u00f3tt vi&eth; dag s\u00ed&eth;ustu viku vi&eth; a&eth; leggja lokah&ouml;nd \u00e1 svi&eth;smynd, b\u00faninga og anna&eth; og &thorn;v\u00ed hafa m&ouml;rg gr\u00fatsyfju&eth; andlit s&eacute;st \u00e1 m&ouml;rgum vinnust&ouml;&eth;um b&aelig;jarins sem og \u00ed Grunnsk\u00f3lanum, en leikf&eacute;lagi&eth; n\u00fdtur stu&eth;nings nemenda \u00ed leiklist \u00ed Grunnsk\u00f3la Siglufjar&eth;ar. &nbsp;<\/p>\n<p> N&aelig;stu s\u00fdningar eru fyrirhuga&eth;ar:<br \/> 29. okt\u00f3ber kl. 20:30<br \/> 2. n\u00f3vember kl. 20:30<\/p>\n<p> Athugi&eth; a&eth; h\u00fasi&eth; opnar &aelig;t\u00ed&eth; klukkustundu fyrir s\u00fdningu.<\/p>\n<p> A&eth;gangseyrir:<br \/> Fullor&eth;nir:&nbsp;&nbsp; &nbsp;&nbsp;&nbsp; &nbsp;&nbsp;&nbsp; &nbsp;&nbsp;&nbsp; &nbsp;&nbsp;&nbsp; &nbsp;2.000.- kr.<br \/> B&ouml;rn 12 \u00e1ra og yngri og ellil\u00edfeyris&thorn;egar:&nbsp;&nbsp; &nbsp;1.300.- kr.<\/p>\n<p> Hl\u00e1turinn lengir l\u00edfi&eth;!<\/p>","protected":false},"excerpt":{"rendered":"<p>&THORN;\u00e1 er loksins komi&eth; a&eth; &thorn;v\u00ed a&eth; \u00e1horfendur geti s&eacute;&eth; uppf&aelig;rslu \u00e1 verkinu&nbsp; &ldquo;L\u00e1ttu ekki deigan s\u00edga Gu&eth;mundur&rdquo;, hj\u00e1 Leikf&eacute;lagi Siglufjar&eth;ar \u00ed leikstj\u00f3rn hins magna&eth;a leikstj\u00f3ra Gu&eth;j\u00f3ns Sigvaldasonar.&nbsp; H&ouml;fundar eru Hl\u00edn Agnarsd\u00f3ttir og Edda Bj&ouml;rgvinsd\u00f3ttir. Frums\u00fdnt ver&eth;ur &thorn;ann 27. okt\u00f3ber \u00ed B\u00ed\u00f3 Caf&eacute; og hefst s\u00fdningin kl. 21:00.&nbsp; H\u00fasi&eth; opnar kl. 20:00.<\/p>","protected":false},"author":3,"featured_media":987,"comment_status":"open","ping_status":"open","sticky":false,"template":"","format":"standard","meta":{"_et_pb_use_builder":"","_et_pb_old_content":"","_et_gb_content_width":"","footnotes":""},"categories":[187],"tags":[],"class_list":["post-989","post","type-post","status-publish","format-standard","has-post-thumbnail","hentry","category-allar-frir","et-has-post-format-content","et_post_format-et-post-format-standard"],"_links":{"self":[{"href":"https:\/\/leiklist.is\/en\/wp-json\/wp\/v2\/posts\/989","targetHints":{"allow":["GET"]}}],"collection":[{"href":"https:\/\/leiklist.is\/en\/wp-json\/wp\/v2\/posts"}],"about":[{"href":"https:\/\/leiklist.is\/en\/wp-json\/wp\/v2\/types\/post"}],"author":[{"embeddable":true,"href":"https:\/\/leiklist.is\/en\/wp-json\/wp\/v2\/users\/3"}],"replies":[{"embeddable":true,"href":"https:\/\/leiklist.is\/en\/wp-json\/wp\/v2\/comments?post=989"}],"version-history":[{"count":0,"href":"https:\/\/leiklist.is\/en\/wp-json\/wp\/v2\/posts\/989\/revisions"}],"wp:featuredmedia":[{"embeddable":true,"href":"https:\/\/leiklist.is\/en\/wp-json\/"}],"wp:attachment":[{"href":"https:\/\/leiklist.is\/en\/wp-json\/wp\/v2\/media?parent=989"}],"wp:term":[{"taxonomy":"category","embeddable":true,"href":"https:\/\/leiklist.is\/en\/wp-json\/wp\/v2\/categories?post=989"},{"taxonomy":"post_tag","embeddable":true,"href":"https:\/\/leiklist.is\/en\/wp-json\/wp\/v2\/tags?post=989"}],"curies":[{"name":"wp","href":"https:\/\/api.w.org\/{rel}","templated":true}]}}