{"id":9834,"date":"2017-09-19T14:29:17","date_gmt":"2017-09-19T14:29:17","guid":{"rendered":"https:\/\/leiklist.is\/?p=9834"},"modified":"2020-03-02T10:14:19","modified_gmt":"2020-03-02T10:14:19","slug":"leiklistarnamskeid-fyrir-nylida","status":"publish","type":"post","link":"https:\/\/leiklist.is\/en\/leiklistarnamskeid-fyrir-nylida\/","title":{"rendered":"Leiklistarn\u00e1mskei\u00f0 fyrir n\u00fdli\u00f0a"},"content":{"rendered":"<p>\u00cd byrjun okt\u00f3ber hefst leiklistarn\u00e1mskei\u00f0 \u00e1 vegum Leikf\u00e9lags K\u00f3pavogs sem \u00e6tla\u00f0 er n\u00fdli\u00f0um og f\u00f3lki me\u00f0 minni leikreynslu. Fari\u00f0 ver\u00f0ur \u00ed \u00fdmis grunnatri\u00f0i svi\u00f0sleiks og \u00e1hersla l\u00f6g\u00f0 \u00e1 prakt\u00edska n\u00e1lgun.<br \/>\nLei\u00f0beinandi \u00e1 n\u00e1mskei\u00f0inu er H\u00f6r\u00f0ur Sigur\u00f0arson sem kennt hefur \u00e1 svipu\u00f0um n\u00e1mskei\u00f0um hj\u00e1 leikf\u00e9laginu undanfarin \u00e1r.<\/p>\n<p>N\u00e1mskei\u00f0i\u00f0 ver\u00f0ur 18 klst. \u00ed heildina, 3 klst. \u00ed senn \u00ed 6 skipti\u00a0og aldurstakmark er 21 \u00e1rs. N\u00e1mskei\u00f0sgjald er 10.000 kr. fyrir utanf\u00e9lagsmenn en skr\u00e1\u00f0ir f\u00e9lagsmenn grei\u00f0a 2.500 kr. \u2028Athugi\u00f0 a\u00f0 skr\u00e1ning \u00ed f\u00e9lagi\u00f0 er \u00f6llum opin gegn 2.500 kr. f\u00e9lagsgjaldi. Sj\u00e1 n\u00e1nar h\u00e9r.<br \/>\nN\u00e1mskei\u00f0i\u00f0 hefst m\u00e1nudaginn 2. okt\u00f3ber\u00a0og eru n\u00e1mskei\u00f0st\u00edmar sem h\u00e9r segir:<br \/>\nM\u00e1n. 2. okt. kl. 19.00-22.00<br \/>\nFim. 5. okt. kl. 19.00-22.00<br \/>\nLau. 7. okt. kl. 10.00-13.00<br \/>\nM\u00e1n. 9. okt. kl.\u00a019.00-22.00.<br \/>\nFim. 12. okt. kl. 19.00-22.00<br \/>\nLau. 14. okt. kl. 10.00-13.00<br \/>\nH\u00e6gt er a\u00f0 <a href=\"http:\/\/kopleik.is\/skraning-a-leiklistarnamskeid\/\">ganga fr\u00e1 skr\u00e1ningu h\u00e9r<\/a>.<\/p>","protected":false},"excerpt":{"rendered":"<p>\u00cd byrjun okt\u00f3ber hefst leiklistarn\u00e1mskei\u00f0 \u00e1 vegum Leikf\u00e9lags K\u00f3pavogs sem \u00e6tla\u00f0 er n\u00fdli\u00f0um og f\u00f3lki me\u00f0 minni leikreynslu. Fari\u00f0 ver\u00f0ur \u00ed \u00fdmis grunnatri\u00f0i svi\u00f0sleiks og \u00e1hersla l\u00f6g\u00f0 \u00e1 prakt\u00edska n\u00e1lgun. Lei\u00f0beinandi \u00e1 n\u00e1mskei\u00f0inu er H\u00f6r\u00f0ur Sigur\u00f0arson sem kennt hefur \u00e1 svipu\u00f0um n\u00e1mskei\u00f0um hj\u00e1 leikf\u00e9laginu undanfarin \u00e1r. N\u00e1mskei\u00f0i\u00f0 ver\u00f0ur 18 klst. \u00ed heildina, 3 klst. \u00ed [&hellip;]<\/p>\n","protected":false},"author":3,"featured_media":9836,"comment_status":"closed","ping_status":"closed","sticky":false,"template":"","format":"standard","meta":{"_et_pb_use_builder":"","_et_pb_old_content":"","_et_gb_content_width":"","footnotes":""},"categories":[187,200,213],"tags":[],"class_list":["post-9834","post","type-post","status-publish","format-standard","has-post-thumbnail","hentry","category-allar-frir","category-markvert","category-vikupostur","et-has-post-format-content","et_post_format-et-post-format-standard"],"_links":{"self":[{"href":"https:\/\/leiklist.is\/en\/wp-json\/wp\/v2\/posts\/9834","targetHints":{"allow":["GET"]}}],"collection":[{"href":"https:\/\/leiklist.is\/en\/wp-json\/wp\/v2\/posts"}],"about":[{"href":"https:\/\/leiklist.is\/en\/wp-json\/wp\/v2\/types\/post"}],"author":[{"embeddable":true,"href":"https:\/\/leiklist.is\/en\/wp-json\/wp\/v2\/users\/3"}],"replies":[{"embeddable":true,"href":"https:\/\/leiklist.is\/en\/wp-json\/wp\/v2\/comments?post=9834"}],"version-history":[{"count":0,"href":"https:\/\/leiklist.is\/en\/wp-json\/wp\/v2\/posts\/9834\/revisions"}],"wp:featuredmedia":[{"embeddable":true,"href":"https:\/\/leiklist.is\/en\/wp-json\/"}],"wp:attachment":[{"href":"https:\/\/leiklist.is\/en\/wp-json\/wp\/v2\/media?parent=9834"}],"wp:term":[{"taxonomy":"category","embeddable":true,"href":"https:\/\/leiklist.is\/en\/wp-json\/wp\/v2\/categories?post=9834"},{"taxonomy":"post_tag","embeddable":true,"href":"https:\/\/leiklist.is\/en\/wp-json\/wp\/v2\/tags?post=9834"}],"curies":[{"name":"wp","href":"https:\/\/api.w.org\/{rel}","templated":true}]}}