{"id":961,"date":"2006-10-19T09:47:06","date_gmt":"2006-10-19T09:47:06","guid":{"rendered":"http:\/\/wp.leiklist.is\/?p=961"},"modified":"2006-10-19T09:47:06","modified_gmt":"2006-10-19T09:47:06","slug":"amadeus-orgarleikhu","status":"publish","type":"post","link":"https:\/\/leiklist.is\/en\/amadeus-orgarleikhu\/","title":{"rendered":"Amadeus \u00ed Borgarleikh\u00fasinu"},"content":{"rendered":"<p>Amadeus eftir Peter Shaffer ver&eth;ur frums\u00fdnt \u00e1 st\u00f3ra svi&eth;i Borgarleikh\u00fassins laugardaginn 21. okt\u00f3ber kl. 20.00. Leikstj\u00f3ri er Stef\u00e1n Baldursson<\/p>\n<p> Verki&eth; fjallar um samband&nbsp; Wolfgang Amadeus Mozart og Antonio Salieri, hir&eth;t\u00f3nsk\u00e1ld Austur\u00edska keisarans \u00e1 s\u00ed&eth;ari hluta \u00e1tj\u00e1ndu aldar. Verki&eth; byggir \u00e1 s&ouml;gus&ouml;gnum um dulafullan dau&eth;a Mozarts og &thorn;\u00e1tt Salieri \u00ed honum. Salieri kvelst af afbr\u00fd&eth;i \u00fat \u00ed hinn unga snilling. Afbr\u00fd&eth;in dregur hann til andstyggilegra a&eth;ger&eth;a til a&eth; koma Amadeusi \u00e1 kn&eacute; og loks \u00ed dau&eth;ann. En hvor &thorn;eirra sigrar a&eth; lokum?<\/p>\n<p> <!--more--> Leikarar:<br \/> Hilmir Sn&aelig;r Gu&eth;nason: Salieri&nbsp; <br \/> V\u00ed&eth;ir Gu&eth;mundsson: Mozart<br \/> Birgitta Birgisd\u00f3ttir: Konstansa<br \/> Ellert Ingimundarson, J\u00f3hanna Vigd\u00eds Arnard\u00f3ttir, P&eacute;tur Einarsson, The\u00f3d\u00f3r J\u00fal\u00edusson:<br \/> Halld\u00f3r Gylfason, Sigr\u00fan Edda Bj&ouml;rnsd\u00f3ttir, Gunnar Hansson, Orri Huginn \u00c1g\u00fastsson.<br \/> &nbsp;<br \/> Leikstj\u00f3rn: Stef\u00e1n Baldursson<br \/> T\u00f3nlist: W.A Mozart og A.Salieri<br \/> &THORN;\u00fd&eth;ing: Valgar&eth;ur Egilsson og Katr\u00edn Fjeldsted<br \/> Leikmynd: &THORN;\u00f3runn Sigr\u00ed&eth;ur &THORN;orgr\u00edmsd\u00f3ttir<br \/> B\u00faningar: Helga I. Stef\u00e1nsd\u00f3ttir<br \/> L\u00fdsing: Halld\u00f3r &Ouml;rn \u00d3skarsson<br \/> Hlj\u00f3&eth;: \u00d3lafur &Ouml;rn Thoroddsen<br \/> S\u00fdningastj\u00f3rn:&nbsp;&nbsp; Anna P\u00e1la Kristj\u00e1nsd\u00f3ttir<\/p>","protected":false},"excerpt":{"rendered":"<p>Amadeus eftir Peter Shaffer ver&eth;ur frums\u00fdnt \u00e1 st\u00f3ra svi&eth;i Borgarleikh\u00fassins laugardaginn 21. okt\u00f3ber kl. 20.00. Leikstj\u00f3ri er Stef\u00e1n Baldursson Verki&eth; fjallar um samband&nbsp; Wolfgang Amadeus Mozart og Antonio Salieri, hir&eth;t\u00f3nsk\u00e1ld Austur\u00edska keisarans \u00e1 s\u00ed&eth;ari hluta \u00e1tj\u00e1ndu aldar. Verki&eth; byggir \u00e1 s&ouml;gus&ouml;gnum um dulafullan dau&eth;a Mozarts og &thorn;\u00e1tt Salieri \u00ed honum. Salieri kvelst af afbr\u00fd&eth;i \u00fat [&hellip;]<\/p>\n","protected":false},"author":3,"featured_media":960,"comment_status":"open","ping_status":"open","sticky":false,"template":"","format":"standard","meta":{"_et_pb_use_builder":"","_et_pb_old_content":"","_et_gb_content_width":"","footnotes":""},"categories":[187],"tags":[],"class_list":["post-961","post","type-post","status-publish","format-standard","has-post-thumbnail","hentry","category-allar-frir","et-has-post-format-content","et_post_format-et-post-format-standard"],"_links":{"self":[{"href":"https:\/\/leiklist.is\/en\/wp-json\/wp\/v2\/posts\/961","targetHints":{"allow":["GET"]}}],"collection":[{"href":"https:\/\/leiklist.is\/en\/wp-json\/wp\/v2\/posts"}],"about":[{"href":"https:\/\/leiklist.is\/en\/wp-json\/wp\/v2\/types\/post"}],"author":[{"embeddable":true,"href":"https:\/\/leiklist.is\/en\/wp-json\/wp\/v2\/users\/3"}],"replies":[{"embeddable":true,"href":"https:\/\/leiklist.is\/en\/wp-json\/wp\/v2\/comments?post=961"}],"version-history":[{"count":0,"href":"https:\/\/leiklist.is\/en\/wp-json\/wp\/v2\/posts\/961\/revisions"}],"wp:featuredmedia":[{"embeddable":true,"href":"https:\/\/leiklist.is\/en\/wp-json\/"}],"wp:attachment":[{"href":"https:\/\/leiklist.is\/en\/wp-json\/wp\/v2\/media?parent=961"}],"wp:term":[{"taxonomy":"category","embeddable":true,"href":"https:\/\/leiklist.is\/en\/wp-json\/wp\/v2\/categories?post=961"},{"taxonomy":"post_tag","embeddable":true,"href":"https:\/\/leiklist.is\/en\/wp-json\/wp\/v2\/tags?post=961"}],"curies":[{"name":"wp","href":"https:\/\/api.w.org\/{rel}","templated":true}]}}