{"id":927,"date":"2006-09-22T14:50:44","date_gmt":"2006-09-22T14:50:44","guid":{"rendered":"http:\/\/wp.leiklist.is\/?p=927"},"modified":"2006-09-22T14:50:44","modified_gmt":"2006-09-22T14:50:44","slug":"leikritunarnkeieikfgi-kogs","status":"publish","type":"post","link":"https:\/\/leiklist.is\/en\/leikritunarnkeieikfgi-kogs\/","title":{"rendered":"Leikritunarn\u00e1mskei\u00f0 hj\u00e1 Leikf\u00e9lagi K\u00f3pavogs"},"content":{"rendered":"<p><img loading=\"lazy\" decoding=\"async\" src=\"http:\/\/www.leiklist.is\/10\/images\/stories\/Folk\/Leikskald\/hrefnafridriks.jpg\" width=\"150\" height=\"185\" style=\"float: right;\" hspace=\"6\" alt=\"Image\" title=\"Image\" border=\"0\" \/>Leikf&eacute;lag K\u00f3pavogs ver&eth;ur me&eth; n\u00e1mske&eth; \u00ed leikritun br\u00e1&eth;lega og stj\u00f3rn &thorn;ess ver&eth;ur \u00ed styrkum h&ouml;ndum Hrefnu Fri&eth;riksd\u00f3ttur. \u00c1 n\u00e1mskei&eth;inu ver&eth;ur fari&eth; \u00ed leikritun og ver&eth;ur sj\u00f3num einkum beint a&eth; skrifum \u00e1 styttri verkum\/ein&thorn;\u00e1ttungum. <!--more--> N\u00e1mskei&eth;i&eth; ver&eth;ur 30 klst. og ver&eth;ur \u00e1 eftirfarandi t\u00edmum:<\/p>\n<p>Laugardaginn 23. september kl. 10-16<br \/>Sunnudaginn 24. september kl. 10-16<br \/>&THORN;ri&eth;judaginn 3. okt\u00f3ber kl. 20-23 (getur breyst)<br \/>Laugardaginn 7. okt\u00f3ber kl. 10-16<br \/>Sunnudaginn 8. okt\u00f3ber kl. 10-16<br \/>Fimmtudagurinn 12. okt\u00f3ber kl. 20-23<\/p>\n<p>&THORN;etta ver&eth;a semsagt tv&aelig;r helgar og tveir dagar.<br \/>N\u00e1mskei&eth;i&eth; kostar ekkert fyrir f&eacute;lagsmenn en 3000 kr. fyrir a&eth;ra, og f&eacute;lagsmenn hafa forgang vi&eth; innritun \u00e1 n\u00e1mskei&eth;i&eth;. &THORN;eir sem ekki hafa enn greitt f&eacute;lagsgj&ouml;ldin &aelig;ttu &thorn;v\u00ed a&eth; gera &thorn;a&eth; hi&eth; snarasta.<\/p>\n<p>&THORN;\u00e1ttt&ouml;kubei&eth;nir og fyrirspurnir skal senda \u00e1 netfangi&eth; gisli@verslo.is. <\/p>","protected":false},"excerpt":{"rendered":"<p>Leikf&eacute;lag K\u00f3pavogs ver&eth;ur me&eth; n\u00e1mske&eth; \u00ed leikritun br\u00e1&eth;lega og stj\u00f3rn &thorn;ess ver&eth;ur \u00ed styrkum h&ouml;ndum Hrefnu Fri&eth;riksd\u00f3ttur. \u00c1 n\u00e1mskei&eth;inu ver&eth;ur fari&eth; \u00ed leikritun og ver&eth;ur sj\u00f3num einkum beint a&eth; skrifum \u00e1 styttri verkum\/ein&thorn;\u00e1ttungum.<\/p>","protected":false},"author":3,"featured_media":0,"comment_status":"open","ping_status":"open","sticky":false,"template":"","format":"standard","meta":{"_et_pb_use_builder":"","_et_pb_old_content":"","_et_gb_content_width":"","footnotes":""},"categories":[187],"tags":[],"class_list":["post-927","post","type-post","status-publish","format-standard","hentry","category-allar-frir","et-doesnt-have-format-content","et_post_format-et-post-format-standard"],"_links":{"self":[{"href":"https:\/\/leiklist.is\/en\/wp-json\/wp\/v2\/posts\/927","targetHints":{"allow":["GET"]}}],"collection":[{"href":"https:\/\/leiklist.is\/en\/wp-json\/wp\/v2\/posts"}],"about":[{"href":"https:\/\/leiklist.is\/en\/wp-json\/wp\/v2\/types\/post"}],"author":[{"embeddable":true,"href":"https:\/\/leiklist.is\/en\/wp-json\/wp\/v2\/users\/3"}],"replies":[{"embeddable":true,"href":"https:\/\/leiklist.is\/en\/wp-json\/wp\/v2\/comments?post=927"}],"version-history":[{"count":0,"href":"https:\/\/leiklist.is\/en\/wp-json\/wp\/v2\/posts\/927\/revisions"}],"wp:attachment":[{"href":"https:\/\/leiklist.is\/en\/wp-json\/wp\/v2\/media?parent=927"}],"wp:term":[{"taxonomy":"category","embeddable":true,"href":"https:\/\/leiklist.is\/en\/wp-json\/wp\/v2\/categories?post=927"},{"taxonomy":"post_tag","embeddable":true,"href":"https:\/\/leiklist.is\/en\/wp-json\/wp\/v2\/tags?post=927"}],"curies":[{"name":"wp","href":"https:\/\/api.w.org\/{rel}","templated":true}]}}