{"id":9223,"date":"2017-05-22T10:25:36","date_gmt":"2017-05-22T10:25:36","guid":{"rendered":"https:\/\/leiklist.is\/?p=9223"},"modified":"2020-03-08T14:44:16","modified_gmt":"2020-03-08T14:44:16","slug":"fundargerd-adalfundar-6-mai-2017","status":"publish","type":"post","link":"https:\/\/leiklist.is\/en\/fundargerd-adalfundar-6-mai-2017\/","title":{"rendered":"Fundarger\u00f0 a\u00f0alfundar 6. ma\u00ed 2017 \u00ed \u00d6lfusi"},"content":{"rendered":"<p class=\"p1\"><b>A\u00f0alfundur Bandalags \u00edslenskra leikf\u00e9laga,<br \/>\n<\/b><b>haldinn a\u00f0 H\u00f3tel Hl\u00ed\u00f0 \u00ed \u00d6lfusi laugardaginn 6. ma\u00ed 2017<\/b><\/p>\n<p class=\"p4\">Fundur settur kl. 9.00<\/p>\n<p class=\"p4\"><b><i>1. Fundarsetning. Kosning 2ja fundarstj\u00f3ra og 2ja fundarritara, sem taka \u00feegar til starfa. L\u00f6gm\u00e6ti fundarins kanna\u00f0.<\/i><\/b><\/p>\n<p class=\"p4\">Hulda Gunnarsd\u00f3ttir fr\u00e1 Leikf\u00e9lagi \u00d6lfuss og Magn\u00fas J. Magn\u00fasson fr\u00e1 Leikf\u00e9lagi Selfoss eru skipa\u00f0ir fundarstj\u00f3rar og Salbj\u00f6rg Engilbertsd\u00f3ttir fr\u00e1 Leikf\u00e9lagi H\u00f3lmav\u00edkur og J\u00f3nhei\u00f0ur \u00cdsleifsd\u00f3ttir Leikf\u00e9lagi Selfoss eru skipa\u00f0ar fundarritarar. L\u00f6gm\u00e6ti fundarins sannreynt.<\/p>\n<p class=\"p4\"><b><i>2. Kj\u00f6rnefnd afgrei\u00f0ir kj\u00f6rbr\u00e9f og afhendir atkv\u00e6\u00f0aspj\u00f6ld, sk\u00fdrir st\u00f6\u00f0u m\u00e1la var\u00f0andi stj\u00f3rnarkj\u00f6r og augl\u00fdsir eftir till\u00f6gum. <\/i><\/b><\/p>\n<p class=\"p4\">D\u00fdrleif J\u00f3nsd\u00f3ttir, Hugleik talar fyrir h\u00f6nd kj\u00f6rnefndar og dreifir atkv\u00e6\u00f0um til fundarmanna.<\/p>\n<p class=\"p4\"><b><i>3. Menningarstefna Bandalagsins lesin og r\u00e6dd.<\/i><\/b><\/p>\n<p class=\"p4\">Embla Gu\u00f0mundsd\u00f3ttir, Umf. Reyk\u00e6la, las hana fyrir fundargesti. Engar umr\u00e6\u00f0ur voru um Menningarstefnuna.<\/p>\n<p class=\"p4\">\u00cd framhaldi af kynningunni st\u00f3\u00f0u fundargestir upp og kynntu sig.<\/p>\n<p class=\"p4\"><b><i>4. Sta\u00f0fest inntaka n\u00fdrra f\u00e9laga, f\u00e9l\u00f6g tekin af f\u00e9lagaskr\u00e1.<\/i><\/b><\/p>\n<p class=\"p4\">\u00der\u00e1inn Sigvaldason, Leikf\u00e9lagi H\u00f6rgd\u00e6la, kynnti a\u00f0 Leikkl\u00fabburinn Krafla \u00ed Hr\u00edsey og Leikf\u00e9lag Bolungarv\u00edkur hef\u00f0u gengi\u00f0 \u00far Bandalaginu \u00e1 leik\u00e1rinu en engin starfsemi hefur veri\u00f0 undanfari\u00f0 hj\u00e1 \u00feessum f\u00e9l\u00f6gum. Leikdeild Ungmennaf\u00e9lags Stafholtstungna gekk \u00ed Bandalagi\u00f0.<\/p>\n<p class=\"p4\">Eftir \u00feetta eru f\u00e9l\u00f6gin samtals 53 talsins.<\/p>\n<p class=\"p4\"><b><i> 5. Fundarger\u00f0 s\u00ed\u00f0asta a\u00f0alfundar afgreidd<\/i><\/b>.<\/p>\n<p class=\"p4\">Fundarstj\u00f3ri bar hana upp. Sam\u00feykkt.<\/p>\n<p class=\"p4\"><b><i> 6. Sk\u00fdrsla stj\u00f3rnar.<\/i><\/b><\/p>\n<p class=\"p4\">Gu\u00f0finna forma\u00f0ur flytur:<\/p>\n<p class=\"p4\"><i>Sk\u00fdrsla stj\u00f3rnar Bandalags \u00edslenskra leikf\u00e9laga \u00e1 a\u00f0alfundi \u00ed H\u00f3tel Hl\u00ed\u00f0, \u00d6lfusi 6. ma\u00ed 2017<\/i><\/p>\n<p class=\"p4\"><i>I. Stj\u00f3rn<\/i><\/p>\n<p class=\"p4\">\u00c1 starfs\u00e1rinu skipu\u00f0u stj\u00f3rn \u00feau:<br \/>\nGu\u00f0finna Gunnarsd\u00f3ttir, Selfossi, forma\u00f0ur<br \/>\n\u00d3l\u00f6f \u00de\u00f3r\u00f0ard\u00f3ttir, Mosfellsb\u00e6, varaforma\u00f0ur<br \/>\n\u00der\u00e1inn Sigvaldason, H\u00f6rg\u00e1rdal, ritari<br \/>\nBernhar\u00f0 Arnarsson, H\u00f6rg\u00e1rdal, me\u00f0stj\u00f3rnandi<br \/>\nG\u00edsli Bj\u00f6rn Heimisson, Reykjav\u00edk, me\u00f0stj\u00f3rnandi.<\/p>\n<p class=\"p4\">\u00cd varastj\u00f3rn s\u00e1tu:<br \/>\n\u00der\u00fa\u00f0ur Sigur\u00f0ard\u00f3ttir, Salbj\u00f6rg Engilbertsd\u00f3ttir, \u00c1g\u00fast T. Magn\u00fasson, Embla Gu\u00f0mundsd\u00f3ttir og Sigr\u00ed\u00f0ur Hafsteinsd\u00f3ttir.<\/p>\n<p class=\"p4\">Framkv\u00e6mdastj\u00f3ri og altmuligmanneskja \u00ed \u00dej\u00f3nustumi\u00f0st\u00f6\u00f0 er og var sem endran\u00e6r Vilborg Valgar\u00f0sd\u00f3ttir.<\/p>\n<p class=\"p4\">Stj\u00f3rn h\u00e9lt fj\u00f3ra starfsfundi \u00e1 \u00e1rinu. Einn a\u00f0 afloknum a\u00f0alfundi \u00e1 Sey\u00f0isfir\u00f0i og \u00ferj\u00e1 \u00ed \u00fej\u00f3nustumi\u00f0st\u00f6\u00f0 okkar \u00ed Reykjav\u00edk. Fjarfundarb\u00fana\u00f0ur var nota\u00f0ur endrum og sinnum me\u00f0 g\u00f3\u00f0um \u00e1rangri \u00feegar ritari vor \u00der\u00e1inn \u00e1tti ekki heimangengt. Einnig hafa s\u00edmt\u00e6ki, f\u00e9sb\u00f3karh\u00f3pur og t\u00f6lvup\u00f3stur veri\u00f0 n\u00fdtt til g\u00f3\u00f0ra samskipta stj\u00f3rnarmanna \u00e1ri\u00f0 um kring.<\/p>\n<p class=\"p4\">\u00c1rmann Gu\u00f0mundsson var svo v\u00e6nn a\u00f0 leysa Vilborgu af \u00ed \u00dej\u00f3nustumi\u00f0st\u00f6\u00f0 vegna veikinda e\u00f0a leyfa.<\/p>\n<p class=\"p4\">Er starfsf\u00f3lki og stj\u00f3rn \u00fe\u00f6kku\u00f0 g\u00f3\u00f0 samvinna og vinnusemi \u00e1 \u00e1rinu.<\/p>\n<p class=\"p4\"><i>II. Starfsemi f\u00e9laganna<\/i><\/p>\n<p class=\"p4\">36 a\u00f0ildarf\u00e9l\u00f6g Bandalagsins sendu inn styrkums\u00f3knir fyrir alls 112 leiks\u00fdningar og leik\u00fe\u00e6tti, 25 n\u00e1mskei\u00f0 og 29 sk\u00f3lanemendur fyrir leik\u00e1ri\u00f0 2015-2016. Fullur styrkur reyndist vera 273.839 kr\u00f3nur. \u00c1rsriti\u00f0 okkar inniheldur s\u00ed\u00f0an allar frekari uppl\u00fdsingar um starfsemina. Ekki liggja fyrir t\u00f6lur um umfang starfsins \u00e1 \u00feessu leik\u00e1ri en engin \u00e1st\u00e6\u00f0a til a\u00f0 \u00e6tla anna\u00f0 en \u00fea\u00f0 s\u00e9 svipa\u00f0 og veri\u00f0 hefur. F\u00e9l\u00f6gin \u00ed Bandalaginu eru n\u00fa 53 talsins.<\/p>\n<p class=\"p4\"><i>III. Starfs\u00e1\u00e6tlun<\/i><\/p>\n<p class=\"p4\">\u00c1 s\u00ed\u00f0asta a\u00f0alfundi var a\u00f0 venju sam\u00feykkt starfs\u00e1\u00e6tlun og og ver\u00f0ur n\u00fa fari\u00f0 yfir hana og sagt fr\u00e1 hva\u00f0 gert var til a\u00f0 efna einstaka li\u00f0i hennar.<\/p>\n<p class=\"p4\"><i>1.Rekstur \u00fej\u00f3nustumi\u00f0st\u00f6\u00f0var, Leiklistarsk\u00f3la, Leiklistarvefsins og annarra fastra li\u00f0a \u00ed starfseminni.<\/i><\/p>\n<p class=\"p4\">Rekstur \u00fej\u00f3nustumi\u00f0st\u00f6\u00f0var er alltaf \u00ed j\u00e1rnum, en Vilborg framkv\u00e6mdastj\u00f3ri er \u00f3tr\u00falega \u00fatsj\u00f3nars\u00f6m og heldur fast og vel utan um reksturinn me\u00f0 sinni styrku stj\u00f3rn eins og sj\u00e1 m\u00e1 \u00ed reikningum Bandalagsins sem kynntir ver\u00f0a h\u00e9r \u00e1 eftir.<\/p>\n<p class=\"p4\">Um sk\u00f3lann og vefinn munu fulltr\u00faar vi\u00f0komandi nefnda fjalla \u00ed s\u00ednum sk\u00fdrslum.<\/p>\n<p class=\"p4\">N\u00fdtt rafr\u00e6nt ums\u00f3knarkerfi hefur n\u00fa veri\u00f0 keyrt einu sinni og ver\u00f0a framvegis allar ums\u00f3knir afgreiddar \u00ed gegnum \u00feetta kerfi sem mun gera alla ums\u00fdslu grei\u00f0ari og au\u00f0veldari fyrir b\u00e6\u00f0i f\u00e9l\u00f6gin og skrifstofuna.<\/p>\n<p class=\"p4\"><i>2. Leita eftir h\u00e6kku\u00f0um framl\u00f6gum \u00far opinberum sj\u00f3\u00f0um og fr\u00e1 einkaa\u00f0ilum til starfsemi \u00e1hugaleikf\u00e9laganna og sameiginlegra verkefna.<\/i><\/p>\n<p class=\"p4\">Framlag til starfsemi \u00e1hugaleikf\u00e9laganna er n\u00fa 16,2 milj. kr. Til \u00fej\u00f3nustumi\u00f0st\u00f6\u00f0varinnar er framlagi\u00f0 6 milj. kr. \u00e1 \u00e1ri samkv\u00e6mt samningi sem gildir til loka \u00e1rsins 2018. Vi\u00f0 b\u00ed\u00f0um spennt eftir \u00fev\u00ed a\u00f0 hitta n\u00fdjan r\u00e1\u00f0herra menningar og munum freista \u00feess a\u00f0 kynna okkar m\u00e1lefni fyrir honum \u00e1 haustd\u00f6gum. Eftir \u00e1ram\u00f3t \u00feurfum vi\u00f0 svo a\u00f0 vinna a\u00f0 endurn\u00fdjun samnings vegna reksturs skrifstofunnar.<\/p>\n<p class=\"p4\">S\u00e9rverkefni \u00e1rsins<\/p>\n<p class=\"p4\"><i>1. A\u00f0 haldi\u00f0 ver\u00f0i n\u00e1mskei\u00f0 \u00ed stj\u00f3rnun leikf\u00e9laga og marka\u00f0ssetningu samhli\u00f0a a\u00f0alfundi 2017<\/i>.<\/p>\n<p class=\"p4\">T\u00e9\u00f0 n\u00e1mskei\u00f0 var haldi\u00f0 \u00ed g\u00e6rkv\u00f6ldi h\u00e9r \u00e1 H\u00f3tel Hl\u00ed\u00f0. \u00dea\u00f0 gekk mj\u00f6g vel.<\/p>\n<p class=\"p4\"><i>2. A\u00f0 halda afm\u00e6lish\u00e1t\u00ed\u00f0 \u00ed tilefni af 20 \u00e1ra afm\u00e6li Leiklistarsk\u00f3la Bandalagsins vori\u00f0 2017.<\/i><\/p>\n<p class=\"p4\">H\u00e1t\u00ed\u00f0in f\u00f3r fram laugardaginn 18. mars \u00ed Hl\u00e9gar\u00f0i \u00ed Mosfellsb\u00e6. \u00deanga\u00f0 m\u00e6ttu fyrrum nemendur og kennarar, \u00e1tu, drukku, rifju\u00f0u upp og voru gl\u00f6\u00f0. Er sk\u00f3lanefndarme\u00f0limum \u00feakka\u00f0 fyrir alla vinnu vi\u00f0 h\u00e1t\u00ed\u00f0ina.<\/p>\n<p class=\"p4\"><i>IV \u2013 \u00d6nnur m\u00e1l<\/i><\/p>\n<p class=\"p4\">Uppf\u00e6rsla Leikf\u00e9lags Hafnarfjar\u00f0ar \u00e1 Ekkert a\u00f0 \u00f3ttast eftir 12 h\u00f6funda \u00far h\u00f6fundasmi\u00f0ju LH var valin Athyglisver\u00f0asta \u00e1hugaleiks\u00fdning leik\u00e1rsins af valnefnd \u00dej\u00f3\u00f0leikh\u00fassins og var h\u00fan s\u00fdnd \u00ed Kassanum \u00ed \u00dej\u00f3\u00f0leikh\u00fasinu 4. j\u00fan\u00ed vi\u00f0 g\u00f3\u00f0an or\u00f0st\u00edr. \u00cd \u00e1r eru s\u00fdningarnar t\u00f3lf sem vali\u00f0 ver\u00f0ur milli og mun fulltr\u00fai \u00dej\u00f3\u00f0leikh\u00fassins tilkynna um \u00fea\u00f0 undir bor\u00f0um \u00ed Hl\u00ed\u00f0 \u00ed kv\u00f6ld.<\/p>\n<p class=\"p4\">Af erlendum vettvangi m\u00e1 geta \u00feess a\u00f0 s\u00fdning Leikf\u00e9lags Hafnarfjar\u00f0ar, Ubbi k\u00f3ngur, \u00ed leikstj\u00f3rn \u00c1g\u00fastu Sk\u00falad\u00f3ttur var valin til s\u00fdningar \u00e1 st\u00f3rri leiklistarh\u00e1t\u00ed\u00f0 \u00ed Austurr\u00edki li\u00f0i\u00f0 sumar og var s\u00fdningunni hr\u00f3sa\u00f0 mj\u00f6g. \u00deess ber einnig a\u00f0 geta a\u00f0 Ubbi k\u00f3ngur var einnig valin til \u00fe\u00e1ttt\u00f6ku \u00e1 IATA\/AITA al\u00fej\u00f3\u00f0legu leiklistarh\u00e1t\u00ed\u00f0inni \u00ed M\u00f3nak\u00f3 sem fer fram seinni hluta \u00e1g\u00fastm\u00e1na\u00f0ar. Forma\u00f0ur og framkv\u00e6mdastj\u00f3ri munu s\u00e6kja a\u00f0alfund IATA\/AITA \u00ed M\u00f3nak\u00f3, en fundurinn er gr\u00ed\u00f0arlega mikilv\u00e6gur \u00fear sem l\u00f6g\u00f0 ver\u00f0ur fram heildarbreyting \u00e1 l\u00f6gum samtakanna og mikilv\u00e6gt a\u00f0 okkar r\u00f6dd heyrist \u00fear. \u00c1 sama t\u00edma ver\u00f0ur einnig \u00e1rsfundur NEATA.<\/p>\n<p class=\"p4\">Hafnfir\u00f0ingar t\u00f3ku einnig \u00fe\u00e1tt \u00ed stuttverkah\u00e1t\u00ed\u00f0 NEATA sem haldin var \u00ed F\u00e6reyjum \u00ed okt\u00f3ber, \u00fear fluttu \u00feau verki\u00f0 Dimmalimm vi\u00f0 mikinn f\u00f6gnu\u00f0 \u00e1horfenda. Undirritu\u00f0 getur bori\u00f0 \u00feessu vitni, en forma\u00f0ur sat \u00e1rsfund NEATA \u00e1 t\u00e9\u00f0ri stuttverkah\u00e1t\u00ed\u00f0, en h\u00e1t\u00ed\u00f0in var st\u00f3rskemmtileg, Eystrasaltsr\u00edkin t\u00f3ku \u00fe\u00e1tt og voru spennt a\u00f0 takast \u00e1 vi\u00f0 stuttverkaformi\u00f0 sem og h\u00f3par fr\u00e1 F\u00e6reyjum, Sv\u00ed\u00fej\u00f3\u00f0, Danm\u00f6rku og Finnlandi. Skemmtilegt hef\u00f0i veri\u00f0 ef a\u00f0 fleiri f\u00e9l\u00f6g fr\u00e1 okkur hef\u00f0u veri\u00f0 me\u00f0, \u00fear sem stuttverkahef\u00f0in sprettur \u00far okkar ranni og a\u00f0rir hafa fylgt \u00e1 eftir. Gerum meira n\u00e6st.<\/p>\n<p class=\"p4\">Fundurinn f\u00f3r miki\u00f0 \u00ed umr\u00e6\u00f0ur um fyrrnefndar breytingar \u00e1 l\u00f6gum IATA\/AITA, en einnig var r\u00e6tt um vandr\u00e6\u00f0i Nor\u00f0manna, en \u00feeirra Bandalagsskrifstofa loka\u00f0i, \u00fea\u00f0 stendur til b\u00f3ta. Einnig hafa Skotar l\u00fdst yfir \u00e1huga \u00e1 a\u00f0 ganga til li\u00f0s vi\u00f0 NEATA, \u00fea\u00f0 v\u00e6ri skemmtilegt a\u00f0 f\u00e1 \u00fe\u00e1 inn \u00ed samt\u00f6kin.<\/p>\n<p class=\"p4\">Mar\u00eda Bj\u00f6rt \u00c1rmannsd\u00f3ttir er fulltr\u00fai okkar \u00ed NEATA Youth og mun s\u00e6kja fund fyrir okkar h\u00f6nd \u00ed Helsinki n\u00fana s\u00ed\u00f0ar \u00ed ma\u00edm\u00e1nu\u00f0i.<\/p>\n<p class=\"p4\">\u00deakka ber L\u00e9nsherra fyrir fr\u00e1b\u00e6rt starf n\u00fa sem endran\u00e6r, hans v\u00f6kula auga s\u00e9r til \u00feess a\u00f0 vi\u00f0 n\u00e1um a\u00f0 halda \u00ed vi\u00f0 n\u00fdjustu t\u00e6kni og passar a\u00f0 vi\u00f0 s\u00e9um uppdeitu\u00f0 og vistu\u00f0.<\/p>\n<p class=\"p4\">Sk\u00f3linn heldur \u00e1fram a\u00f0 \u00fer\u00f3ast og flytur sig um set \u00ed \u00e1r a\u00f0 Reykjask\u00f3la \u00ed Hr\u00fatafir\u00f0i. Vi\u00f0 kve\u00f0jum H\u00fanavelli, Sv\u00ednavatn og Reykjanibbu. \u00c1 n\u00e6sta \u00e1ri ver\u00f0a komin n\u00fd kennileiti. Flutningum fylgir spenna og \u00e1n\u00e6gja, en \u00feeir fela einnig \u00ed s\u00e9r aukavinnu fyrir sk\u00f3lanefndarf\u00f3lk og er \u00feeim og sk\u00f3last\u00fdrum \u00feakka\u00f0 fyrir vinnuna \u00ed \u00e1r og aftur til hamingju me\u00f0 afm\u00e6li\u00f0. Vi\u00f0 erum \u00f3endanlega stolt af sk\u00f3lanum og vinnunni sem \u00fear fer fram.<\/p>\n<p class=\"p4\">Stj\u00f3rn \u00feakkar ennfremur Vilborgu framkv\u00e6mdastj\u00f3ra fyrir fr\u00e1b\u00e6rt samstarf \u00e1 \u00e1rinu.<\/p>\n<p class=\"p4\">\u00dea\u00f0 er gott og gagnlegt a\u00f0 l\u00edta um \u00f6xl og sj\u00e1 hva\u00f0 f\u00e9l\u00f6gin hafa veri\u00f0 a\u00f0 gera \u00e1 \u00e1rinu me\u00f0 \u00fev\u00ed til d\u00e6mis a\u00f0 fletta \u00ed gegnum fr\u00e9ttir \u00e1 heimas\u00ed\u00f0unni okkar og sj\u00e1 hv\u00edl\u00edk fj\u00f6lbreytni og sk\u00f6punargle\u00f0i sprettur fram \u00ed \u00f6llum landshornum. Leikf\u00e9l\u00f6g sem legi\u00f0 hafa \u00ed dvala hafa lifna\u00f0 vi\u00f0 eftir hl\u00e9, \u00e1 me\u00f0an \u00f6nnur taka s\u00e9r p\u00e1su. Svona gengur \u00feetta. Krafturinn er ykkar. \u00dear sem er f\u00f3lk, \u00fear er h\u00e6gt a\u00f0 skapa.<\/p>\n<p class=\"p4\">Vi\u00f0 hvetjum ykkur til a\u00f0 leita til skrifstofunnar og okkar stj\u00f3rnarmanna me\u00f0 hva\u00f0 eina sem \u00fei\u00f0 eru\u00f0 a\u00f0 velta fyrir ykkur var\u00f0andi starfi\u00f0.<\/p>\n<p class=\"p4\">Leikum \u00e1fram \u2013 alltaf meira \u2013 aldrei a\u00f0 h\u00e6tta.<\/p>\n<p class=\"p5\"><i>Gu\u00f0finna Gunnarsd\u00f3ttir forma\u00f0ur.<\/i><\/p>\n<p class=\"p4\"><b><i>7.<span class=\"Apple-converted-space\">\u00a0 <\/span>Framkv\u00e6mdastj\u00f3ri leggur fram endursko\u00f0a\u00f0a reikninga s\u00ed\u00f0asta \u00e1rs og sk\u00fdrir \u00fe\u00e1.<\/i><\/b><\/p>\n<p class=\"p4\">Vilborg Valgar\u00f0sd\u00f3ttir kynnti reikningana. Tap \u00e1 eiginlegum rekstri var kr. 200.024 e\u00f0a kr. 234.769 minni en \u00e1ri\u00f0 \u00e1\u00f0ur.<\/p>\n<p class=\"p4\"><b><i>8. Umr\u00e6\u00f0ur um sk\u00fdrslu stj\u00f3rnar og afgrei\u00f0sla reikninga.<\/i><\/b><\/p>\n<p class=\"p4\">Elli fr\u00e1 Leikf\u00e9lagi Selfoss spyr hvert stefni, hvort vi\u00f0 s\u00e9um \u00e1 lei\u00f0 \u00ed h\u00f6fn e\u00f0a hvort \u00feetta ver\u00f0i svona n\u00e6stu \u00e1rin. Vilborg segist ekki vita \u00fea\u00f0 en a\u00f0 blikur \u00e1 lofti s\u00e9u \u00ed h\u00fasn\u00e6\u00f0ism\u00e1lum.<\/p>\n<p class=\"p4\">G\u00edsli Bj\u00f6rn fr\u00e1 Leikf\u00e9lagi Hafnarfjar\u00f0ar kom me\u00f0 \u00fe\u00e1 hugmynd a\u00f0 selja v\u00f6rur \u00e1 tilbo\u00f0i sem eru a\u00f0 renna \u00fat \u00e1 dagsetningu.<\/p>\n<p class=\"p4\"><i>Kj\u00f6rnefnd afgrei\u00f0ir kj\u00f6rse\u00f0la.<\/i><\/p>\n<p class=\"p4\"><i>Sk\u00fdrsla stj\u00f3rnar sam\u00feykkt me\u00f0 yfirgn\u00e6fandi meirihluta.<\/i><\/p>\n<p class=\"p4\"><i>Reikningar B\u00cdL sam\u00feykktir samhlj\u00f3\u00f0a.<\/i><\/p>\n<p class=\"p4\"><b><i> 9. Sk\u00fdrslur nefnda og umr\u00e6\u00f0ur um \u00fe\u00e6r.<\/i><\/b><\/p>\n<p class=\"p4\">Hrefna Fri\u00f0riksd\u00f3ttir flytur sk\u00fdrslu sk\u00f3lanefndar Bandalagsins:<\/p>\n<p class=\"p4\">Sk\u00fdrsla sk\u00f3lanefndar \u00e1 a\u00f0alfundi B\u00cdL 6.-7. ma\u00ed 2017<\/p>\n<p class=\"p4\">\u00c1 li\u00f0nu starfs\u00e1ri s\u00e1tu me\u00f0 m\u00e9r \u00ed sk\u00f3lanefnd D\u00fdrleif J\u00f3nsd\u00f3ttir, Herd\u00eds \u00deorgeirsd\u00f3ttir, Hrund \u00d3lafsd\u00f3ttir og G\u00edsli Bj\u00f6rn Heimisson. Sk\u00f3lanefndin ber sem fyrr h\u00f6fu\u00f0\u00e1byrg\u00f0 \u00e1 a\u00f0 skipuleggja starf Leiklistarsk\u00f3la Bandalagsins og fundar reglulega allt \u00e1ri\u00f0. \u00c9g nota \u00feetta t\u00e6kif\u00e6ri til a\u00f0 \u00feakka k\u00e6rlega \u00f6llu samnefndarf\u00f3lki m\u00ednu fyrir metna\u00f0arfullt og skemmtilegt samstarf.<\/p>\n<p class=\"p4\">Leiklistarsk\u00f3li Bandalagsins var settur \u00ed 20. sinn \u00feann 4. j\u00fan\u00ed 2016 a\u00f0 H\u00fanav\u00f6llum \u00ed H\u00fanavatnshreppi. Sk\u00f3lann \u00e1ri\u00f0 2016 s\u00f3ttu alls 43 nemendur. N\u00e1mskei\u00f0in voru:<\/p>\n<p class=\"p4\">1. Leiklist I &#8211; kennari \u00c1g\u00fasta Sk\u00falad\u00f3ttir<br \/>\n2. Leikstj\u00f3rn II &#8211; kennari R\u00fanar Gu\u00f0brandsson<br \/>\n3. S\u00e9rn\u00e1mskei\u00f0 fyrir leikara &#8211; kennari Stephen Harper fr\u00e1 Bretlandi.<\/p>\n<p class=\"p4\">Ni\u00f0urst\u00f6\u00f0ur vi\u00f0horfsk\u00f6nnunar bentu eins og oftast \u00e1\u00f0ur til mikillar \u00e1n\u00e6gju me\u00f0 sk\u00f3lastarfi\u00f0.<\/p>\n<p class=\"p4\">Til a\u00f0 fagna 20 \u00e1runum var fyrrverandi sk\u00f3last\u00fdru og sk\u00f3lanefndarf\u00f3lki bo\u00f0i\u00f0 \u00ed heims\u00f3kn \u00ed sk\u00f3lann. Til a\u00f0 gefa fleira f\u00f3lki t\u00e6kif\u00e6ri til a\u00f0 gle\u00f0jast af \u00feessu tilefni var bl\u00e1si\u00f0 til s\u00e9rstakrar afm\u00e6lish\u00e1t\u00ed\u00f0ar Leiklistarsk\u00f3lans \u00feann 18. mars \u00ed Hl\u00e9gar\u00f0i \u00ed Mosfellsb\u00e6. Kom \u00fear saman d\u00e1g\u00f3\u00f0ur h\u00f3pur og naut \u00feess a\u00f0 rifja upp lj\u00fafar minningar um gott sk\u00f3lastarf.<\/p>\n<p class=\"p4\">\u00deegar vi\u00f0 fengum tilbo\u00f0 fr\u00e1 h\u00f3telhaldara a\u00f0 H\u00fanav\u00f6llum fyrir \u00e1ri\u00f0 2017 blasti vi\u00f0 mikil h\u00e6kkun sk\u00f3lagjalda, s\u00e9rstaklega \u00e1 \u00feeim t\u00edma sem vi\u00f0 t\u00f6ldum henta sk\u00f3lanum best. N\u00fa er rekin gistia\u00f0sta\u00f0a allt \u00e1ri\u00f0 um kring \u00e1 H\u00fanav\u00f6llum og \u00fear hefur aukist miki\u00f0 fer\u00f0amannastraumurinn eins og annars sta\u00f0ar \u00e1 landinu. Hugmynd kvikna\u00f0i um a\u00f0 flytja \u00ed Reykjask\u00f3la \u00ed Hr\u00fatafir\u00f0i, vi\u00f0 brunu\u00f0um \u00e1 sta\u00f0inn og n\u00e1\u00f0um hagst\u00e6\u00f0um og fars\u00e6lum samningum vi\u00f0 sta\u00f0arhaldara. \u00cd Reykjask\u00f3la eru reknar sk\u00f3lab\u00fa\u00f0ir fyrir grunnsk\u00f3lanemendur allan veturinn, sta\u00f0arhaldari k\u00e6rir sig ekki um reka h\u00f3tel \u00e1 sumrin en vill gjarnan taka \u00e1 m\u00f3ti h\u00f3pum og ekki s\u00edst sama h\u00f3pnum \u00e1r eftir \u00e1r. \u00dearna er miki\u00f0 og gott gistir\u00fdmi, \u00e1g\u00e6tt kennslur\u00fdmi og f\u00edn a\u00f0sta\u00f0a a\u00f0 flestu \u00f6\u00f0ru leyti, t.d. sundlaug, heitir pottar og gufuba\u00f0. A\u00f0sta\u00f0a fyrir fatla\u00f0 f\u00f3lk er ekki fullkomin en \u00fe\u00f3 a\u00f0 m\u00f6rgu leyti betri en a\u00f0 H\u00fanav\u00f6llum.Vi\u00f0 teljum okkur einstaklega heppin a\u00f0 hafa fundi\u00f0 \u00feennan sta\u00f0 og horfum bj\u00f6rtum augum fram \u00e1 a\u00f0 geta veri\u00f0 \u00fearna n\u00e6stu \u00e1rin.<\/p>\n<p class=\"p4\">\u00c1ri\u00f0 2017 ver\u00f0ur Leiklistarsk\u00f3linn sem sagt settur \u00ed Reykjask\u00f3la \u00feann 12. j\u00fan\u00ed. Sk\u00f3lasetning er \u00e1 m\u00e1nudagsmorgni a\u00f0 \u00feessu sinni og sk\u00f3laslit \u00e1 \u00feri\u00f0judegi vikunni \u00e1 eftir. \u00deetta er \u00f3venjulegur t\u00edmi sem r\u00e6\u00f0st af \u00feeim stutta fyrirvara sem vi\u00f0 h\u00f6f\u00f0um til stefnu. Okkur finnst spennandi a\u00f0 pr\u00f3fa \u00feetta en h\u00f6ldum \u00fev\u00ed opnu a\u00f0 fara a\u00f0rar lei\u00f0ir a\u00f0 \u00e1ri li\u00f0nu ef \u00fea\u00f0 er tali\u00f0 gefast betur. \u00cd sumar er bo\u00f0i\u00f0 upp \u00e1 \u00ferj\u00fa n\u00e1mskei\u00f0:<\/p>\n<p class=\"p4\">\u00c1g\u00fasta Sk\u00falad\u00f3ttir mun kenna Leiklist II \u2013 \u00fear eru skr\u00e1\u00f0ir 10 nemendur og vi\u00f0 viljum gjarnan b\u00e6ta vi\u00f0 fleirum &#8211; hvetjum alla vi\u00f0stadda til a\u00f0 \u00edhuga \u00fea\u00f0 vandlega hvort \u00fea\u00f0 eru ekki einhverjir leikf\u00e9lagar sem eiga erindi \u00e1 \u00feetta n\u00e1mskei\u00f0. \u00cd \u00feessu samhengi langar mig a\u00f0 geta \u00feess a\u00f0 sk\u00f3lanefndin \u00e1kva\u00f0 fyrir nokkrum \u00e1rum a\u00f0 breg\u00f0ast vi\u00f0 \u00e1skorun um a\u00f0 hafa \u00fe\u00e9ttari grunnn\u00e1mskei\u00f0 \u00ed leiklist &#8211; \u00fea\u00f0 er leiklist I og leiklist II til skiptis. \u00deetta h\u00f6fum vi\u00f0 gert fr\u00e1 2010 og \u00ed \u00e1r \u00fev\u00ed loki\u00f0 4 svona hrinum. N\u00fa veltum vi\u00f0 \u00fev\u00ed fyrir okkur hvort \u00e1st\u00e6\u00f0a er til a\u00f0 h\u00e6gja \u00e1 aftur og \u00fea\u00f0 er \u00ed umr\u00e6\u00f0unni a\u00f0 bj\u00f3\u00f0a ekki upp \u00e1 leiklist I sumari\u00f0 2018. \u00de\u00e1 gefst \u00e1 m\u00f3ti t\u00e6kif\u00e6ri til a\u00f0 vera me\u00f0 fj\u00f6lbreyttari s\u00e9rn\u00e1mskei\u00f0 fyrir lengra komna en \u00fea\u00f0 vir\u00f0ist t\u00f6luver\u00f0 eftirspurn eftir sl\u00edkum n\u00e1mskei\u00f0um. \u00dea\u00f0 v\u00e6ri gaman a\u00f0 f\u00e1 vi\u00f0br\u00f6g\u00f0 vi\u00f0 \u00feessu.<\/p>\n<p class=\"p4\">R\u00fanar Gu\u00f0brandsson mun st\u00fdra masterclass n\u00e1mskei\u00f0i \u00ed leikstj\u00f3rn \u00ed sumar &#8211; \u00fear eru skr\u00e1\u00f0ir 13 nemendur og h\u00e6gt a\u00f0 b\u00e6ta 1 vi\u00f0.<\/p>\n<p class=\"p4\">\u00deorsteinn Backmann kemur til okkar \u00ed fyrsta sinn og b\u00fd\u00f0ur upp \u00e1 s\u00e9rn\u00e1mskei\u00f0 fyrir leikara me\u00f0 \u00e1herslu \u00e1 sj\u00e1lfst\u00e6\u00f0i og frumsk\u00f6pun leikarans &#8211; \u00fear eru skr\u00e1\u00f0ir 15 nemendur og til greina kemur a\u00f0 b\u00e6ta 3 vi\u00f0.<\/p>\n<p class=\"p4\">\u00de\u00e1 bj\u00f3\u00f0um vi\u00f0 h\u00f6fundum a\u00f0 koma \u00ed heims\u00f3kn og eigum von \u00e1 alls 7 skapandi skrifurum.<\/p>\n<p class=\"p4\">H\u00e9r l\u00fdkur \u00fe\u00e1 sk\u00fdrslu sk\u00f3lanefndar sem hlakkar miki\u00f0 til a\u00f0 m\u00f3ta sk\u00f3lastarfi\u00f0 \u00e1 n\u00fdjum og spennandi sta\u00f0! Takk fyrir.<\/p>\n<p class=\"p5\"><i>Hrefna Fri\u00f0riksd\u00f3ttir.<\/i><\/p>\n<p class=\"p4\">Mikil \u00e1n\u00e6gja \u00far sal me\u00f0 n\u00fdja sta\u00f0setningu sk\u00f3lans a\u00f0 Reykjum \u00ed Hr\u00fatafir\u00f0i.<\/p>\n<p class=\"p4\">Sigr\u00ed\u00f0ur Hafsteinsd\u00f3ttir \u00feakkar sk\u00f3lanefnd fyrir st\u00f6rf s\u00edn og hvetur alla sem hafa ekki fari\u00f0 \u00ed sk\u00f3lann a\u00f0 koma. Me\u00f0al annars Huldu fundarstj\u00f3ra sem segist aldrei hafa fari\u00f0.<\/p>\n<p class=\"p4\">H\u00f6r\u00f0ur Sigur\u00f0arson flytur sk\u00fdrslu vefnefndar Leiklistarvefsins.<\/p>\n<p class=\"p4\">Leiklistarvefurinn &#8211; Sk\u00fdrsla vefnefndar 2017<br \/>\nL\u00f6g\u00f0 fram \u00e1 a\u00f0alfundi B\u00cdL \u00ed \u00d6lfusi 6.-7. ma\u00ed 2017<\/p>\n<p class=\"p4\">Eftirfarandi er sk\u00fdrsla vefnefndar Leiklistarvefsins. \u00cd vefnefnd sitja undirrita\u00f0ur og framkv\u00e6mdastj\u00f3ri Bandalagsins.<\/p>\n<p class=\"p4\">Engar st\u00f3rfr\u00e9ttir eru af Leiklistarvefnum a\u00f0 \u00feessu sinni mi\u00f0a\u00f0 vi\u00f0 undanfarin \u00e1r og er sk\u00fdrslan \u00fevi me\u00f0 styttra m\u00f3ti. Undanfarin 2 \u00e1r hafa einkennst af mikilli vinnu eftir uppf\u00e6rsluna st\u00f3ru sem ger\u00f0 var \u00e1ri\u00f0 2015 og au\u00f0vita\u00f0 ekki s\u00edst vi\u00f0 n\u00fdja ums\u00f3knakerfi\u00f0 en minna hefur veri\u00f0 um st\u00f3rar breytingar \u00ed \u00e1r. Vefurinn hefur \u00fe\u00f3 veri\u00f0 \u00ed s\u00edfelldu vi\u00f0haldi, \u00fear sem uppf\u00e6ra \u00fearf kerfi\u00f0 sj\u00e1lft og allar \u00fe\u00e6r fj\u00f6m\u00f6rgu vi\u00f0b\u00e6tur sem \u00fev\u00ed fylgja. Kosturinn vi\u00f0 n\u00fdja kerfi\u00f0 er vitaskuld s\u00e1 a\u00f0 ekki \u00fearf lengur a\u00f0 kaupa utana\u00f0komandi til a\u00f0 sj\u00e1 um allar m\u00f6gulegar uppf\u00e6rslur heldur eru \u00fe\u00e6r vanalega tilt\u00f6lulega einfaldar a\u00f0ger\u00f0ir. Sveigjanleikinn \u00ed kerfinu er \u00f3tr\u00faleg breyting fr\u00e1 \u00fev\u00ed sem \u00e1\u00f0ur var. Kosturinn sem fylgir \u00fev\u00ed a\u00f0 ekki \u00feurfi a\u00f0 kaupa vinnu a\u00f0 utan er \u00fe\u00f3 au\u00f0vita\u00f0 einnig galli \u00fear sem n\u00e1nast allt er n\u00fa gert innanh\u00fass. Vi\u00f0hald og umsj\u00f3n tekur mun meiri t\u00edma n\u00fa en \u00e1\u00f0ur enda er \u00f6ll virkni og notkun margfalt meiri en \u00e1\u00f0ur var.<\/p>\n<p class=\"p4\">Mesta vinnan og vi\u00f0haldi\u00f0 er \u00ed kringum ums\u00f3knakerfi\u00f0 sem krefst t\u00f6luver\u00f0s utanumhalds og vinnu. Ums\u00f3knakerfi er sennilega \u00f3heppilegt or\u00f0 \u00e1 \u00feessa vi\u00f0b\u00f3t vi\u00f0 vefinn og formasmi\u00f0ur v\u00e6ri l\u00edklega r\u00e9ttara heiti. Kerfi\u00f0 er nefnilega h\u00e6gt a\u00f0 nota \u00e1 \u00fdmsan annan h\u00e1tt en fyrir ums\u00f3knir um r\u00edkisstyrk og Athyglisver\u00f0ustu \u00e1hugaleiks\u00fdninguna. Notin eru \u00fe\u00f3 langmest fyrir styrkums\u00f3knirnar og vinnan sem fylgir er \u00ed samr\u00e6mi vi\u00f0 \u00fea\u00f0. Reglulega \u00fearf a\u00f0 a\u00f0sto\u00f0a notendur vegna \u00fdmissa vandam\u00e1la sem eru \u00fe\u00f3 jafnan einf\u00f6ld og au\u00f0leyst en taka alltaf einhvern t\u00edma. N\u00fa er ekki lengur h\u00e6gt a\u00f0 skila inn \u00e1 gamla m\u00e1tann og m\u00e1 b\u00faast vi\u00f0 a\u00f0 \u00feau f\u00e1u f\u00e9l\u00f6g sem ekki voru b\u00fain a\u00f0 f\u00e1 a\u00f0gang komi me\u00f0 \u00e1 n\u00e6stu vikum. Ekki h\u00f6fum vi\u00f0 heyrt anna\u00f0 en a\u00f0 almenn \u00e1n\u00e6gja r\u00edki me\u00f0 a\u00f0 h\u00e6gt s\u00e9 a\u00f0 ganga fr\u00e1 ums\u00f3knunum \u00e1 vefnum \u00ed sta\u00f0 papp\u00edrsfl\u00f3\u00f0sins sem \u00e1\u00f0ur var.<\/p>\n<p class=\"p4\">Ums\u00f3knirnar skila s\u00e9r n\u00fa inn \u00e1 til \u00feess a\u00f0 gera einfaldan m\u00e1ta en enn \u00e1 eftir a\u00f0 leysa nokkur m\u00e1l sem var\u00f0a \u00farvinnsluna. \u00dea\u00f0 er von okkar a\u00f0 h\u00e6gt s\u00e9 a\u00f0 f\u00e1 fram meiri sj\u00e1lfvirkni \u00ed \u00feann hluta \u00feannig a\u00f0 dragi \u00far \u00feeirri vinnu sem l\u00f6g\u00f0 er \u00e1 framkv\u00e6mdastj\u00f3ra \u00ed tengslum vi\u00f0 \u00fathlutun.<\/p>\n<p class=\"p4\">A\u00f0 \u00f6\u00f0ru leyti gengur vinna vi\u00f0 vefinn sinn vanagang. Vefverslunin skilar t.d. s\u00ednu enda heldur Vilborg vel utan um hana \u00feannig a\u00f0 vi\u00f0skiptavinir geta \u00e1vallt s\u00e9\u00f0 v\u00f6ru\u00farvali\u00f0 \u00e1 hverjum t\u00edma. Pantanir eru svipa\u00f0 margar og \u00e1 s\u00ed\u00f0asta \u00e1ri. Enn er ekki komi\u00f0 a\u00f0 \u00fev\u00ed a\u00f0 bj\u00f3\u00f0a f\u00f3lki a\u00f0 geri\u00f0a \u00e1 vefnum en a\u00f0 \u00fev\u00ed mun koma.<\/p>\n<p class=\"p4\">Oft er \u00fea\u00f0 \u00feannig a\u00f0 l\u00edtt s\u00fdnilegar breytingar eru ger\u00f0ar \u00e1 vefnum, breytingar sem f\u00f3lk almennt tekur ekki eftir. Undanfarna daga kunna einhverjir a\u00f0 hafa s\u00e9\u00f0 einhverja hn\u00f6kra \u00e1 vefnum en sk\u00fdringin \u00e1 \u00fev\u00ed er a\u00f0 loks komum vi\u00f0 okkur a\u00f0 \u00fev\u00ed a\u00f0 koma upp HTTPS virkni \u00e1 vefnum sem var l\u00f6ngu t\u00edmab\u00e6rt. Eitthva\u00f0 er eftir a\u00f0 p\u00fassa til vegna \u00feess en v\u00e6ntanlega munu gestir ekki ver\u00f0a \u00feess varir.<\/p>\n<p class=\"p4\">Ekki eru miklar breytingar<span class=\"Apple-converted-space\">\u00a0 <\/span>e\u00f0a uppf\u00e6rslur \u00ed v\u00e6ndum \u00e1 vefnum \u00e1 n\u00e6sta \u00e1ri. Eins og alltaf eru allar g\u00f3\u00f0ar \u00e1bendingar og hugmyndir var\u00f0andi Leiklistarvefinn vel \u00feegnar. \u00c1 s\u00ed\u00f0asta \u00e1ri benti undirrita\u00f0ur \u00e1 a\u00f0 fari\u00f0 v\u00e6ri a\u00f0 sl\u00e1 \u00ed \u00fdmislegt \u00ed t\u00f6lvukosti \u00dej\u00f3nustumi\u00f0st\u00f6\u00f0varinnar og \u00feau or\u00f0 eiga enn vi\u00f0.<\/p>\n<p class=\"p4\">L\u00fdkur svo sk\u00fdrslu Vefnefndar.<br \/>\n<i>F.h. vefnefndar,<span class=\"Apple-converted-space\">\u00a0 <\/span>H\u00f6r\u00f0ur Sigur\u00f0arson, l\u00e9nsherra<\/i><\/p>\n<p class=\"p4\">\u00cd lok sk\u00fdrslu segir H\u00f6r\u00f0ur fr\u00e1 \u00fev\u00ed a\u00f0 hann hafi b\u00fai\u00f0 til sv\u00e6\u00f0i \u00e1 vefnum fyrir myndir fr\u00e1 Bandalags\u00feingi og augl\u00fdsir eftir myndum fr\u00e1 fleirum.<\/p>\n<p class=\"p4\">Fundarstj\u00f3ri (Hulda) augl\u00fdsir eftir umr\u00e6\u00f0um um sk\u00f3la og bi\u00f0ur um handauppr\u00e9ttingu fr\u00e1 \u00feeim sem ekki hafa fari\u00f0. Nokkrar hendur fara \u00e1 loft. Salur l\u00fdsir yfir \u00e1n\u00e6gju vi\u00f0 sk\u00f3lann.<\/p>\n<p class=\"p4\">Hafr\u00fan fr\u00e1 leikf\u00e9laginu Gr\u00edmni spyr hvort sk\u00f3linn hafi skipulagt t\u00e6knin\u00e1mskei\u00f0 e\u00f0a hafi \u00e1huga \u00e1 \u00fev\u00ed. Hrefna svarar a\u00f0 treyst s\u00e9 \u00e1 leikf\u00e9l\u00f6gin vi\u00f0 a\u00f0 halda t\u00e6knin\u00e1mskei\u00f0 \u00ed samstarfi vi\u00f0 \u00f6nnur leikf\u00e9l\u00f6g. \u00dear sem t\u00e6knib\u00fana\u00f0urinn sem \u00feurfi s\u00e9 ekki til sta\u00f0ar \u00ed sk\u00f3lanum. Hafr\u00fan kallar eftir samstarfi vi\u00f0 leikf\u00e9laga sem \u00e1 leikh\u00fas.<\/p>\n<p class=\"p4\">Elli fr\u00e1 Leikf\u00e9lagi Selfoss spyr hvort sama eigi vi\u00f0 um leikmynda og h\u00f6nnunarn\u00e1mskei\u00f0. Hrefna svara \u00fev\u00ed a\u00f0 \u00fea\u00f0 g\u00e6ti komi\u00f0 til greina a\u00f0 halda alhli\u00f0a h\u00f6nnunarn\u00e1mskei\u00f0 \u00fear sem \u00fea\u00f0 \u00fearfnast ekki sama t\u00e6knib\u00fana\u00f0ar og g\u00e6ti komi\u00f0 til greina \u00ed sta\u00f0 leiklistarn\u00e1mskei\u00f0s. \u00cd framhaldi af \u00feessu vekur H\u00f6r\u00f0ur m\u00e1ls \u00e1 \u00fev\u00ed a\u00f0 til s\u00e9 h\u00f3pur \u00e1 facebook um QLAB hugb\u00fana\u00f0inn sem nota\u00f0ur er til a\u00f0 keyra hlj\u00f3\u00f0, mynd og lj\u00f3s. \u00deessi hugb\u00fana\u00f0ur er or\u00f0in einr\u00e1\u00f0ur \u00ed t\u00e6knim\u00e1lum \u00ed leikh\u00fasum. Hann vi\u00f0rar m\u00f6guleikan \u00e1 \u00fev\u00ed a\u00f0 halda dagsn\u00e1mskei\u00f0 \u00ed QLAB.<\/p>\n<p class=\"p4\">Hulda \u00f3skar eftir umr\u00e6\u00f0um um vefinn.<\/p>\n<p class=\"p4\">\u00d3l\u00f6f fr\u00e1 Leikf\u00e9lagi Mosfellssveitar talar um hversu \u00f3missandi H\u00f6r\u00f0ur er og hversu vinnusparandi n\u00fdja styrkjaums\u00f3knarkerfi\u00f0 er og hve hj\u00e1lpsamur hann er vi\u00f0 a\u00f0 veita a\u00f0sto\u00f0 var\u00f0andi vefinn. Her\u00f0i er \u00feakka\u00f0 fyrir velunnin st\u00f6rf me\u00f0 l\u00f3faklappi \u00far sal.<\/p>\n<p class=\"p4\">Stef\u00e1n \u00d6rn veltir upp \u00feeirri hugmynd hvort Bandalagi\u00f0 geti haldi\u00f0 \u00fati sameiginlegu mi\u00f0as\u00f6luvefkerfi og grei\u00f0slug\u00e1tt fyrir leikf\u00e9l\u00f6gin \u00ed sta\u00f0 \u00feess a\u00f0 hvert leikf\u00e9lag setji upp s\u00e9r p\u00f6ntunarkerfi fyrir sig. H\u00f6r\u00f0ur svara\u00f0i a\u00f0 \u00fea\u00f0 v\u00e6ri g\u00f3\u00f0 hugmynd sem vert v\u00e6ri a\u00f0 sko\u00f0a.<\/p>\n<p class=\"p4\">\u00d6rn fr\u00e1 Leikf\u00e9lagi K\u00f3pavogs segir fr\u00e1 \u00fev\u00ed a\u00f0 h\u00e6gt s\u00e9 a\u00f0 gera samning um sameiginlega grei\u00f0slug\u00e1tt &#8211; hvert leikf\u00e9lag getur svo fengi\u00f0 \u00fe\u00e6r grei\u00f0slur sem tilheyra \u00fev\u00ed inn \u00e1 sinn reikning.<\/p>\n<p class=\"p4\">\u00der\u00e1inn l\u00fdsir a\u00f0d\u00e1un sinni \u00e1 \u00fev\u00ed innra vefkerfi sem H\u00f6r\u00f0ur kynnti \u00e1 n\u00e1mskei\u00f0i \u00ed stj\u00f3rnun leikf\u00e9laga og spyr hvort h\u00e6gt s\u00e9 a\u00f0 sko\u00f0a \u00fea\u00f0 a\u00f0 halda n\u00e1mskei\u00f0 \u00ed vefger\u00f0 samhli\u00f0a n\u00e6sta a\u00f0alfundi. H\u00f6r\u00f0ur svara me\u00f0 \u00fev\u00ed a\u00f0 \u00fea\u00f0 n\u00e1ist n\u00fa kannski ekki a\u00f0 kenna \u00e1 d\u00fdptina<\/p>\n<p class=\"p4\">Bernhar\u00f0 hvetur fundarme\u00f0limi til a\u00f0 gerast \u00e1skrifendur a\u00f0 Vikup\u00f3sti \u00e1 leiklist.is og n\u00fdta s\u00e9r vefinn. Salur klappar fyrir \u00fev\u00ed.<\/p>\n<p class=\"p4\"><b><i>10. Dr\u00f6g a\u00f0 starfs\u00e1\u00e6tlun n\u00e6sta \u00e1rs kynnt og skipa\u00f0 \u00ed starfsh\u00f3pa<\/i><\/b>.<\/p>\n<p class=\"p4\">Gu\u00f0finna kynnir fyrirkomulag starfsh\u00f3panna. Fundargestum skipt \u00ed 4 h\u00f3pa.<\/p>\n<p class=\"p4\">H\u00f3pstj\u00f3rar eru:<br \/>\nGu\u00f0r\u00fan Halla J\u00f3nsd\u00f3ttir Hugleik &#8211; H\u00f3pur 1<br \/>\nGer\u00f0ur Halld\u00f3ra Sigur\u00f0ard\u00f3ttir Leikf\u00e9lagi Selfoss &#8211; H\u00f3pur 2<br \/>\nF. Elli Hafli\u00f0ason Leikf\u00e9lagi Selfossi &#8211; H\u00f3pur 3<br \/>\nAxel Vatnsdal Leikf\u00e9lagi H\u00f6rgd\u00e6la &#8211; H\u00f3pur 4<\/p>\n<p class=\"p4\">Stj\u00f3rn leggur til eftirfarandi starfs\u00e1\u00e6tlun fram til umr\u00e6\u00f0u \u00ed h\u00f3punum:<\/p>\n<p class=\"p4\"><i>Tillaga stj\u00f3rnar a\u00f0 starfs\u00e1\u00e6tlun Bandalags \u00edslendskra leikf\u00e9laga leik\u00e1ri\u00f0 2016-2017:<\/i><\/p>\n<p class=\"p4\"><i>Almenn starfsemi:<br \/>\n<\/i><i>1. Rekstur \u00fej\u00f3nustumi\u00f0st\u00f6\u00f0var, Leiklistarsk\u00f3la, Leiklistarvefsins og annarra fastra li\u00f0a \u00ed starfseminni.<br \/>\n<\/i><i>2. Leita eftir h\u00e6kku\u00f0um framl\u00f6gum \u00far opinberum sj\u00f3\u00f0um og fr\u00e1 einkaa\u00f0ilum til starfsemi \u00e1hugaleikf\u00e9laganna og sameiginlegra verkefna.<\/i><\/p>\n<p class=\"p3\"><span class=\"Apple-converted-space\">\u00a0 <\/span><\/p>\n<p class=\"p4\"><b><i>11. Kj\u00f6rnefnd tilkynnir ni\u00f0urst\u00f6\u00f0ur s\u00ednar og m\u00e6lir me\u00f0 a.m.k. 1 a\u00f0ila \u00ed hvert s\u00e6ti sem kj\u00f3sa skal \u00ed.<\/i><\/b><\/p>\n<p class=\"p4\">Engin n\u00fd frambo\u00f0 hafa borist.<\/p>\n<p class=\"p4\"><b><i>12. Lagabreytingar. <\/i><\/b><\/p>\n<p class=\"p4\">Engar lagabreytingar liggja fyrir fundinum.<\/p>\n<p class=\"p4\"><b><i>13. Till\u00f6gur lag\u00f0ar fyrir fundinn.<\/i><\/b><\/p>\n<p class=\"p4\">\u00d3l\u00f6f \u00de\u00f3r\u00f0ard\u00f3ttir leggur fram eftirfarandi till\u00f6gu:<\/p>\n<p class=\"p4\"><i>\u201eStj\u00f3rn Bandalags \u00edslenskra leikf\u00e9laga leggur til a\u00f0 1,5 m. kr. af verkefnastyrk a\u00f0ildarf\u00e9laganna ver\u00f0i l\u00e1tin ganga til rekstrar \u00fej\u00f3nustumi\u00f0st\u00f6\u00f0var Bandalagsins.<br \/>\n<\/i><i>Fh. stj\u00f3rnar, \u00d3l\u00f6f \u00de\u00f3r\u00f0ard\u00f3ttir\u201c. <\/i><\/p>\n<p class=\"p4\">H\u00fan fylgir till\u00f6gunni \u00far hla\u00f0i me\u00f0 r\u00f6kstu\u00f0ningi og endar \u00e1 spurningunni \u201eEr \u00feetta n\u00f3g?\u201c<\/p>\n<p class=\"p4\">Bernhar\u00f0 Arnarsson kom me\u00f0 spurningu um hva\u00f0 styrkur v. uppsetningar myndi l\u00e6kka miki\u00f0 ef a\u00f0 2.500.000 myndu ganga til reksturs Bandalagsins. Einnig lag\u00f0i hann til a\u00f0 leikf\u00e9l\u00f6gin myndu gera gangsk\u00f6r a\u00f0 kaupum \u00e1 S\u00f6gu Bandalagsins sem nokkur eint\u00f6k eru enn\u00fe\u00e1 til af.<\/p>\n<p class=\"p4\">Axel Vatnsdal og \u00d6rn Alexandersson leggja til fram n\u00fdja till\u00f6gu:<\/p>\n<p class=\"p4\"><i>\u201eVi\u00f0 undirrita\u00f0ir leggjum til a\u00f0 2,5 m. kr. af verkefnastyrk a\u00f0ildarf\u00e9laganna gangi til rekstrar \u00fej\u00f3nustumi\u00f0st\u00f6\u00f0var Bandalagsins.<br \/>\n<\/i><i>Axel Vatnsdal<br \/>\n<\/i><i>\u00d6rn Alexandersson.\u201c<\/i><\/p>\n<p class=\"p4\">Sigr\u00ed\u00f0ur Hafsteinsd\u00f3ttir segir a\u00f0 vi\u00f0 s\u00e9um ekkert \u00e1n Bandalagsins og vi\u00f0 ver\u00f0um a\u00f0 leggja vel til \u00feess.<\/p>\n<p class=\"p4\">\u00d6rn Alexandersson segir a\u00f0 \u00feetta geti m\u00f6gulega veri\u00f0 \u00fer\u00fdstingur \u00e1 r\u00edki\u00f0, \u00fe.e. a\u00f0 me\u00f0 \u00fev\u00ed a\u00f0 vi\u00f0 s\u00e9um a\u00f0 leggja hluta af okkar framlagi til Bandalagsins s\u00fdni a\u00f0 \u00fea\u00f0 s\u00e9 ekki n\u00e6gilegt fj\u00e1rmagn sett til skrifstofunnar.<\/p>\n<p class=\"p4\">Gu\u00f0finna forma\u00f0ur segir a\u00f0 st\u00f6\u00f0ugt s\u00e9 veri\u00f0 a\u00f0 vinna \u00ed auknum styrkjum.<\/p>\n<p class=\"p4\">Elli leggur til a\u00f0 r\u00e1\u00f0herra h\u00e6kki framl\u00f6g til Bandalagsins og styrki til leikf\u00e9laga um sama hlutfall og laun al\u00feingismanna h\u00e6kku\u00f0u haust.<\/p>\n<p class=\"p4\">Atkv\u00e6\u00f0agrei\u00f0sla um a\u00f0 h\u00e6kka framlag til \u00fej\u00f3nustumi\u00f0st\u00f6\u00f0var Bandalags \u00edslenskra leikf\u00e9laga \u00feannig a\u00f0 \u00fea\u00f0 ver\u00f0i 2.500.000 \u00ed \u00e1r sem teki\u00f0 ver\u00f0i af framlagi r\u00edkisins til leikf\u00e9laganna.<\/p>\n<p class=\"p4\">Sam\u00feykkt.<\/p>\n<p class=\"p4\"><b><i>14. Starfs\u00e1\u00e6tlun afgreidd.<\/i><\/b><\/p>\n<p class=\"p4\">Fulltr\u00faar h\u00f3pa kynna ni\u00f0urst\u00f6\u00f0ur h\u00f3pavinnu:<\/p>\n<p class=\"p4\"><i>Gu\u00f0r\u00fan Halla J\u00f3nsd\u00f3ttir kynnir ni\u00f0urst\u00f6\u00f0u starfsh\u00f3ps 1:<br \/>\n<\/i>\u00cd h\u00f3pnum voru: \u00d3lafur Kristinsson Umf. Skallagr\u00edmi, B\u00e1ra Einarsd\u00f3ttir Umf. Reykd\u00e6la, Haukur P\u00e1ll Kristinsson Leikf\u00e9laginu Gr\u00edmni, Sigr\u00ed\u00f0ur Hafsteinsd\u00f3ttir Leikf\u00e9lagi Selfoss, \u00d6rn Alexandersson Leikf\u00e9lagi K\u00f3pavogs, Anna Margr\u00e9t P\u00e1lsd\u00f3ttir Leikf\u00e9lagi K\u00f3pavogs, Stefan\u00eda El\u00edsabet Hallbj\u00f6rnsd\u00f3ttir<span class=\"Apple-converted-space\">\u00a0 <\/span>Leikf\u00e9lagi H\u00f6rgd\u00e6la, Gu\u00f0r\u00fan Halla J\u00f3nsd\u00f3ttir Hugleik og Ingveldur \u00de\u00f3r\u00f0ard\u00f3ttir Leikf\u00e9lagi Hafnarfjar\u00f0ar.<\/p>\n<p class=\"p4\"><i>Almenn starfsemi<\/i><\/p>\n<p class=\"p4\"><i>1. Rekstur \u00fej\u00f3nustumi\u00f0st\u00f6\u00f0var, leiklistarsk\u00f3la, leiklistarvefs og annarra fastra li\u00f0a \u00ed starfseminni.<\/i><\/p>\n<p class=\"p4\">a. Sko\u00f0a mi\u00f0as\u00f6lukerfi fyrir \u00f6ll leikf\u00e9l\u00f6gin.<span class=\"Apple-converted-space\">\u00a0 <\/span>Bandalagsskrifstofan t\u00e6ki hlutfall af mi\u00f0aver\u00f0i.<span class=\"Apple-converted-space\">\u00a0 <\/span>Hvetjum stj\u00f3rn til a\u00f0 skipa nefnd til a\u00f0 sko\u00f0a \u00feetta.<\/p>\n<p class=\"p4\">b. Gagnagrunnur fyrir eignir f\u00e9laganna sem \u00feau eru tilb\u00fain til \u00feess a\u00f0 l\u00e1na e\u00f0a leigja. Myndasafn me\u00f0 b\u00faningaeign leikf\u00e9laganna, einkum s\u00e9rstaka b\u00faninga.<span class=\"Apple-converted-space\">\u00a0 <\/span>Anna\u00f0 safn fyrir propps, \u00feri\u00f0ja fyrir t\u00e6kjab\u00fana\u00f0. Leikf\u00e9l\u00f6gin myndu sj\u00e1lf setja inn myndir, sk\u00fdra og flokka. G\u00e6ti m\u00f6gulega veri\u00f0 leigukerfi og Bandalagi\u00f0 fengi\u00f0 hlut.<span class=\"Apple-converted-space\">\u00a0 <\/span>Sama nefnd g\u00e6ti sko\u00f0a\u00f0 \u00feetta m\u00e1l.<\/p>\n<p class=\"p4\">c. Stj\u00f3rn hvetji f\u00e9l\u00f6gin til \u00feess a\u00f0 koma me\u00f0 \u00e1bendingar um m\u00f6gulegt leiguh\u00fasn\u00e6\u00f0i fyrir \u00fej\u00f3nustumi\u00f0st\u00f6\u00f0ina.<\/p>\n<p class=\"p4\">d. Setja markmi\u00f0 um a\u00f0 Bandalagi\u00f0 ver\u00f0i komi\u00f0 \u00ed eigi\u00f0 h\u00fasn\u00e6\u00f0i \u00e1ri\u00f0 2025.<\/p>\n<p class=\"p4\">e. Sk\u00f3linn. Sko\u00f0a hvort n\u00fdr sta\u00f0ur geti bo\u00f0i\u00f0 upp\u00e1 \u00feann kost a\u00f0 sk\u00f3linn ver\u00f0i \u00ed lok sumars. G\u00e6ti komi\u00f0 krafti inn \u00ed starf leikf\u00e9laganna \u00e1 haustin. Tv\u00e6r helgar henta m\u00f6rgum betur vegna orlofsdagat\u00f6ku, n\u00fa sj\u00f6 dagar \u00ed sta\u00f0 fimm.<\/p>\n<p class=\"p4\">f. N\u00e1mskei\u00f0.<span class=\"Apple-converted-space\">\u00a0 <\/span>Fj\u00f6ln\u00e1mskei\u00f0 \u00ed sk\u00f3lann. Jafnframt m\u00e6tti hvetja leikf\u00e9l\u00f6g sem hafa g\u00f3\u00f0an t\u00e6knib\u00fana\u00f0 og -kunn\u00e1ttu til \u00feess a\u00f0 halda n\u00e1mskei\u00f0 fyrir nokkur f\u00e9l\u00f6g \u00ed einu.<\/p>\n<p class=\"p4\"><i>2. Leita eftir h\u00e6kku\u00f0um framl\u00f6gum \u00far opinberum sj\u00f3\u00f0um og fr\u00e1 einkaa\u00f0ilum til starfsemi \u00e1hugaleikf\u00e9laganna og sameiginlegra verkefna.<\/i><\/p>\n<p class=\"p4\">Taka saman t\u00f6lfr\u00e6\u00f0i yfir \u00fea\u00f0 hvernig kostna\u00f0ur hefur h\u00e6kka\u00f0 \u00e1 me\u00f0an opinberir styrkir hafa l\u00edti\u00f0 breyst, sem og t\u00f6lfr\u00e6\u00f0i yfir starfsemi leikf\u00e9laganna, n\u00e1mskei\u00f0, unglingastarf o.s.frv. Hengja me\u00f0 r\u00f6kstu\u00f0ningi fyrir starfseminni (sj\u00e1 menningarstefnu, sem og uppeldislega gildi\u00f0 o.fl.). Leikf\u00e9l\u00f6gum hefur f\u00e6kka\u00f0 \u00fear sem styrkir eru l\u00e6gri. Dregur \u00far menningarstarfsemi \u00ed bygg\u00f0al\u00f6gum.<\/p>\n<p class=\"p4\">Mikilv\u00e6gt er a\u00f0 auka s\u00fdnileika \u00e1hugaleikh\u00fassins og efla vir\u00f0ingu fyrir starfseminni. F\u00e1 f\u00f3lk sem hefur v\u00e6gi \u00ed samf\u00e9laginu og hefur reynslu af starfi \u00ed \u00e1hugaleikf\u00e9l\u00f6gum til a\u00f0 skrifa um \u00fe\u00e1 reynslu \u00e1 opinberum vettvangi. T.d. herfer\u00f0 me\u00f0 stuttum greinum me\u00f0 stuttu millibili fyrir fundi fj\u00e1rlaganefndar. \u00dea\u00f0 myndi vekja athygli \u00e1 mikilv\u00e6gi okkar og b\u00e6ta m\u00f6guleika okkar \u00e1 a\u00f0 s\u00e6kja styrki \u00ed opinbera sj\u00f3\u00f0i e\u00f0a til einkaa\u00f0ila.<\/p>\n<p class=\"p4\">Hvetja \u00f6ll leikf\u00e9l\u00f6g til \u00feess a\u00f0 deila f\u00e6rslum og augl\u00fdsingum fr\u00e1 \u00f6\u00f0rum leikf\u00e9l\u00f6gum. \u00dea\u00f0 eykur s\u00fdnileika okkar allra.<\/p>\n<p class=\"p4\">Leggjum til a\u00f0 stj\u00f3rn vinni sta\u00f0la\u00f0 br\u00e9f um mikilv\u00e6gi \u00e1hugaleikh\u00fassins sem allir formenn g\u00e6tu sent til sveitarstj\u00f3rnarmanna, \u00feingmanna, fj\u00e1rlaganefndar, menningar- og menntam\u00e1lar\u00e1\u00f0herra o.s.frv. Ver\u00f0i teki\u00f0 fyrir \u00e1 b\u00e6jarr\u00e1\u00f0sfundum og b\u00f3ka\u00f0. Jafnvel br\u00e9f fr\u00e1 stj\u00f3rn Bandalagsins.<\/p>\n<p class=\"p4\"><i>Anna\u00f0<\/i><\/p>\n<p class=\"p4\"><i>S\u00e9rverkefni.<\/i><\/p>\n<p class=\"p4\">Leggjum til a\u00f0 taka menningarstefnuna til umfj\u00f6llunar \u00e1 n\u00e6sta \u00feingi me\u00f0 \u00fea\u00f0 fyrir augum a\u00f0 vinna markmi\u00f0asetningu til lengri og skemmri t\u00edma.<span class=\"Apple-converted-space\">\u00a0 <\/span>Finna m\u00e6lanleg markmi\u00f0 fyrir hvern li\u00f0.<\/p>\n<p class=\"p4\">Leggjum til a\u00f0 hafa st\u00f3ra leiklistarh\u00e1t\u00ed\u00f0 2020, \u00e1 70 \u00e1ra afm\u00e6li Bandalagsins, jafnvel al\u00fej\u00f3\u00f0lega.<\/p>\n<p class=\"p4\">Leggjum til a\u00f0 einn stj\u00f3rnarma\u00f0ur Bandalagsins s\u00e9 s\u00e9rstakur \u201ef\u00f3stri\u201c ungli\u00f0ahreyfingarinnar.<\/p>\n<p class=\"p4\">Leggjum til a\u00f0 leikf\u00e9l\u00f6gum ver\u00f0i lei\u00f0beint um notkun t\u00f3mstundastyrkja til barna-\/unglingan\u00e1mskei\u00f0a, hvernig best s\u00e9 a\u00f0 f\u00e1 sveitarf\u00e9l\u00f6gin til samstarfs og hvernig framkv\u00e6mdin s\u00e9. Einnig g\u00e6ti stj\u00f3rn B\u00cdL unni\u00f0 a\u00f0 \u00fev\u00ed \u00e1 landsv\u00edsu a\u00f0 t\u00f3mstundastyrkir sveitarf\u00e9laganna geti n\u00fdst \u00e1 \u00feennan h\u00e1tt.<span class=\"Apple-converted-space\">\u00a0 <\/span>S\u00f6mulei\u00f0is efla samstarf vi\u00f0 sveitarf\u00e9l\u00f6gin um skapandi sumarst\u00f6rf.<\/p>\n<p class=\"p4\"><i>Ger\u00f0ur Halld\u00f3ra Sigur\u00f0ard\u00f3ttir kynnir ni\u00f0urst\u00f6\u00f0ur starfsh\u00f3ps 2:<br \/>\n<\/i>\u00cd h\u00f3pnum voru: Gu\u00f0bj\u00f6rg Helgad\u00f3ttir UMF Skallagr\u00edmi, Hafr\u00fan Bylgja Gu\u00f0mundsd\u00f3ttir Leikf\u00e9laginu Gr\u00edmni, Viktor Ingi J\u00f3nsson Leikf\u00e9lagi Selfoss, Brynhildur Sveinsd\u00f3ttir Leikf\u00e9lagi Mosfellssveitar, J\u00f3nhei\u00f0ur \u00cdsleifsd\u00f3ttir Leikf\u00e9lagi Selfoss, Krist\u00edn \u00d3lafsd\u00f3ttir Leikf\u00e9lagi Hverager\u00f0is, \u00c1g\u00fast \u00deormar J\u00f3nsson Leikf\u00e9lagi H\u00f3lmav\u00edkur.<\/p>\n<p class=\"p4\"><i>Rekstur:<br \/>\n<\/i>Virkja tengslanet \u00ed tengslum vi\u00f0 h\u00fasn\u00e6\u00f0isleit.<\/p>\n<p class=\"p4\">Spyrjast fyrir um lagalegu hli\u00f0ina \u00e1 dreifingu\/s\u00f6lu handrita \u00e1 rafr\u00e6nu formi. Upp\u00e1 a\u00f0 geta fengi\u00f0 afhent \u00e1 rafr\u00e6nu formi \u00ed sta\u00f0 \u00fatprenta\u00f0s.<\/p>\n<p class=\"p4\"><i>B\u00cdL sk\u00f3li:<br \/>\n<\/i>Koma \u00fev\u00ed betur \u00e1 framf\u00e6ri hva\u00f0a kr\u00f6fur eru settar til a\u00f0 f\u00f3lk geti fari\u00f0 \u00ed sk\u00f3lann. Reynsla, fyrri n\u00e1mskei\u00f0. Fram kom a\u00f0 \u00fea\u00f0 s\u00e9u margir sem ekki \u00feora a\u00f0 s\u00e6kja um.<\/p>\n<p class=\"p4\">Hafa alltaf eitthva\u00f0 n\u00e1mskei\u00f0 sem er fyrir \u00fe\u00e1 sem vilja fara \u00ed fyrsta skipti &#8211; anna\u00f0 hvort s\u00e9rn\u00e1mskei\u00f0 e\u00f0a byrjendan\u00e1mskei\u00f0.<\/p>\n<p class=\"p4\">Senda kynningara\u00f0ila \u00ed leikf\u00e9l\u00f6g til a\u00f0 kynna sk\u00f3lann \/ vera me\u00f0 sm\u00e1 fyrirlestur.<\/p>\n<p class=\"p4\">N\u00e1mskei\u00f0shugmyndir:<br \/>\n1. Uppistandsn\u00e1mskei\u00f0<\/p>\n<p>2. Baksvi\u00f0sn\u00e1mskei\u00f0 \u2013 Mismunandi n\u00e1mskei\u00f0 \u00e1 hverjum degi:<br \/>\nDagur 1 \u2013 Smink<br \/>\nDagur 2 \u2013 B\u00faningar<br \/>\nDagur 3 \u2013 Svi\u00f0sh\u00f6nnun<br \/>\nDagur 4 \u2013 Framkv\u00e6mdastj\u00f3rnun s\u00fdninga<br \/>\nDagur 5 \u2013 Marka\u00f0ssetning<br \/>\nDagur 6 \u2013 Svi\u00f0sl\u00fdsing ( B\u00f3klegt \u2013 kenningar )<br \/>\nDagur 7 \u2013 Hlj\u00f3\u00f0<br \/>\nO.f.l.<\/p>\n<p class=\"p4\"><i>Vefur \u2013 Leiklist.is:<\/i><\/p>\n<p class=\"p4\">Sameiginleg vi\u00f0bur\u00f0ars\u00ed\u00f0a inni \u00e1 leiklist.is sem svipar til mi\u00f0i.is.<\/p>\n<p class=\"p4\">Yfirs\u00fdn yfir hva\u00f0 er \u00ed gangi hj\u00e1 leikf\u00e9l\u00f6gunum.<\/p>\n<p class=\"p4\">\u00dear sem s\u00e9st einhverskonar plaggat e\u00f0a mynd.<\/p>\n<p class=\"p4\">S\u00fdningart\u00edmar<\/p>\n<p class=\"p4\">Netfang vi\u00f0komandi leikf\u00e9lags \u2013 til a\u00f0 hafa samband.<\/p>\n<p class=\"p4\">\u00dear er h\u00e6gt a\u00f0 kaupa mi\u00f0a \u00e1 vi\u00f0komandi s\u00fdningu.<\/p>\n<p class=\"p4\">Hvert leikf\u00e9lag myndi p\u00f3sta sinni s\u00fdningu gegn sm\u00e1 augl\u00fdsingargjaldi.<\/p>\n<p class=\"p4\"><i>Styrkir:<\/i><\/p>\n<p class=\"p4\">Vekja athygli.<\/p>\n<p class=\"p4\">Bj\u00f3\u00f0a fl\u00f3ttam\u00f6nnum \u00e1 s\u00fdningar.<\/p>\n<p class=\"p4\">Bj\u00f3\u00f0a upp \u00e1 vettvang fyrir h\u00f6funda &#8211; listamenn \u2013 t\u00f3nlistarf\u00f3lk til a\u00f0 koma frums\u00f6mdu efni \u00e1 framf\u00e6ri.<\/p>\n<p class=\"p4\">Styrkir fyrir f\u00e9l\u00f6g sem vilja fara erlendis.<\/p>\n<p class=\"p4\">Flugf\u00e9l\u00f6g veita t.d styrki fyrir t\u00f3nlistarf\u00f3lk.<\/p>\n<p class=\"p4\"><i>S\u00e9rverkefni:<\/i><\/p>\n<p class=\"p4\">Bj\u00f3\u00f0a upp \u00e1 \u00fej\u00e1lfun fyrir \u00fe\u00e1 sem eru a\u00f0 fara \u00ed \u00e1heyrnaprufur.<\/p>\n<p class=\"p4\">Ungli\u00f0astarfskynningar.<\/p>\n<p class=\"p4\">Ungli\u00f0ahreyfing Bandalagsins.<\/p>\n<p class=\"p4\"><i>Axel Vatnsdal kynnti ni\u00f0urst\u00f6\u00f0ur starfsh\u00f3ps 3:<br \/>\n<\/i>\u00cd h\u00f3pnum voru: Oddfreyja Oddfreysd\u00f3ttir Leikf\u00e9lagi \u00d6lfuss, Stef\u00e1n \u00d6rn Vi\u00f0arsson Leikf\u00e9lagi Selfoss, Mar\u00eda Gu\u00f0mundsd\u00f3ttir Leikf\u00e9lagi Mosfellssveitar, \u00de\u00f3rd\u00eds Sigurgeirsd\u00f3ttir Leikf\u00e9lagi K\u00f3pavogs, Hugr\u00fan \u00d3skarsd\u00f3ttir Leikf\u00e9lagi Hverager\u00f0is, Magn\u00fe\u00f3ra Kristj\u00e1nsd\u00f3ttir Leikf\u00e9lagi \u00d6lfuss, Axel Vatnsdal Leikf\u00e9lagi H\u00f6rgd\u00e6la og Gu\u00f0r\u00fan Eysteinsd\u00f3ttir Hugleik.<\/p>\n<p class=\"p4\"><i>1. Rekstur \u00fej\u00f3nustumi\u00f0st\u00f6\u00f0var, leiklistarsk\u00f3lans, leiklistarvefsins og annarra fastra li\u00f0a \u00ed starfseminni.<\/i><\/p>\n<p class=\"p4\">Allir samm\u00e1la um a\u00f0 vel s\u00e9 haldi\u00f0 utan um reksturinn. H\u00f6fum \u00e1hyggjur af h\u00fasn\u00e6\u00f0ism\u00e1lum ef svo fer sem horfir. R\u00e6tt um a\u00f0 \u00fea\u00f0 \u00feyrfti a\u00f0 losna vi\u00f0 yfirdr\u00e1ttinn. M\u00e6tti h\u00e6kka enn frekar \u00fe\u00e1 upph\u00e6\u00f0 sem tekin er af r\u00edkisstyrknum svo reksturinn r\u00e9ttist endanlega vi\u00f0?<\/p>\n<p class=\"p4\">Var\u00f0andi v\u00f6rur sem renna \u00fat finnst okkur g\u00f3\u00f0 hugmynd a\u00f0 reyna a\u00f0 selja \u00e1 afsl\u00e6tti \u00fea\u00f0 sem er a\u00f0 komast \u00e1 t\u00edma. \u00dev\u00ed fylgir au\u00f0vita\u00f0 einhver vinna vi\u00f0 a\u00f0 fylgjast me\u00f0 v\u00f6rulagernum en algj\u00f6rlega \u00feess vir\u00f0i a\u00f0 sko\u00f0a.<\/p>\n<p class=\"p4\">R\u00e6tt um lj\u00f3sa- og t\u00e6knin\u00e1mskei\u00f0. G\u00f3\u00f0 hugmynd a\u00f0 halda n\u00e1mskei\u00f0 heima \u00ed h\u00e9ra\u00f0i og nota mannau\u00f0 leikf\u00e9laganna. Lj\u00f3san\u00e1mskei\u00f0, Qlab og fleira. \u00dea\u00f0 er kominn t\u00edmi \u00e1 f\u00f6r\u00f0unarn\u00e1mskei\u00f0. Leggjum til a\u00f0 sk\u00f3last\u00fdrur sko\u00f0i \u00fea\u00f0.<\/p>\n<p class=\"p4\">R\u00e6tt um n\u00e1mskei\u00f0 \u00ed sk\u00f3lanum og skipulag. Skiljum sj\u00f3narmi\u00f0 sk\u00f3last\u00fdra var\u00f0andi \u00fea\u00f0 a\u00f0 h\u00e6gja \u00e1 ef eftirspurn er farin a\u00f0 minnka. \u00de\u00f3 er mj\u00f6g hentugt fyrir leikf\u00e9l\u00f6gin a\u00f0 geta gengi\u00f0 a\u00f0 \u00fev\u00ed v\u00edsu a\u00f0 grunnn\u00e1mskei\u00f0 eins og Leiklist I s\u00e9u kennd anna\u00f0 hvert \u00e1r. \u00dea\u00f0 eykur n\u00fdli\u00f0un \u00ed f\u00e9l\u00f6gunum. Hugmynd kom upp hvort sni\u00f0ugt v\u00e6ri a\u00f0 kenna Leiklist I tv\u00f6 \u00e1r \u00ed r\u00f6\u00f0? M\u00e6tti t.d. gera k\u00f6nnun me\u00f0al f\u00e9laganna \u00e1\u00f0ur en n\u00e1mskei\u00f0 eru \u00e1kve\u00f0in til a\u00f0 sj\u00e1 hvernig landi\u00f0 liggur.<\/p>\n<p class=\"p4\">MI\u00f0as\u00f6lukerfi r\u00e6tt. Kostur vi\u00f0 sl\u00edkt kerfi er t.d. a\u00f0 f\u00f3lk getur greitt strax og vi\u00f0 teljum a\u00f0 \u00fea\u00f0 minnki l\u00edkur \u00e1 \u00fev\u00ed a\u00f0 \u00fea\u00f0 h\u00e6tti vi\u00f0 a\u00f0 koma \u00e1 s\u00fdningu \u00fer\u00e1tt fyrir a\u00f0 hafa panta\u00f0 mi\u00f0a. Okkur finnst g\u00f3\u00f0 hugmynd a\u00f0 kanna m\u00f6guleika \u00e1 sameiginlegu mi\u00f0as\u00f6lukerfi leikf\u00e9laganna. Leikf\u00e9l\u00f6gin myndu grei\u00f0a einhverja upph\u00e6\u00f0 til verkefnisins og myndi s\u00e1 peningur renna til \u00fej\u00f3nustumi\u00f0st\u00f6\u00f0varinnar. Bandalagi\u00f0 g\u00e6ti \u00feannig fengi\u00f0 sm\u00e1 pr\u00f3sentur af seldum mi\u00f0um. Leggjum til a\u00f0 stj\u00f3rn sko\u00f0i \u00feennan m\u00f6guleika af alv\u00f6ru.<\/p>\n<p class=\"p4\">Stef\u00e1n r\u00e6ddi um m\u00f6guleika Office 365 og kosti \u00feess fyrir leikf\u00e9l\u00f6g. H\u00e6gt a\u00f0 f\u00e1 \u00feetta \u00f3keypis fyrir f\u00e9lagastarfsemi.<\/p>\n<p class=\"p4\"><i>2. Leita eftir h\u00e6kku\u00f0um framl\u00f6gum \u00far opinberum sj\u00f3\u00f0um og fr\u00e1 einkaa\u00f0ilum til starfsemi \u00e1hugaleikf\u00e9laganna og sameiginlegra verkefna<\/i>.<\/p>\n<p class=\"p4\">V\u00edsum \u00ed \u00fea\u00f0 sem \u00e1\u00f0ur hefur veri\u00f0 sagt um a\u00f0 h\u00e6kka upph\u00e6\u00f0ina sem tekin er af r\u00edkisstyrknum. Hvetjum stj\u00f3rn til \u00feess a\u00f0 reyna a\u00f0 n\u00e1 fundi sem allra fyrst me\u00f0 menntam\u00e1lar\u00e1\u00f0herra til a\u00f0 r\u00e6\u00f0a framt\u00ed\u00f0 r\u00edkisstyrksins og m\u00f6guleika \u00e1 a\u00f0 hann h\u00e6kki.<\/p>\n<p class=\"p4\"><i>3. \u00d6nnur s\u00e9rverkefni<\/i><\/p>\n<p class=\"p4\">Halda vinnustofun\u00e1mskei\u00f0 e\u00f0a fyrirlestra \u00ed t.d. vefger\u00f0, Qlab, Office 365 og fleiru \u00ed tengslum vi\u00f0 n\u00e6sta a\u00f0alfund.<\/p>\n<p class=\"p4\"><i>F. Elli Hafli\u00f0ason kynnti ni\u00f0urst\u00f6\u00f0ur starfsh\u00f3ps 4:<\/i><\/p>\n<p class=\"p4\">\u00cd h\u00f3pnum voru: H\u00e1kon Svavarsson Leikf\u00e9lagi \u00d6lfuss, Gu\u00f0n\u00fd L\u00e1ra Gunnarsd\u00f3ttir Leikf\u00e9lagi Selfoss, Gu\u00f0r\u00fan Esther \u00c1rnad\u00f3ttir Leikf\u00e9lagi Mosfellssveitar, Fanney Valsd\u00f3ttir Leikf\u00e9lagi H\u00f6rgd\u00e6la, Valdimar Ingi Gu\u00f0mundsson Leikf\u00e9lagi Hverager\u00f0is, Anna Mar\u00eda Hj\u00e1lmarsd\u00f3ttir Freyvangsleikh\u00fasinu, F. Elli Hafli\u00f0ason Leikf\u00e9lagi Selfoss og \u00d3lafur \u00de\u00f3r\u00f0arson Leikf\u00e9lagi Hafnarfjar\u00f0ar.<\/p>\n<p class=\"p4\">\u00a0<i>1.\u00a0Rekstur \u00fej\u00f3nusmi\u00f0st\u00f6\u00f0var, leiklistarsk\u00f3la, Leiklistarvefsins og annara fastra li\u00f0a \u00ed starfseminni.<\/i><\/p>\n<p class=\"p4\">\u00a0Almenn \u00e1n\u00e6gja me\u00f0 st\u00f6\u00f0u m\u00e1la \u00ed starfsemi Bandalagsins. H\u00f3purinn hefur \u00fe\u00f3 verulegar \u00e1hyggjur af st\u00f6\u00f0u fj\u00e1rm\u00e1la, h\u00fasn\u00e6\u00f0i og \u00fer\u00f6ngum kosti sem Bandalaginu er settur. Spurning hvort s\u00e6kja m\u00e6tti h\u00fasn\u00e6\u00f0i til r\u00edkisins \u00e1 einhvern m\u00e1ta.<\/p>\n<p class=\"p4\">\u00a0Nokkur umr\u00e6\u00f0a var\u00f0 um \u00fe\u00e1ttt\u00f6ku a\u00f0ildarf\u00e9laga \u00ed starfseminni. Sem d\u00e6mi eru einungis fulltr\u00faar 15 a\u00f0ildarf\u00e9laga m\u00e6ttir \u00e1 a\u00f0alfund. H\u00f3purinn er samm\u00e1la um a\u00f0 stj\u00f3rnin g\u00e6ti nota\u00f0\u00a0\u201ef\u00f3sturf\u00e9lagakerfi\u00f0\u201c betur. Spurning hvort a\u00f0 hver stj\u00f3rnarma\u00f0ur hitti fulltr\u00faa fr\u00e1 s\u00ednu f\u00f3sturf\u00e9lagi a.m.k. einu sinni \u00e1 starfs\u00e1ri til a\u00f0 kynna fyrir \u00feeim starfsemi Bandalagsins, hva\u00f0 \u00fea\u00f0 geti gert fyrir f\u00e9lagi\u00f0 og hvetji til \u00fe\u00e1ttt\u00f6ku \u00ed starfseminni.<\/p>\n<p class=\"p4\">Stj\u00f3rnin skuli kanna m\u00f6guleika \u00e1 \u00fev\u00ed a\u00f0 au\u00f0velda \u00f6llum f\u00e9l\u00f6gum a\u00f0 s\u00e6kja a\u00f0alfund.<\/p>\n<p class=\"p4\">H\u00f3purinn m\u00e6lir gegn \u00fev\u00ed a\u00f0 grunnn\u00e1mskei\u00f0um \u00ed leiklist \u00ed Bandalagssk\u00f3lanum ver\u00f0i f\u00e6kka\u00f0. Helstu r\u00f6k eru talin vera a\u00f0 li\u00f0i\u00f0 getur langur t\u00edmi fyrir n\u00fdli\u00f0a a\u00f0 komast \u00ed sk\u00f3lann. Mikil \u00e1n\u00e6gja me\u00f0 a\u00f0 sk\u00f3linn skuli \u00edhuga t\u00e6kni og h\u00f6nnunarn\u00e1mskei\u00f0. \u00de\u00f3 nokkur umr\u00e6\u00f0a f\u00f3r fram var\u00f0andi n\u00e1msframbo\u00f0 b\u00e6\u00f0i \u00e1 starfst\u00edma sk\u00f3lans og einnig utan hans. H\u00f3purinn tekur fram a\u00f0 hann hefur tr\u00f6llatr\u00fa \u00e1 a\u00f0 sk\u00f3last\u00fdrur og sk\u00f3lanefnd hafi b\u00e6\u00f0i reynslu og \u00feekkingu \u00e1 \u00fev\u00ed hva\u00f0 s\u00e9 skynsamlegast a\u00f0 gera \u00ed \u00feessum m\u00e1lum.<\/p>\n<p class=\"p4\">\u00a0Almenn \u00e1n\u00e6gja er innan h\u00f3psins hvernig vefurinn hefur \u00fer\u00f3ast. H\u00f3purinn leggur \u00e1herslu \u00e1 a\u00f0 au\u00f0velt a\u00f0gengi s\u00e9 a\u00f0 \u00edtarlegum \u00fathlutunarreglum. Eins megi hafa dagsetningar \u00fathlutunarfrests betur s\u00fdnilegar. Sameiginlegt grei\u00f0slukerfi milli f\u00e9laganna er spennandi kostur og er h\u00f3purinn \u00e1 \u00fev\u00ed a\u00f0 stj\u00f3rn og vefnefnd eigi a\u00f0 kanna m\u00f6guleikann \u00e1 \u00fev\u00ed hvort forsenda s\u00e9 fyrir sl\u00edku.<\/p>\n<p class=\"p4\">\u00a0<i>\u00a02. Leita eftir h\u00e6kku\u00f0um framl\u00f6gum \u00far opinberum sj\u00f3\u00f0um og fr\u00e1 einkaa\u00f0ilum til starfsemi \u00e1hugaleikf\u00e9laganna og sameiginlegra verkefna.<\/i><\/p>\n<p class=\"p4\">H\u00f3purinn er samm\u00e1la um a\u00f0 stj\u00f3rnin skuli leggja \u00e1herslu \u00e1 a\u00f0 fylgja \u00feessari stefnu eftir af krafti og telur lj\u00f3st a\u00f0 auka \u00feurfi vi\u00f0 af h\u00e1lfu r\u00edkisins. Reyna m\u00e6tti a\u00f0 beita hreppar\u00edg \u00ed samt\u00f6lum vi\u00f0 r\u00e1\u00f0herra.<\/p>\n<p class=\"p4\"><i>3.\u00a0\u00d6nnur s\u00e9rverkefni.<\/i><\/p>\n<p class=\"p4\">H\u00f3purinn er samm\u00e1la um a\u00f0 \u00fea\u00f0 s\u00e9 g\u00f3\u00f0 hugmynd a\u00f0 n\u00fdta aukinn t\u00edma \u00ed kringum a\u00f0alfund til n\u00e1mskei\u00f0ahalds l\u00edkt og gert var n\u00fa.<\/p>\n<p class=\"p4\">H\u00f3purinn er samm\u00e1la um a\u00f0 stj\u00f3rnin skuli kanna m\u00f6guleikann \u00e1 einhvers konar sameiginlegu verkefni, t.d. \u201estuttverkadegi\u201c. Telur h\u00f3purinn a\u00f0 \u00fea\u00f0 \u00feurfi ekki a\u00f0 tengjast a\u00f0alfundi.<\/p>\n<p class=\"p4\">H\u00f3purinn minnir \u00e1 a\u00f0 2020 s\u00e9 handan vi\u00f0 horni\u00f0 og fara \u00feurfi af sta\u00f0 me\u00f0 undirb\u00faning fyrir NEATA ef vi\u00f0 \u00e6tlum a\u00f0 s\u00e6kja um a\u00f0 halda h\u00e1t\u00ed\u00f0ina.<\/p>\n<p class=\"p4\"><i>Umr\u00e6\u00f0ur um starfs\u00e1\u00e6tlun:<\/i><\/p>\n<p class=\"p4\">\u00d6rn ber upp spurningu til L\u00e9nsherra um \u00fea\u00f0 hven\u00e6r ver\u00f0i h\u00e6gt a\u00f0 setja upp leiks\u00fdningu me\u00f0 \u00fev\u00ed a\u00f0 \u00fdta \u00e1 takka. Vefstj\u00f3ri brosir \u00ed kampinn.<\/p>\n<p class=\"p4\">Vilborg lei\u00f0r\u00e9ttir misskilning um a\u00f0 h\u00e6gt s\u00e9 a\u00f0 s\u00e6kja um a\u00f0 halda NEATA h\u00e1t\u00ed\u00f0 \u00e1ri\u00f0 2020. \u00de\u00e6r fari eftir r\u00f6\u00f0 og \u00fea\u00f0 komi ekki a\u00f0 okkur fyrr en 2028.<\/p>\n<p class=\"p4\">Hrefna \u00feakkar allar g\u00f3\u00f0ar \u00e1bendingar til sk\u00f3lanefndar og minnist \u00e1 a\u00f0 gaman v\u00e6ri a\u00f0 halda aftur stuttverkah\u00e1t\u00ed\u00f0 \u00ed sambandi vi\u00f0 a\u00f0alfund \u00fev\u00ed \u00fea\u00f0 var l\u00edtil \u00fe\u00e1tttaka \u00e1 stuttverkah\u00e1t\u00ed\u00f0 NEATA \u00ed f\u00e6reyjum \u00ed fyrra og \u00fea\u00f0 v\u00e6ri synd a\u00f0 missa \u00fea\u00f0 ni\u00f0ur.<\/p>\n<p class=\"p4\">Gu\u00f0finna talar um a\u00f0 h\u00fan s\u00e9 b\u00fain a\u00f0 skrifa og skrifa en tala um a\u00f0 sumar hugmyndir af umb\u00f3tum \u00e1 vefnum g\u00e6ti veri\u00f0 h\u00e6gt a\u00f0 leysa me\u00f0 h\u00f3pum \u00e1 facebook. H\u00fan segist vera hlynt hugmyndum um a\u00f0 hafa t\u00e6knin\u00e1mskei\u00f0 en talar einnig um a\u00f0 gaman v\u00e6ri a\u00f0 hafa aftur stuttverkah\u00e1t\u00ed\u00f0.<\/p>\n<p class=\"p4\">G\u00edsli Bj\u00f6rn heldur a\u00f0 \u00fea\u00f0 s\u00e9 kannski ekki miki\u00f0 m\u00e1l a\u00f0 setja upp safn me\u00f0 leikmunum og b\u00faningum, heldur s\u00e9 m\u00e1li\u00f0 a\u00f0 vi\u00f0halda r\u00e9ttum g\u00f6gnum. Halla er ekki samm\u00e1la. Hann stingur upp \u00e1 \u00fev\u00ed a\u00f0 streyma a\u00f0alfundinum fyrir \u00fe\u00e1 sem eiga ekki heimagengt.<\/p>\n<p class=\"p4\">H\u00f6r\u00f0ur greip \u00ferennt sem sn\u00fdr a\u00f0 vefnum. Minnsta m\u00e1l \u00ed heimi a\u00f0 setja upp vi\u00f0bur\u00f0as\u00ed\u00f0ur en vandam\u00e1li\u00f0 hefur ekki veri\u00f0 a\u00f0 setja inn efni heldur a\u00f0 f\u00e1 efni fr\u00e1 leikf\u00e9l\u00f6gunum. Mi\u00f0as\u00f6lukerfi er vi\u00f0amiki\u00f0 verkefni en hann mun sko\u00f0a \u00feetta og allar till\u00f6gur eru vel \u00feegnar. Var\u00f0andi t\u00e6kja og b\u00faningasafn finnst honum g\u00f3\u00f0 hugmynd og er b\u00fain a\u00f0 setja upp pr\u00f3t\u00f3t\u00fdpu sem \u00e1hugasamir geta fengi\u00f0 a\u00f0 sko\u00f0a. Halla segir a\u00f0 H\u00f6r\u00f0ur s\u00e9 snillingur. Hann bi\u00f0ur um a\u00f0 \u00fea\u00f0 s\u00e9 b\u00f3ka\u00f0.<\/p>\n<p class=\"p4\">Elli vekur athygli \u00e1 facebook h\u00f3pum sem eru til n\u00fa \u00feegar en finnst g\u00f3\u00f0 hugmynd a\u00f0 setja \u00feetta \u00e1 Leiklistarvefinn. Hann minnist einnig \u00e1 \u00fea\u00f0 a\u00f0 stundum er ekki sama f\u00f3lk a\u00f0 leika \u00ed stuttverkum og er a\u00f0 fara \u00e1 a\u00f0alfund Bandalagsins \u00fev\u00ed s\u00e9 stundum erfitt a\u00f0 fara me\u00f0 stuttverk hinumegin \u00e1 landi\u00f0.<\/p>\n<p class=\"p4\">Gu\u00f0r\u00fan Halla segir hennar reynsla hafi veri\u00f0 a\u00f0 \u00fea\u00f0 s\u00e9u meiri l\u00edkur a\u00f0 fleiri f\u00e9l\u00f6g taki \u00fe\u00e1tt ef h\u00e1t\u00ed\u00f0in tengist Bandalags\u00feingi en \u00fea\u00f0 s\u00e9 b\u00e6\u00f0i h\u00e6gt a\u00f0 hafa stuttverkah\u00e1t\u00ed\u00f0ir a\u00f0 hausti og vori.<\/p>\n<p class=\"p4\">Fram koma \u00ferj\u00e1r till\u00f6gur um li\u00f0i \u00e1 starfs\u00e1\u00e6tlun:<\/p>\n<p class=\"p4\"><i>1. Tillaga a\u00f0 s\u00e9rverkefni fyrir n\u00e6sta starfs\u00e1r:<\/i><\/p>\n<p class=\"p4\"><i>A\u00f0 halda vinnustofun\u00e1mskei\u00f0\/fyrirlestra um t.d. vefger\u00f0, Qlab, Office 365 ofl. \u00ed tengslum vi\u00f0 n\u00e6sta a\u00f0alfund.<\/i><\/p>\n<p class=\"p4\"><i>Starfsh\u00f3pur 3:<br \/>\n<\/i><i>Axel Vatnsdal<br \/>\n<\/i><i>Mar\u00eda Gu\u00f0mundsd\u00f3ttir<br \/>\n<\/i><i>Gu\u00f0r\u00fan Eysteinsd\u00f3ttir<br \/>\n<\/i><i>Hugr\u00fan \u00d3skarsd\u00f3ttir<br \/>\n<\/i><i>Stef\u00e1n \u00d6rn Vi\u00f0arsson<br \/>\n<\/i><i>\u00de\u00f3rd\u00eds Sigurgreirsd\u00f3ttir<br \/>\n<\/i><i>Magn\u00fe\u00f3ra Kristj\u00e1nsd\u00f3ttir<\/i><\/p>\n<p class=\"p4\"><i>2. S\u00e9rverkefni tillaga:<\/i><\/p>\n<p class=\"p4\"><i>A\u00f0 haldin ver\u00f0i stuttverkah\u00e1t\u00ed\u00f0 \u00ed tengslum vi\u00f0 a\u00f0alfund 2018.<br \/>\n<\/i><i>Stj\u00f3rn B\u00cdL <\/i><\/p>\n<p class=\"p4\"><i>3. Starfs\u00e1\u00e6tlum B\u00cdL 2017-2018<br \/>\n<\/i><i>Tillaga:<br \/>\n<\/i><i>Settur ver\u00f0i \u00e1 laggirnar starfsh\u00f3pur sem hefji undirb\u00faning a\u00f0 leiklistarh\u00e1t\u00ed\u00f0 \u00ed einhverju formi sem haldin yr\u00f0i \u00ed tengslum vi\u00f0 afm\u00e6li B\u00cdL \u00e1ri\u00f0 2020.<br \/>\n<\/i><i>Ingveldur \u00de. og Sigr\u00ed\u00f0ur H.<\/i><\/p>\n<p class=\"p4\">Umr\u00e6\u00f0ur um till\u00f6gur:<\/p>\n<p class=\"p4\">Stef\u00e1n \u00fatsk\u00fdrir kosti \u00feess a\u00f0 nota Office 365.<\/p>\n<p class=\"p4\">Elli spyr hvort fj\u00e1rhagsleg \u00e1h\u00e6tta fylgi \u00fev\u00ed a\u00f0 halda afm\u00e6lish\u00e1t\u00ed\u00f0. Ingveldur \u00fatsk\u00fdrir a\u00f0 \u00fea\u00f0 s\u00e9 tilgangurinn me\u00f0 starfh\u00f3pnum a\u00f0 kanna forsendur fyrir h\u00e1t\u00ed\u00f0 og kanna \u00e1 hva\u00f0a formi best v\u00e6ri a\u00f0 hafa hana.<\/p>\n<p class=\"p4\">Tillaga 1 borin undir fund og sam\u00feykkt.<\/p>\n<p class=\"p4\">Tillaga 2 borin undir fund og sam\u00feykkt.<\/p>\n<p class=\"p4\">Tillaga 3 borin undir fund og sam\u00feykkt.<\/p>\n<p class=\"p4\">Starfs\u00e1\u00e6tlun lesin upp og l\u00f6g\u00f0 fyrir fund:<\/p>\n<p class=\"p4\"><i>Starfs\u00e1\u00e6tlun \u00a0<\/i><i>Bandalags \u00edslenskra leikf\u00e9laga\u00a0<\/i><i>leik\u00e1ri\u00f0 2017-2018<\/i><\/p>\n<p class=\"p4\"><i>Almenn starfsemi<\/i><\/p>\n<p class=\"p4\"><i>1. Rekstur \u00fej\u00f3nustumi\u00f0st\u00f6\u00f0var, Leiklistarsk\u00f3la, Leiklistarvefsins og annarra fastra li\u00f0a \u00ed starfseminni.<\/i><\/p>\n<p class=\"p4\"><i>2. Leita eftir h\u00e6kku\u00f0um framl\u00f6gum \u00far opinberum sj\u00f3\u00f0um og fr\u00e1 einkaa\u00f0ilum til starfsemi \u00e1hugaleikf\u00e9laganna og sameiginlegra verkefna.<\/i><\/p>\n<p class=\"p4\"><i>S\u00e9rverkefni<\/i><\/p>\n<p class=\"p4\"><i>1. A\u00f0 halda vinnustofun\u00e1mskei\u00f0\/fyrirlestra um t.d. vefger\u00f0, Qlab, Office 365 ofl. \u00ed tengslum vi\u00f0 n\u00e6sta a\u00f0alfund.<\/i><\/p>\n<p class=\"p4\"><i>2. A\u00f0 haldin ver\u00f0i stuttverkah\u00e1t\u00ed\u00f0 \u00ed tengslum vi\u00f0 a\u00f0alfund 2018.<\/i><\/p>\n<p class=\"p4\"><i>3. Settur ver\u00f0i \u00e1 laggirnar starfsh\u00f3pur sem hefji undirb\u00faning a\u00f0 leiklistarh\u00e1t\u00ed\u00f0 \u00ed einhverju formi sem haldin yr\u00f0i \u00ed tengslum vi\u00f0 afm\u00e6li B\u00cdL \u00e1ri\u00f0 2020.<\/i><\/p>\n<p class=\"p4\">Starfs\u00e1\u00e6tlun sam\u00feykkt.<\/p>\n<p class=\"p4\"><b><i>15. Stj\u00f3rnarkj\u00f6r.<\/i><\/b><\/p>\n<p class=\"p4\">Gu\u00f0finna Gunnard\u00f3ttir gefur kost \u00e1 s\u00e9r til \u00e1framhaldandi formannssetu. Engin m\u00f3tframbo\u00f0 b\u00e1rust. Gu\u00f0finna kosinn forma\u00f0ur Bandalagsins.<\/p>\n<p class=\"p4\">G\u00edsli Bj\u00f6rn Heimisson gefur kost \u00e1 s\u00e9r til \u00e1framhaldandi stj\u00f3rnarsetu. Engin m\u00f3tframbo\u00f0. G\u00edsli Bj\u00f6rn kosin til \u00e1framhaldandi stj\u00f3rnarsetu.<\/p>\n<p class=\"p4\">\u00der\u00edr varamenn eiga a\u00f0 ganga \u00far stj\u00f3rn. \u00der\u00fa\u00f0ur Sigur\u00f0ard\u00f3ttr, Embla Gu\u00f0mundsd\u00f3ttir og Salbj\u00f6rg Engilbertsd\u00f3ttir. \u00de\u00e6r gefa allar kost \u00e1 s\u00e9r \u00e1fram. Engin m\u00f3tframbo\u00f0. \u00de\u00e6r kosnar til \u00e1framhaldandi stj\u00f3rnarsetu.<\/p>\n<p class=\"p4\"><b><i>16. a. Kosning 3ja manna kj\u00f6rnefndar og eins varamanns til eins \u00e1rs.<\/i><\/b><\/p>\n<p class=\"p4\">Kj\u00f6rnefnd skipa D\u00fdrleif J\u00f3nsd\u00f3ttir, Ger\u00f0ur Sigur\u00f0ard\u00f3ttir, Sigr\u00ed\u00f0ur L\u00e1ra Sigurj\u00f3nsd\u00f3ttir. \u00d6rn Alexandersson til vara. \u00deau gefa \u00f6ll kost \u00e1 s\u00e9r \u00e1fram. Engin m\u00f3tframbo\u00f0. Kj\u00f6rnefnd situr \u00e1fram \u00f3breytt.<\/p>\n<p class=\"p4\"><b><i>b. Kosning 2ja sko\u00f0unarmanna reikninga og eins til vara til eins \u00e1rs.<\/i><\/b><\/p>\n<p class=\"p4\">N\u00faverandi sko\u00f0narmenn reikninga eru Anna J\u00f3runn Stef\u00e1nsd\u00f3ttir, Hrefna Fri\u00f0riksd\u00f3ttir og J\u00fal\u00eda Hannam til vara. \u00de\u00e6r gefa allar kost \u00e1 s\u00e9r \u00e1fram. Engin m\u00f3tframbo\u00f0. Sko\u00f0unarmenn sitja \u00e1fram.<\/p>\n<p class=\"p4\"><b><i>17. \u00c1kve\u00f0i\u00f0 \u00e1rgjald til Bandalagsins.<\/i><\/b><\/p>\n<p class=\"p4\">Stj\u00f3rn Bandalags \u00edslenskra leikf\u00e9laga leggur til a\u00f0 \u00e1rgj\u00f6ld a\u00f0ildarf\u00e9laga fyrir leik\u00e1ri\u00f0 2017-2018 ver\u00f0i kr. 68.500.<br \/>\nF\u00e9l\u00f6g sem setja upp tv\u00e6r styrkh\u00e6far s\u00fdningar \u00e1 leik\u00e1rinu borgi eitt og h\u00e1lft gjald e\u00f0a 102.750 og f\u00e9l\u00f6g sem setja upp \u00ferj\u00e1r s\u00fdningar e\u00f0a fleiri borgi tv\u00f6falt gjald e\u00f0a kr. 137.000.<br \/>\nF\u00e9l\u00f6g sem setja ekki upp styrkh\u00e6fa s\u00fdningu \u00e1 leik\u00e1rinu borgi h\u00e1lft \u00e1rgjald e\u00f0a kr. 34.250.<\/p>\n<p class=\"p4\">Umr\u00e6\u00f0ur um \u00e1rgjald:<\/p>\n<p class=\"p4\">Embla spyr hvort \u00feeir sem kaupi b\u00f3kina f\u00e1i afsl\u00e1tt. Stj\u00f3rn neitar \u00fev\u00ed.<\/p>\n<p class=\"p4\">Tillaga a\u00f0 \u00e1rgjaldi borin upp og sam\u00feykkt.<\/p>\n<p class=\"p4\"><b><i>18. \u00d6nnur m\u00e1l<\/i><\/b><\/p>\n<p class=\"p4\">J\u00f3nhei\u00f0ur \u00cdsleifsd\u00f3ttir \u00e1 s\u00e9r draum og bar fram till\u00f6gu a\u00f0 sameiginlegri b\u00faningageymslu leikf\u00e9laganna. Me\u00f0 g\u00f3\u00f0ri vi\u00f0skipta\u00e1\u00e6ltun v\u00e6ri h\u00e6gt a\u00f0 stu\u00f0la a\u00f0 \u00fev\u00ed a\u00f0 au\u00f0velda fj\u00e1rm\u00f6gnun. B\u00faningar v\u00e6ru leig\u00f0ir \u00fat.<span class=\"Apple-converted-space\">\u00a0 <\/span>M\u00f6gulega v\u00e6ri h\u00e6gt a\u00f0 s\u00e6kja um \u00ed N\u00fdsk\u00f6punarsj\u00f3\u00f0.<\/p>\n<p class=\"p4\">Elli leggur til a\u00f0 \u00ed samfellu vi\u00f0 b\u00faningageymsluna ver\u00f0i leikmunaleiga.<\/p>\n<p class=\"p4\">Vilborg ber fram till\u00f6gu fyrir \u00d6rn Alexanderson.<span class=\"Apple-converted-space\">\u00a0 <\/span>\u00d6rn leggur til vi\u00f0 stj\u00f3rn Bandalagsins a\u00f0 h\u00fan beiti s\u00e9r fyrir \u00fev\u00ed a\u00f0 sko\u00f0a sameiginlegt mi\u00f0as\u00f6lukerfi og eignaums\u00fdslukerfi \u00e1 Leiklistarvefnum.<\/p>\n<p class=\"p4\">Vilborg greinir fr\u00e1 \u00fev\u00ed a\u00f0 \u00fea\u00f0 l\u00ed\u00f0i a\u00f0 starfslokum hennar hj\u00e1 Bandalaginu en h\u00fan hefur \u00e1kve\u00f0i\u00f0 a\u00f0 h\u00e6tta st\u00f6rfum vegna aldurs um \u00e1ram\u00f3tin 2018\/19 eftir samtals 40 \u00e1ra vinnu fyrir samt\u00f6kin, \u00fear af sem framnkv\u00e6mdastj\u00f3ri \u00ed 25 \u00e1r. H\u00fan leggur til a\u00f0 tekinn ver\u00f0i t\u00edmi \u00e1 n\u00e6sta a\u00f0alfundi til a\u00f0 meta st\u00f6\u00f0una og taka \u00e1kvar\u00f0anir um rekstur \u00fej\u00f3nustumi\u00f0st\u00f6\u00f0varinnar \u00ed framhaldinu. N\u00fa s\u00e9 t\u00edmab\u00e6rt a\u00f0 sko\u00f0a hann vel.<\/p>\n<p class=\"p4\">Bernhar\u00f0 Arnarson vill minna \u00e1 a\u00f0 b\u00f3kin Allt fyrir andann s\u00e9 enn til s\u00f6lu \u00e1 1000 kr. Gott a\u00f0 hvert leikf\u00e9lag kaupi a.m.k 1 stk og gefi Vilborgu a\u00f0 skilna\u00f0i. Hann \u00feakkar s\u00ed\u00f0an fyrir fr\u00e1b\u00e6ran fund og \u00f3skar \u00feess a\u00f0 f\u00f3lk eigi g\u00f3\u00f0a kv\u00f6ldstund.<\/p>\n<p class=\"p4\"><b><i>19. N\u00e6sti a\u00f0alfundur, hugmyndir reifa\u00f0ar um sta\u00f0 og stund.<span class=\"Apple-converted-space\">\u00a0 \u00a0<\/span><\/i><\/b><\/p>\n<p class=\"p4\">Embla Gu\u00f0mundsd\u00f3ttir, Ungmennaf\u00e9lagi Reykd\u00e6la b\u00fd\u00f0ur til Bandalags\u00feings \u00e1 n\u00e6sta \u00e1ri \u00ed tilefni 110 \u00e1ra afm\u00e6lis f\u00e9lagsins.<\/p>\n<p class=\"p4\">Gu\u00f0finna \u00feakkar fyrir bo\u00f0i\u00f0. H\u00fan gle\u00f0st yfir g\u00f3\u00f0um og hnitmi\u00f0u\u00f0um fundi og h\u00fan hlakkar til \u00e1framhaldandi g\u00f3\u00f0s samstarfs vi\u00f0 stj\u00f3rn Bandalagsins. Forma\u00f0ur \u00feakkar starfsm\u00f6nnum fundarins og sl\u00edtur fundi kl. 15:54.<\/p>\n<p class=\"p5\" style=\"text-align: right;\"><i>Fundarger\u00f0 ritu\u00f0u J\u00f3nhei\u00f0ur \u00cdsleifsd\u00f3ttir og Salbj\u00f6rg Engilbertsd\u00f3ttir.<\/i><\/p>","protected":false},"excerpt":{"rendered":"<p>A\u00f0alfundur Bandalags \u00edslenskra leikf\u00e9laga, haldinn a\u00f0 H\u00f3tel Hl\u00ed\u00f0 \u00ed \u00d6lfusi laugardaginn 6. ma\u00ed 2017 Fundur settur kl. 9.00 1. Fundarsetning. Kosning 2ja fundarstj\u00f3ra og 2ja fundarritara, sem taka \u00feegar til starfa. L\u00f6gm\u00e6ti fundarins kanna\u00f0. Hulda Gunnarsd\u00f3ttir fr\u00e1 Leikf\u00e9lagi \u00d6lfuss og Magn\u00fas J. Magn\u00fasson fr\u00e1 Leikf\u00e9lagi Selfoss eru skipa\u00f0ir fundarstj\u00f3rar og Salbj\u00f6rg Engilbertsd\u00f3ttir fr\u00e1 Leikf\u00e9lagi H\u00f3lmav\u00edkur [&hellip;]<\/p>\n","protected":false},"author":3,"featured_media":0,"comment_status":"closed","ping_status":"closed","sticky":false,"template":"","format":"standard","meta":{"_et_pb_use_builder":"","_et_pb_old_content":"","_et_gb_content_width":"","footnotes":""},"categories":[206,202],"tags":[],"class_list":["post-9223","post","type-post","status-publish","format-standard","hentry","category-adalfundargerdir","category-bandalagi","et-doesnt-have-format-content","et_post_format-et-post-format-standard"],"_links":{"self":[{"href":"https:\/\/leiklist.is\/en\/wp-json\/wp\/v2\/posts\/9223","targetHints":{"allow":["GET"]}}],"collection":[{"href":"https:\/\/leiklist.is\/en\/wp-json\/wp\/v2\/posts"}],"about":[{"href":"https:\/\/leiklist.is\/en\/wp-json\/wp\/v2\/types\/post"}],"author":[{"embeddable":true,"href":"https:\/\/leiklist.is\/en\/wp-json\/wp\/v2\/users\/3"}],"replies":[{"embeddable":true,"href":"https:\/\/leiklist.is\/en\/wp-json\/wp\/v2\/comments?post=9223"}],"version-history":[{"count":0,"href":"https:\/\/leiklist.is\/en\/wp-json\/wp\/v2\/posts\/9223\/revisions"}],"wp:attachment":[{"href":"https:\/\/leiklist.is\/en\/wp-json\/wp\/v2\/media?parent=9223"}],"wp:term":[{"taxonomy":"category","embeddable":true,"href":"https:\/\/leiklist.is\/en\/wp-json\/wp\/v2\/categories?post=9223"},{"taxonomy":"post_tag","embeddable":true,"href":"https:\/\/leiklist.is\/en\/wp-json\/wp\/v2\/tags?post=9223"}],"curies":[{"name":"wp","href":"https:\/\/api.w.org\/{rel}","templated":true}]}}