{"id":899,"date":"2006-09-05T11:47:42","date_gmt":"2006-09-05T11:47:42","guid":{"rendered":"http:\/\/wp.leiklist.is\/?p=899"},"modified":"2006-09-05T11:47:42","modified_gmt":"2006-09-05T11:47:42","slug":"aundur-leikfgsins-s","status":"publish","type":"post","link":"https:\/\/leiklist.is\/en\/aundur-leikfgsins-s\/","title":{"rendered":"A\u00f0alfundur Leikf\u00e9lagsins S\u00fdnir"},"content":{"rendered":"<p>Leikf&eacute;lagi&eth; S\u00fdnir heldur a&eth;alfund laugardaginn 16. september 2006 \u00ed Hj\u00e1leigu Leikf&eacute;lags K\u00f3pavogs, Fannborg 2, K\u00f3pavogi. Fundurinn hefst klukkan 13:00.<\/p>\n<p> Dagskr\u00e1: Hef&eth;bundin a&eth;alfundast&ouml;rf og &ouml;nnur m\u00e1l.<\/p>\n<p> Kosi&eth; ver&eth;ur \u00ed stj\u00f3rn, fari&eth; yfir starf s\u00ed&eth;ustu tveggja \u00e1ra og fari&eth; yfir fj\u00e1rm\u00e1lin.<br \/> Auk &thorn;ess ver&eth;ur starfi&eth; framundan r&aelig;tt.<\/p>\n<p> Mikilv&aelig;gt er a&eth; f&eacute;lagsmenn m&aelig;ti til &thorn;ess a&eth; tj\u00e1 sig um starf f&eacute;lagsins.<br \/> Allar n\u00fdjar till&ouml;gur eru mj&ouml;g vel &thorn;egnar.<\/p>\n<p> Leikf&eacute;lagi&eth; S\u00fdnir var stofna&eth; af nemendum \u00far Leiklistarsk\u00f3la Bandalags \u00edslenskra leikf&eacute;laga \u00e1ri&eth; 1997 og starfar \u00e1 landsv\u00edsu, a&eth;allega \u00e1 sumrin. Allir sem \u00e1huga hafa geta gerst f&eacute;lagar. <br \/> N\u00fdir f&eacute;lagar velkomnir \u00e1 a&eth;alfund.<\/p>\n<p> Stj\u00f3rnin<\/p>","protected":false},"excerpt":{"rendered":"<p>Leikf&eacute;lagi&eth; S\u00fdnir heldur a&eth;alfund laugardaginn 16. september 2006 \u00ed Hj\u00e1leigu Leikf&eacute;lags K\u00f3pavogs, Fannborg 2, K\u00f3pavogi. Fundurinn hefst klukkan 13:00. Dagskr\u00e1: Hef&eth;bundin a&eth;alfundast&ouml;rf og &ouml;nnur m\u00e1l. Kosi&eth; ver&eth;ur \u00ed stj\u00f3rn, fari&eth; yfir starf s\u00ed&eth;ustu tveggja \u00e1ra og fari&eth; yfir fj\u00e1rm\u00e1lin. Auk &thorn;ess ver&eth;ur starfi&eth; framundan r&aelig;tt. Mikilv&aelig;gt er a&eth; f&eacute;lagsmenn m&aelig;ti til &thorn;ess a&eth; tj\u00e1 sig [&hellip;]<\/p>\n","protected":false},"author":3,"featured_media":0,"comment_status":"open","ping_status":"open","sticky":false,"template":"","format":"standard","meta":{"_et_pb_use_builder":"","_et_pb_old_content":"","_et_gb_content_width":"","footnotes":""},"categories":[187],"tags":[],"class_list":["post-899","post","type-post","status-publish","format-standard","hentry","category-allar-frir","et-doesnt-have-format-content","et_post_format-et-post-format-standard"],"_links":{"self":[{"href":"https:\/\/leiklist.is\/en\/wp-json\/wp\/v2\/posts\/899","targetHints":{"allow":["GET"]}}],"collection":[{"href":"https:\/\/leiklist.is\/en\/wp-json\/wp\/v2\/posts"}],"about":[{"href":"https:\/\/leiklist.is\/en\/wp-json\/wp\/v2\/types\/post"}],"author":[{"embeddable":true,"href":"https:\/\/leiklist.is\/en\/wp-json\/wp\/v2\/users\/3"}],"replies":[{"embeddable":true,"href":"https:\/\/leiklist.is\/en\/wp-json\/wp\/v2\/comments?post=899"}],"version-history":[{"count":0,"href":"https:\/\/leiklist.is\/en\/wp-json\/wp\/v2\/posts\/899\/revisions"}],"wp:attachment":[{"href":"https:\/\/leiklist.is\/en\/wp-json\/wp\/v2\/media?parent=899"}],"wp:term":[{"taxonomy":"category","embeddable":true,"href":"https:\/\/leiklist.is\/en\/wp-json\/wp\/v2\/categories?post=899"},{"taxonomy":"post_tag","embeddable":true,"href":"https:\/\/leiklist.is\/en\/wp-json\/wp\/v2\/tags?post=899"}],"curies":[{"name":"wp","href":"https:\/\/api.w.org\/{rel}","templated":true}]}}