{"id":8967,"date":"2017-04-24T11:03:48","date_gmt":"2017-04-24T11:03:48","guid":{"rendered":"http:\/\/leiklist.is\/?p=8967"},"modified":"2017-04-24T11:03:48","modified_gmt":"2017-04-24T11:03:48","slug":"aevintyrakistan-lokasyningarhelgi","status":"publish","type":"post","link":"https:\/\/leiklist.is\/en\/aevintyrakistan-lokasyningarhelgi\/","title":{"rendered":"\u00c6vint\u00fdrakistan, lokas\u00fdningarhelgi"},"content":{"rendered":"<p class=\"p1\">Leikf\u00e9lag S\u00f3lheima s\u00fdnir um \u00feessar mundir n\u00fdtt \u00edslenskt barnaleikrit, \u00c6vint\u00fdrakistuna eftir Gu\u00f0mund L\u00fa\u00f0v\u00edk \u00deorvaldsson sem einnig leikst\u00fdrir verkinu. T\u00f3nlistina semur \u00der\u00f6stur Har\u00f0arson, kokkur \u00e1 S\u00f3lheimum.<\/p>\n<p class=\"p1\">\u00cd \u00c6vint\u00fdrakistuni eru sett saman \u00ferj\u00fa \u00feekkt Grimms \u00e6vint\u00fdri, Gullg\u00e6sin, St\u00edgv\u00e9la\u00f0i k\u00f6tturinn og Brimarborgarhlj\u00f3mseitin.<\/p>\n<p class=\"p1\">R\u00famur helmingur \u00edb\u00faa og starfsmana S\u00f3lheima koma \u00e1 einhvern h\u00e1tt a\u00f0 s\u00fdningunni.<\/p>\n<p class=\"p1\">Ekki missa af n\u00fdju \u00edslensku barnaleikriti.<\/p>\n<p class=\"p1\">N\u00fa eru bara tv\u00e6r s\u00fdningar eftir:<br \/>\nLaugardaginn 29. apr\u00edl<br \/>\nLokas\u00fdning ver\u00f0ur sunnudaginn 30. apr\u00edl<\/p>\n<p class=\"p1\">S\u00fdningar eru \u00ed \u00cd\u00fer\u00f3ttaleikh\u00fasinu \u00e1 S\u00f3lheimum, byrja kl. 14.00 og taka um klukkut\u00edma.<\/p>\n<p class=\"p1\">Mi\u00f0asalan er \u00ed s\u00edma 847 5323 e\u00f0a\u00a0<a href=\"mailto:solheimar@solheimar.is\">solheimar@solheimar.is<br \/>\n<\/a>Uppl\u00fdsingar <a href=\"http:\/\/www.solheimar.is\/\">www.solheimar.is<\/a><\/p>\n<p class=\"p1\">Opi\u00f0 ver\u00f0ur \u00ed kaffih\u00fasinu Gr\u00e6nu k\u00f6nnunni og versluninni V\u00f6lu \u00e1 s\u00fdningard\u00f6gum, veri\u00f0 hjartanlega velkomin og nj\u00f3ti\u00f0!<\/p>","protected":false},"excerpt":{"rendered":"<p>Leikf\u00e9lag S\u00f3lheima s\u00fdnir um \u00feessar mundir n\u00fdtt \u00edslenskt barnaleikrit, \u00c6vint\u00fdrakistuna eftir Gu\u00f0mund L\u00fa\u00f0v\u00edk \u00deorvaldsson sem einnig leikst\u00fdrir verkinu. T\u00f3nlistina semur \u00der\u00f6stur Har\u00f0arson, kokkur \u00e1 S\u00f3lheimum. \u00cd \u00c6vint\u00fdrakistuni eru sett saman \u00ferj\u00fa \u00feekkt Grimms \u00e6vint\u00fdri, Gullg\u00e6sin, St\u00edgv\u00e9la\u00f0i k\u00f6tturinn og Brimarborgarhlj\u00f3mseitin. R\u00famur helmingur \u00edb\u00faa og starfsmana S\u00f3lheima koma \u00e1 einhvern h\u00e1tt a\u00f0 s\u00fdningunni. Ekki missa af n\u00fdju [&hellip;]<\/p>\n","protected":false},"author":3,"featured_media":8968,"comment_status":"closed","ping_status":"closed","sticky":false,"template":"","format":"standard","meta":{"_et_pb_use_builder":"","_et_pb_old_content":"","_et_gb_content_width":"","footnotes":""},"categories":[187,213],"tags":[],"class_list":["post-8967","post","type-post","status-publish","format-standard","has-post-thumbnail","hentry","category-allar-frir","category-vikupostur","et-has-post-format-content","et_post_format-et-post-format-standard"],"_links":{"self":[{"href":"https:\/\/leiklist.is\/en\/wp-json\/wp\/v2\/posts\/8967","targetHints":{"allow":["GET"]}}],"collection":[{"href":"https:\/\/leiklist.is\/en\/wp-json\/wp\/v2\/posts"}],"about":[{"href":"https:\/\/leiklist.is\/en\/wp-json\/wp\/v2\/types\/post"}],"author":[{"embeddable":true,"href":"https:\/\/leiklist.is\/en\/wp-json\/wp\/v2\/users\/3"}],"replies":[{"embeddable":true,"href":"https:\/\/leiklist.is\/en\/wp-json\/wp\/v2\/comments?post=8967"}],"version-history":[{"count":0,"href":"https:\/\/leiklist.is\/en\/wp-json\/wp\/v2\/posts\/8967\/revisions"}],"wp:featuredmedia":[{"embeddable":true,"href":"https:\/\/leiklist.is\/en\/wp-json\/"}],"wp:attachment":[{"href":"https:\/\/leiklist.is\/en\/wp-json\/wp\/v2\/media?parent=8967"}],"wp:term":[{"taxonomy":"category","embeddable":true,"href":"https:\/\/leiklist.is\/en\/wp-json\/wp\/v2\/categories?post=8967"},{"taxonomy":"post_tag","embeddable":true,"href":"https:\/\/leiklist.is\/en\/wp-json\/wp\/v2\/tags?post=8967"}],"curies":[{"name":"wp","href":"https:\/\/api.w.org\/{rel}","templated":true}]}}