{"id":891,"date":"2006-08-31T11:26:44","date_gmt":"2006-08-31T11:26:44","guid":{"rendered":"http:\/\/wp.leiklist.is\/?p=891"},"modified":"2006-08-31T11:26:44","modified_gmt":"2006-08-31T11:26:44","slug":"leikfg-reykjavr-10","status":"publish","type":"post","link":"https:\/\/leiklist.is\/en\/leikfg-reykjavr-10\/","title":{"rendered":"Leikf\u00e9lag Reykjav\u00edkur \u00ed 110 \u00e1r"},"content":{"rendered":"<p>Opi&eth; h\u00fas ver&eth;ur \u00ed Borgarleikh\u00fasinu sunnudaginn 3. september milli 3-5. Bo&eth;i&eth; ver&eth;ur upp \u00e1 fj&ouml;lbreytta dagskr\u00e1 &thorn;ar sem allir &aelig;ttu a&eth; geta fundi&eth; eitthva&eth; vi&eth; sitt h&aelig;fi.<\/p>\n<p> Vetrarstarfi&eth; ver&eth;ur kynnt hj\u00e1 Borgarleikh\u00fasinu, \u00cdslenska dansflokknum og S&ouml;nglist. Pers\u00f3nur \u00far verkum vetrarins sp\u00edgspora um leikh\u00fasi&eth;. Hva&eth; gerist &thorn;egar Hitler og Ronja m&aelig;tast? E&eth;a Mozart og Tarzan?<\/p>\n<p> <!--more--> Bo&eth;i&eth; ver&eth;ur upp \u00e1 veitingar fyrir unga sem aldna. Starfsf\u00f3lk Borgarleikh\u00fassins, me&eth; leikh\u00fasstj\u00f3rann \u00ed broddi fylkingar, bakar v&ouml;fflur fyrir gesti og gangandi, &thorn;a&eth; ver&eth;ur heitt \u00e1 k&ouml;nnunni og svaladrykkir fyrir b&ouml;rnin. Dagskr\u00e1 me&eth; lifandi t\u00f3nlist ver&eth;ur \u00ed tvo t\u00edma. Geirfuglarnir spila, Laddi og Eggert &THORN;orleifsson &aelig;tla a&eth; gera &thorn;a&eth; gott. Flutt ver&eth;a t\u00f3nlistaratri&eth;i \u00far Ronju, Gretti og Footloose og b&ouml;rn \u00far S&ouml;nglist tro&eth;a upp. Einnig ver&eth;ur h&aelig;gt a&eth; fylgjast me&eth; &aelig;fingum \u00e1 Amadeusi, Mein kampf og hj\u00e1 \u00cdslenska dansflokknum.&nbsp; <\/p>\n<p> Opnu&eth; ver&eth;ur s\u00fdning \u00e1 myndunum sem b\u00e1rust \u00ed teiknisamkeppnina &ldquo;Ronja r&aelig;ningjad\u00f3ttir \u00ed sumarfr\u00edi&rdquo; og&nbsp; mun Ronja sj\u00e1lf afhenda ver&eth;laun fyrir &thorn;rj\u00fa efstu s&aelig;tin.<br \/> &nbsp;<br \/> Leikf&eacute;lag Reykjav\u00edkur fagnar 110 \u00e1ra afm&aelig;li s\u00ednu \u00e1 &thorn;essu leik\u00e1ri og af &thorn;v\u00ed tilefni b\u00fd&eth;ur &thorn;a&eth; tilbo&eth; \u00e1 3ja s\u00fdninga \u00e1skriftarkortum \u00e1 3.000 kr\u00f3nur. Korti&eth; gildir \u00e1 Mein Kampf, sem frums\u00fdnt ver&eth;ur \u00ed september, Dag vonar, sem frums\u00fdnt ver&eth;ur \u00ed jan\u00faar, og eina s\u00fdningu a&eth; eigin vali hj\u00e1 Leikf&eacute;lagi Reykjav\u00edkur.&nbsp; Kortin ver&eth;ur a&eth;eins h&aelig;gt a&eth; kaupa laugardag og sunnudag.<\/p>","protected":false},"excerpt":{"rendered":"<p>Opi&eth; h\u00fas ver&eth;ur \u00ed Borgarleikh\u00fasinu sunnudaginn 3. september milli 3-5. Bo&eth;i&eth; ver&eth;ur upp \u00e1 fj&ouml;lbreytta dagskr\u00e1 &thorn;ar sem allir &aelig;ttu a&eth; geta fundi&eth; eitthva&eth; vi&eth; sitt h&aelig;fi. Vetrarstarfi&eth; ver&eth;ur kynnt hj\u00e1 Borgarleikh\u00fasinu, \u00cdslenska dansflokknum og S&ouml;nglist. Pers\u00f3nur \u00far verkum vetrarins sp\u00edgspora um leikh\u00fasi&eth;. Hva&eth; gerist &thorn;egar Hitler og Ronja m&aelig;tast? E&eth;a Mozart og Tarzan?<\/p>","protected":false},"author":3,"featured_media":890,"comment_status":"open","ping_status":"open","sticky":false,"template":"","format":"standard","meta":{"_et_pb_use_builder":"","_et_pb_old_content":"","_et_gb_content_width":"","footnotes":""},"categories":[187],"tags":[],"class_list":["post-891","post","type-post","status-publish","format-standard","has-post-thumbnail","hentry","category-allar-frir","et-has-post-format-content","et_post_format-et-post-format-standard"],"_links":{"self":[{"href":"https:\/\/leiklist.is\/en\/wp-json\/wp\/v2\/posts\/891","targetHints":{"allow":["GET"]}}],"collection":[{"href":"https:\/\/leiklist.is\/en\/wp-json\/wp\/v2\/posts"}],"about":[{"href":"https:\/\/leiklist.is\/en\/wp-json\/wp\/v2\/types\/post"}],"author":[{"embeddable":true,"href":"https:\/\/leiklist.is\/en\/wp-json\/wp\/v2\/users\/3"}],"replies":[{"embeddable":true,"href":"https:\/\/leiklist.is\/en\/wp-json\/wp\/v2\/comments?post=891"}],"version-history":[{"count":0,"href":"https:\/\/leiklist.is\/en\/wp-json\/wp\/v2\/posts\/891\/revisions"}],"wp:featuredmedia":[{"embeddable":true,"href":"https:\/\/leiklist.is\/en\/wp-json\/"}],"wp:attachment":[{"href":"https:\/\/leiklist.is\/en\/wp-json\/wp\/v2\/media?parent=891"}],"wp:term":[{"taxonomy":"category","embeddable":true,"href":"https:\/\/leiklist.is\/en\/wp-json\/wp\/v2\/categories?post=891"},{"taxonomy":"post_tag","embeddable":true,"href":"https:\/\/leiklist.is\/en\/wp-json\/wp\/v2\/tags?post=891"}],"curies":[{"name":"wp","href":"https:\/\/api.w.org\/{rel}","templated":true}]}}