{"id":8843,"date":"2017-03-08T15:11:28","date_gmt":"2017-03-08T15:11:28","guid":{"rendered":"http:\/\/leiklist.is\/?p=8843"},"modified":"2020-03-02T09:58:53","modified_gmt":"2020-03-02T09:58:53","slug":"leiklistarskoli-bil-2017","status":"publish","type":"post","link":"https:\/\/leiklist.is\/en\/leiklistarskoli-bil-2017\/","title":{"rendered":"Leiklistarsk\u00f3li B\u00cdL 2017"},"content":{"rendered":"<p>Starfst\u00edmi sk\u00f3lans \u00e1 \u00feessu \u00e1ri er fr\u00e1 12. til 20. j\u00fan\u00ed a\u00f0 Reykjask\u00f3la \u00ed Hr\u00fatafir\u00f0i.<\/p>\n<p>\u00cd sumar ver\u00f0a \u00ferj\u00fa n\u00e1mskei\u00f0 \u00ed bo\u00f0i sem \u00f6ll gera r\u00e1\u00f0 fyrir \u00feekkingu og reynslu nemenda. \u00c1g\u00fasta Sk\u00falad\u00f3ttir ver\u00f0ur me\u00f0 Leiklist II, framhald af velheppnu\u00f0u byrjendan\u00e1mskei\u00f0i sem haldi\u00f0 var \u00ed fyrrasumar. R\u00fanar Gu\u00f0brandsson st\u00fdrir masterclass n\u00e1mskei\u00f0i \u00ed leikstj\u00f3rn og byggir \u00fear ofan \u00e1 g\u00f3\u00f0an grunn. \u00de\u00e1 bj\u00f3\u00f0um vi\u00f0 s\u00e9rstaklega velkominn n\u00fdjan kennara, \u00deorsteinn Bachmann, sem b\u00fd\u00f0ur reyndari leikurum upp \u00e1 n\u00e1mskei\u00f0 \u00fear sem l\u00f6g\u00f0 ver\u00f0ur \u00e1hersla \u00e1 sj\u00e1lfst\u00e6\u00f0i og frumsk\u00f6pun leikarans.<\/p>\n<p>Auk n\u00e1mskei\u00f0ahalds bj\u00f3\u00f0um vi\u00f0 h\u00f6fundum a\u00f0 dvelja a\u00f0 Reykjask\u00f3la vi\u00f0 skapandi skrif.<\/p>\n<p>B\u00e6klingur sk\u00f3lans starfs\u00e1ri\u00f0 2017 er h\u00e9r \u00e1 PDF formi:<\/p>\n<p><a href=\"https:\/\/leiklist.is\/wp-content\/uploads\/2017\/03\/LeiklistarskoliBIL2017.pdf\">Leiklistarsk\u00f3li B\u00cdL 201<\/a>7<\/p>\n<hr \/>\n<p>Kve\u00f0ja fr\u00e1 sk\u00f3lanefnd:<\/p>\n<p><a href=\"https:\/\/leiklist.is\/wp-content\/uploads\/2016\/03\/Skolanefnd.jpg\"><img loading=\"lazy\" decoding=\"async\" class=\"size-medium wp-image-7290 aligncenter\" src=\"https:\/\/leiklist.is\/wp-content\/uploads\/2016\/03\/Skolanefnd-300x82.jpg\" alt=\"\" width=\"300\" height=\"82\" \/><\/a><\/p>\n<p><em>K\u00e6ra leiklistarf\u00f3lk!<\/em><\/p>\n<p><em>\u00de\u00e1 er komi\u00f0 a\u00f0 tuttugasta og fyrsta starfs\u00e1ri leiklistarsk\u00f3lans. \u00dea\u00f0 er mj\u00f6g gefandi a\u00f0 f\u00e1 a\u00f0 taka \u00fe\u00e1tt \u00ed a\u00f0 m\u00f3ta \u00feetta sk\u00f3lastarf sem hefur hvatt, styrkt, mennta\u00f0 og glatt svo marga. \u00deetta sumar st\u00f6ndum vi\u00f0 \u00e1 t\u00edmam\u00f3tum. Vi\u00f0 \u00fe\u00f6kkum forsvarsm\u00f6nnum \u00e1 H\u00fanav\u00f6llum k\u00e6rlega fyrir lipurt samstarf en jafnframt hl\u00f6kkum vi\u00f0 til a\u00f0 setja sk\u00f3lann \u00ed fyrsta sinn a\u00f0 Reykjask\u00f3la \u00ed Hr\u00fatafir\u00f0i.<\/em><\/p>\n<p><em>\u00cd sumar ver\u00f0a \u00ferj\u00fa n\u00e1mskei\u00f0 \u00ed bo\u00f0i sem \u00f6ll gera r\u00e1\u00f0 fyrir \u00feekkingu og reynslu nemenda. \u00c1g\u00fasta Sk\u00falad\u00f3ttir ver\u00f0ur me\u00f0 Leiklist II, framhald af velheppnu\u00f0u byrjendan\u00e1mskei\u00f0i sem haldi\u00f0 var \u00ed <\/em><br \/>\n<em>fyrrasumar. R\u00fanar Gu\u00f0brandsson st\u00fdrir masterclass n\u00e1mskei\u00f0i \u00ed leikstj\u00f3rn og byggir \u00fear ofan \u00e1 g\u00f3\u00f0an grunn. \u00de\u00e1 bj\u00f3\u00f0um vi\u00f0 s\u00e9rstaklega velkominn n\u00fdjan kennara, \u00deorsteinn Bachmann, sem b\u00fd\u00f0ur reyndari leikurum upp \u00e1 n\u00e1mskei\u00f0 \u00fear sem l\u00f6g\u00f0 ver\u00f0ur \u00e1hersla \u00e1 sj\u00e1lfst\u00e6\u00f0i og frumsk\u00f6pun leikarans.<\/em><\/p>\n<p><em>Auk n\u00e1mskei\u00f0ahalds bj\u00f3\u00f0um vi\u00f0 h\u00f6fundum a\u00f0 dvelja a\u00f0 Reykjask\u00f3la vi\u00f0 skapandi skrif. Ekki er um a\u00f0 r\u00e6\u00f0a n\u00e1mskei\u00f0 e\u00f0a lei\u00f0s\u00f6gn heldur f\u00e1 h\u00f6fundar t\u00edma og fri\u00f0 til a\u00f0 r\u00e6kta sk\u00f6punarg\u00e1funa.<\/em><\/p>\n<p style=\"text-align: right;\"><em>Vakin er s\u00e9rst\u00f6k athygli \u00e1 \u00fev\u00ed a\u00f0 sk\u00f3linn ver\u00f0ur settur \u00e1 m\u00e1nudagsmorgni a\u00f0 \u00feessu sinni og sk\u00f3laslit ver\u00f0a \u00e1 \u00feri\u00f0judegi. Vi\u00f0 vonum a\u00f0 sem flestir eigi \u00feess kost a\u00f0 nema og nj\u00f3ta.<br \/>\n<\/em><br \/>\n<em>Hl\u00f6kkum til a\u00f0 sj\u00e1 ykkur \u2013 me\u00f0 bestu kve\u00f0ju,<\/em><br \/>\n<em> Hrefna, D\u00fdrleif, Herd\u00eds, Hrund og G\u00edsli Bj\u00f6rn.<\/em><\/p>\n<hr \/>\n<p style=\"text-align: center;\"><strong>Skr\u00e1ning \u00ed sk\u00f3lann stendur yfir fr\u00e1 15. mars til 1. ma\u00ed.<\/strong><\/p>\n<p>Reglan \u201efyrstur kemur \u2013 fyrstur f\u00e6r\u201c gildir vi\u00f0 skr\u00e1ningar gegn grei\u00f0slu sta\u00f0festingargjalds, kr. 40.000 ef innt\u00f6kuskilyr\u00f0um er fulln\u00e6gt a\u00f0 \u00f6\u00f0ru leyti. N\u00e1ist ekki \u00e1s\u00e6ttanlegur fj\u00f6ldi \u00e1 eitthvert n\u00e1mskei\u00f0anna fellur \u00fea\u00f0 ni\u00f0ur. Aldurstakmark \u00ed sk\u00f3lann er 18 \u00e1r. Sk\u00f3linn hefur sett s\u00e9r reglur, m.a. um umgengni, reykingar og \u00e1fengisneyslu, sem nemendur sam\u00feykkja a\u00f0 fara eftir \u00e1 starfst\u00edma sk\u00f3lans.<br \/>\nSta\u00f0festingargjaldi\u00f0 er greitt inn \u00e1 reikning 334-26-5463, kt. 440169-0239<\/p>\n<p style=\"text-align: center;\"><strong>Starfst\u00edmi sk\u00f3lans \u00e1 \u00feessu \u00e1ri er fr\u00e1 12. til 20. j\u00fan\u00ed a\u00f0 Reykjask\u00f3la \u00ed Hr\u00fatafir\u00f0i, vestur-H\u00fana\u00feingi.<\/strong><\/p>\n<p>Sk\u00f3lasetning er m\u00e1nudaginn 12. j\u00fan\u00ed kl. 9.00 og hefjast n\u00e1mskei\u00f0in strax \u00fear \u00e1 eftir. Nemendur eru velkomnir a\u00f0 Reykjask\u00f3la kv\u00f6ldi\u00f0 fyrir sk\u00f3lasetningu, fr\u00e1 kl. 20.00, ekki er bo\u00f0i\u00f0 upp\u00e1 kv\u00f6ldver\u00f0. Sk\u00f3laslit eru kl. 12.00 \u00feri\u00f0judaginn 20. j\u00fan\u00ed. Vi\u00f0urkenningarskj\u00f6l og merki sk\u00f3lans ver\u00f0a afhent vi\u00f0 sk\u00f3laslit.<\/p>\n<p>A\u00f0sta\u00f0a \u00ed Reykjask\u00f3la: Svefnherbergin eru b\u00fain 2 uppb\u00fanum r\u00famum, \u00fe.e. koddi, s\u00e6ng, lak og s\u00e6ngurf\u00f6t fylgja me\u00f0, litlu bor\u00f0i og tveim st\u00f3lum. Nemendur hafi me\u00f0 s\u00e9r handkl\u00e6\u00f0i og sundf\u00f6t. Sundlaug, gufuba\u00f0 og heitir pottar eru \u00e1 sta\u00f0num. Haldi\u00f0 ver\u00f0ur lokah\u00f3f s\u00ed\u00f0asta kv\u00f6ldi\u00f0 \u00fear sem f\u00f3lk kl\u00e6\u00f0ir sig upp\u00e1, kve\u00f0ur kennarana s\u00edna og skemmtir hvert \u00f6\u00f0ru me\u00f0 dansi og s\u00f6ng.<\/p>\n<p>\u00de\u00e1ttt\u00f6kugj\u00f6ld \u00e1 n\u00e1mskei\u00f0in eru kr. 92.000, H\u00f6fundar \u00ed heims\u00f3kn borga 70.000.<br \/>\nGjaldi\u00f0 skal vera a\u00f0 fullu greitt 10 d\u00f6gum fyrir sk\u00f3lasetningu. Innifali\u00f0 \u00ed \u00fe\u00e1ttt\u00f6kugjaldi er gisting, matur, kennsla og g\u00f6gn.<\/p>\n<p>Sta\u00f0festingargjald er kr. 40.000. \u00dea\u00f0 grei\u00f0ist vi\u00f0 skr\u00e1ningu og er \u00f3endurkr\u00e6ft nema gegn framv\u00edsun l\u00e6knisvottor\u00f0s. H\u00e6gt er a\u00f0 grei\u00f0a s\u00edmlei\u00f0is me\u00f0 grei\u00f0slukorti.<\/p>\n<p>Me\u00f0limum a\u00f0ildarf\u00e9laga Bandalags \u00edslenskra leikf\u00e9laga er bent \u00e1 a\u00f0 f\u00e9l\u00f6gin geta s\u00f3tt um sm\u00e1 styrk til Bandalagsins ef \u00feau senda nemendur \u00ed sk\u00f3lann.<\/p>\n<p style=\"text-align: center;\"><strong>Ums\u00f3knum skila\u00f0<\/strong><\/p>\n<p>Ums\u00f3knum skal skila \u00e1 netfangi\u00f0 info@leiklist.is og um lei\u00f0\u00a0\u00fearf a\u00f0 leggja sta\u00f0festingargjaldi\u00f0, kr. 40.000.- inn \u00e1 334-26-5463,\u00a0kt. 440169-0239. Eftirtaldar uppl\u00fdsingar \u00fearf a\u00f0 senda \u00ed t\u00f6lvup\u00f3sti:\u00a0<em>Hva\u00f0a n\u00e1mskei\u00f0 er veri\u00f0 a\u00f0 s\u00e6kja um, nafn ums\u00e6kjanda, kennitala, heimilisfang, p\u00f3stn\u00famer, b\u00e6jarf\u00e9lag, netfang og s\u00edman\u00famer. \u00dear sem krafist er undirb\u00faningsn\u00e1mskei\u00f0a e\u00f0a reynslu \u00e1 \u00f6ll n\u00e1mskei\u00f0in \u00ed \u00e1r skal l\u00e1ta ferilskr\u00e1 fylgja ums\u00f3kn.<\/em><\/p>\n<hr \/>\n<p><a href=\"https:\/\/leiklist.is\/wp-content\/uploads\/2015\/06\/\u00c1g\u00fastaSk.jpg\"><img loading=\"lazy\" decoding=\"async\" class=\"size-medium wp-image-6400 alignleft\" src=\"https:\/\/leiklist.is\/wp-content\/uploads\/2015\/06\/\u00c1g\u00fastaSk-247x300.jpg\" alt=\"\" width=\"247\" height=\"300\" \/><\/a><strong>N\u00e1mskei\u00f0 1<\/strong><\/p>\n<p><strong>Leiklist II \u2013 Grunnn\u00e1mskei\u00f0<\/strong><br \/>\n<strong>Kennari \u00c1g\u00fasta Sk\u00falad\u00f3ttir<\/strong><br \/>\n<strong>\u00de\u00e1ttt\u00f6kugjald: kr. 92.000<\/strong><br \/>\n<strong>T\u00edmi: 12. til 20. j\u00fan\u00ed 2017<\/strong><br \/>\n<strong>Sta\u00f0ur: Reykjask\u00f3li<\/strong><br \/>\n<strong>Skr\u00e1ning hefst 15. mars og l\u00fdkur 1. ma\u00ed<\/strong><\/p>\n<p><strong>N\u00e1mskei\u00f0i\u00f0 er framhaldsn\u00e1mskei\u00f0 fyrir leikara og \u00e6tla\u00f0 \u00feeim sem s\u00f3tt hafa Leiklist I e\u00f0a samb\u00e6rileg n\u00e1mskei\u00f0. \u00deeir sem s\u00f3tt hafa Leiklist I og hafa ekki \u00e1\u00f0ur s\u00f3tt Leiklist II ganga fyrir.<\/strong><\/p>\n<p>N\u00e1mskei\u00f0i\u00f0 byggir \u00e1 \u00feeim grundvallar\u00fe\u00e1ttum sem voru uppista\u00f0an \u00e1 Leiklist I; \u00fatgeislun og l\u00e9ttleika leikarans, samspili vi\u00f0 me\u00f0leikara og \u00e1horfendur og samvinnu \u00ed h\u00f3pi, en a\u00f0 \u00feessu sinni ver\u00f0ur gengi\u00f0 lengra \u00ed a\u00f0 rannsaka \u00fe\u00e1 umbreytingu sem \u00e1 s\u00e9r sta\u00f0 \u00feegar unni\u00f0 er me\u00f0 sama leiktextann \u00ed mismunandi leikst\u00edlum.<\/p>\n<p>\u00de\u00e1tttakendur munu f\u00e1 sendar fyrirfram tveggja manna senur \u00far klass\u00edskum leikritum (Shakespeare\/Chekov, n\u00e1nar tilkynnt s\u00ed\u00f0ar), sem \u00feeir \u00feurfa a\u00f0 kunna utanb\u00f3kar en HLUTLAUST \u00e1\u00f0ur en sk\u00f3li hefst. S\u00ed\u00f0an munum vi\u00f0 kanna hva\u00f0a \u00e1hrif mismunandi st\u00edll hefur \u00e1 merkingu og innihald hverrar senu.<br \/>\nHva\u00f0 gerist \u00feegar sena er leikin dramat\u00edskt? E\u00f0a trag\u00edk\u00f3m\u00edskt? Mel\u00f3dramat\u00edskt? Hvernig fara tveir b\u00faffonar me\u00f0 senuna? E\u00f0a tveir tr\u00fa\u00f0ar? Einnig ver\u00f0ur liti\u00f0 \u00e1 hvernig k\u00f3rinn, \u00fe.e. allir hinir, geta mynd- og hlj\u00f3\u00f0skreytt leiksenuna, hvernig virkar h\u00fan best? Me\u00f0 einum s\u00f6ngvara, \u00feremur e\u00f0a st\u00f3rum h\u00f3pi?<\/p>\n<p>Eins og fyrr byggist \u00feetta n\u00e1mskei\u00f0 \u00e1 mikilli virkni allra \u00fe\u00e1tttakanda sem \u00feora a\u00f0 taka \u00e1h\u00e6ttu, pr\u00f3fa og mistakast, pr\u00f3fa og takast og vera st\u00f6\u00f0ugt \u00e1 t\u00e1num!<\/p>\n<hr \/>\n<p><a href=\"https:\/\/leiklist.is\/wp-content\/uploads\/2016\/03\/runargudbrands150x200.jpg\"><img loading=\"lazy\" decoding=\"async\" class=\"size-full wp-image-7288 alignleft\" src=\"https:\/\/leiklist.is\/wp-content\/uploads\/2016\/03\/runargudbrands150x200.jpg\" alt=\"\" width=\"150\" height=\"202\" \/><\/a><strong>N\u00e1mskei\u00f0 2<\/strong><\/p>\n<p><strong>Leikstj\u00f3rn \u2013 S\u00e9rn\u00e1mskei\u00f0, Master Class<\/strong><br \/>\n<strong>Kennari R\u00fanar Gu\u00f0brandsson<\/strong><br \/>\n<strong>\u00de\u00e1ttt\u00f6kugjald: kr. 92.000 <\/strong><br \/>\n<strong>T\u00edmi: 12. til 20. j\u00fan\u00ed 2017<\/strong><br \/>\n<strong>Sta\u00f0ur: Reykjask\u00f3li<\/strong><br \/>\n<strong>Skr\u00e1ning hefst 15. mars og l\u00fdkur 1. ma\u00ed<\/strong><\/p>\n<p><strong>Master Class \u00ed leikstj\u00f3rn sem byggir \u00e1 Leikstj\u00f3rn I og II.<\/strong><\/p>\n<p>N\u00e1mskei\u00f0 \u00feetta ver\u00f0ur j\u00f6fnum h\u00f6ndum fr\u00e6\u00f0ilegt og verklegt. \u00datgangspunkturinn er a\u00f0fer\u00f0 sem kennarinn hefur \u00fer\u00f3a\u00f0 me\u00f0 s\u00e9r gegnum t\u00ed\u00f0ina og s\u00e6kir fyrst og fremst innbl\u00e1stur \u00ed \u00e6vistarf Konstantins Stanislavskys, b\u00e6\u00f0i hina \u201evitsmunalegu greiningu\u201c sem Stanislavsky \u00fer\u00f3a\u00f0i framan af ferli s\u00ednum og \u201ea\u00f0fer\u00f0 l\u00edkamlegra gj\u00f6r\u00f0a\u201c sem hann vann a\u00f0 er hann f\u00e9ll fr\u00e1.<br \/>\nFleiri \u00e1hrifavaldar sv\u00edfa \u00fe\u00f3 yfir v\u00f6tnunum og \u00ed fyrirlestrum ver\u00f0ur fjalla\u00f0 um \u00fdmsa strauma og stefnur \u00ed leikstj\u00f3rn s\u00ed\u00f0ustu aldar. \u00der\u00edeyki\u00f0 Stanislavsky, Brecht og Grotowski ver\u00f0a \u00fear \u00ed brennidepli og me\u00f0ul \u00feeirra sko\u00f0u\u00f0 \u00ed sambandi vi\u00f0 tilganginn. A\u00f0fer\u00f0afr\u00e6\u00f0i, hugmyndafr\u00e6\u00f0i og fagurfr\u00e6\u00f0i \u00f3l\u00edkra leikstj\u00f3ra ver\u00f0a vegnar og metnar og bornar saman vi\u00f0 \u201ea\u00f0fer\u00f0\u201c n\u00e1mskei\u00f0sins.<\/p>\n<p>Eftir a\u00f0 skr\u00e1ningu l\u00fdkur ver\u00f0a \u00f6llum \u00fe\u00e1tttakendum send leikverk til sko\u00f0unar og verkefni til a\u00f0 \u00edhuga og leysa \u00e1\u00f0ur en n\u00e1mskei\u00f0i\u00f0 hefst, \u00feannig a\u00f0 \u00e1kve\u00f0ins undirb\u00fanings ver\u00f0ur krafist.<br \/>\nKennsla fer fram me\u00f0 \u00fdmsum h\u00e6tti; fyrirlestrar, umr\u00e6\u00f0ur, verklegar \u00e6fingar, einstaklings verkefni, h\u00f3pverkefni, o.s.frv.<\/p>\n<p>Bretti\u00f0 upp ermar og sp\u00fdti\u00f0 \u00ed l\u00f3fa.<\/p>\n<hr \/>\n<p><a href=\"https:\/\/leiklist.is\/wp-content\/uploads\/2017\/03\/thorsteinn_vefur.jpg\"><img loading=\"lazy\" decoding=\"async\" class=\"size-medium wp-image-8839 alignleft\" src=\"https:\/\/leiklist.is\/wp-content\/uploads\/2017\/03\/thorsteinn_vefur-300x300.jpg\" alt=\"\" width=\"300\" height=\"300\" \/><\/a><\/p>\n<p><strong>N\u00e1mskei\u00f0 3<\/strong><\/p>\n<p><strong>Leiklist \u2013 S\u00e9rn\u00e1mskei\u00f0<\/strong><br \/>\n<strong>Kennari \u00deorsteinn Bachmann<\/strong><br \/>\n<strong>\u00de\u00e1ttt\u00f6kugjald: kr. 92.000<\/strong><br \/>\n<strong>T\u00edmi: 12. til 20. j\u00fan\u00ed 2017<\/strong><br \/>\n<strong>Sta\u00f0ur: Reykjask\u00f3li<\/strong><br \/>\n<strong>Skr\u00e1ning hefst 15. mars og l\u00fdkur 1. ma\u00ed<\/strong><\/p>\n<p><strong>N\u00e1mskei\u00f0i\u00f0 er \u00e6tla\u00f0 \u00feeim sem: 1. Hafa s\u00f3tt Leiklist I og II \u00ed Leiklistarsk\u00f3la B\u00cdL e\u00f0a samb\u00e6rileg grunnn\u00e1mskei\u00f0 \u00e1samt \u00fev\u00ed a\u00f0 hafa einhverja reynslu af leiklist. 2. Hafa umtalsver\u00f0a reynslu af leiklist.\u00a0<\/strong><\/p>\n<p>\u00c1hersla ver\u00f0ur l\u00f6g\u00f0 \u00e1 sk\u00f6pun \u00ed gegnum inns\u00e6i og andagift.\u00a0Markvisst ver\u00f0ur unni\u00f0 a\u00f0 \u00fev\u00ed a\u00f0 efla sj\u00e1lfst\u00e6\u00f0i og frumsk\u00f6pun leikarans. Unni\u00f0 ver\u00f0ur me\u00f0 list augnabliksins \u00ed gegnum n\u00favitund og virkt \u00edmyndunarafl.<\/p>\n<p>Nemendur vinna me\u00f0 tveggja til \u00feriggja manna senur sem s\u00fdndar eru \u00ed lok n\u00e1mskei\u00f0s. A\u00f0al\u00e1hersla er \u00e1 a\u00f0fer\u00f0afr\u00e6\u00f0i Michael Chekhov. \u00de\u00e1 ver\u00f0a helstu a\u00f0fer\u00f0ir Sanford<br \/>\nMeisner einnig kynntar til leiks \u00e1samt status vinnu \u00ed anda Keith Johnstone.<\/p>\n<hr \/>\n<p>&nbsp;<\/p>\n<p class=\"p1\"><strong>H\u00f6fundar \u00ed heims\u00f3kn<\/strong><\/p>\n<p class=\"p1\"><strong>\u00de\u00e1ttt\u00f6kugjald: kr. 70.000 <\/strong><br \/>\n<strong>T\u00edmi: 12. til 20. j\u00fan\u00ed 2017<\/strong><br \/>\n<strong>Sta\u00f0ur: Reykjask\u00f3li<\/strong><br \/>\n<strong>Skr\u00e1ning hefst 15. mars og l\u00fdkur 1. ma\u00ed<\/strong><\/p>\n<p><strong>Blundar \u00ed \u00fe\u00e9r sk\u00e1ld &#8211; ertu a\u00f0 bur\u00f0ast me\u00f0 hugmynd &#8211; \u00e1ttu h\u00e1lfskrifa\u00f0 handrit &#8211; vantar \u00feig lausa stund til a\u00f0 lj\u00faka leikritinu?<\/strong><\/p>\n<p>Sk\u00f3linn b\u00fd\u00f0ur h\u00f6fundum a\u00f0 dvelja a\u00f0 Reykjask\u00f3la vi\u00f0 skapandi skrif eins og svo oft \u00e1\u00f0ur. Vi\u00f0 teljum a\u00f0 mj\u00f6g vel hafi tekist til og h\u00f6fundar noti\u00f0 \u00feess a\u00f0 skapa, skrifa og skemmta s\u00e9r. \u00dea\u00f0 er okkur \u00fev\u00ed s\u00f6nn \u00e1n\u00e6gja a\u00f0 endurtaka \u00feetta bo\u00f0.<\/p>\n<p>H\u00f6fundum stendur til bo\u00f0a gisting og f\u00e6\u00f0i me\u00f0 sama h\u00e6tti og nemendum sk\u00f3lans, \u00feeim ber a\u00f0 fara eftir reglum sk\u00f3lans um umgengni o.fl. og er a\u00f0 sj\u00e1lfs\u00f6g\u00f0u velkomi\u00f0 a\u00f0 taka \u00fe\u00e1tt \u00ed \u00f6llu sk\u00f3lastarfi utan hef\u00f0bundinna kennslustunda.<\/p>\n<p>Vi\u00f0 hvetjum h\u00f6funda til a\u00f0 n\u00fdta s\u00e9r \u00feetta t\u00e6kif\u00e6ri og lofum \u00fev\u00ed a\u00f0 hinn eini sanni<br \/>\nsk\u00f3laandi ver\u00f0i einst\u00f6k uppspretta sk\u00f6punargle\u00f0i!<\/p>\n<hr \/>\n<p><a href=\"https:\/\/leiklist.is\/wp-content\/uploads\/2017\/03\/Reykjaskoli.jpg\"><img loading=\"lazy\" decoding=\"async\" class=\"aligncenter wp-image-8849 size-large\" src=\"https:\/\/leiklist.is\/wp-content\/uploads\/2017\/03\/Reykjaskoli-1024x426.jpg\" alt=\"\" width=\"980\" height=\"408\" \/><\/a><\/p>\n<p>Reykjask\u00f3li er vi\u00f0 Hr\u00fatafj\u00f6r\u00f0 \u00ed H\u00fana\u00feingi vestra. Hann er \u00ed 15 km. fjarl\u00e6g\u00f0 fr\u00e1 Sta\u00f0arsk\u00e1la, 17 km. fr\u00e1 Hvammstanga, 178 km. fr\u00e1 Reykjav\u00edk, 210 km. fr\u00e1 Akureyri, 620 km. fr\u00e1 H\u00f6fn, 348 km. fr\u00e1 \u00cdsafir\u00f0i og 504 km. fr\u00e1 Egilsst\u00f6\u00f0um. \u00c1 vetrum eru \u00fear reknar sk\u00f3lab\u00fa\u00f0ir fyrir grunnsk\u00f3lab\u00f6rn. Miki\u00f0 er af skemmtilegum myndum og \u00f6\u00f0rum uppl\u00fdsingum \u00e1 heimas\u00ed\u00f0u sk\u00f3lans <a href=\"http:\/\/www.skolabudir.is\">www.skolabudir.is<\/a>.<\/p>\n<p><a href=\"https:\/\/leiklist.is\/wp-content\/uploads\/2017\/03\/hrutafjardarleid.jpg\"><img loading=\"lazy\" decoding=\"async\" class=\"size-medium wp-image-8845 aligncenter\" src=\"https:\/\/leiklist.is\/wp-content\/uploads\/2017\/03\/hrutafjardarleid-284x300.jpg\" alt=\"\" width=\"284\" height=\"300\" \/><\/a><\/p>","protected":false},"excerpt":{"rendered":"<p>Starfst\u00edmi sk\u00f3lans \u00e1 \u00feessu \u00e1ri er fr\u00e1 12. til 20. j\u00fan\u00ed a\u00f0 Reykjask\u00f3la \u00ed Hr\u00fatafir\u00f0i. \u00cd sumar ver\u00f0a \u00ferj\u00fa n\u00e1mskei\u00f0 \u00ed bo\u00f0i sem \u00f6ll gera r\u00e1\u00f0 fyrir \u00feekkingu og reynslu nemenda. \u00c1g\u00fasta Sk\u00falad\u00f3ttir ver\u00f0ur me\u00f0 Leiklist II, framhald af velheppnu\u00f0u byrjendan\u00e1mskei\u00f0i sem haldi\u00f0 var \u00ed fyrrasumar. R\u00fanar Gu\u00f0brandsson st\u00fdrir masterclass n\u00e1mskei\u00f0i \u00ed leikstj\u00f3rn og byggir [&hellip;]<\/p>\n","protected":false},"author":3,"featured_media":20028,"comment_status":"closed","ping_status":"closed","sticky":false,"template":"","format":"standard","meta":{"_et_pb_use_builder":"","_et_pb_old_content":"","_et_gb_content_width":"","footnotes":""},"categories":[187,190,200,229,213],"tags":[],"class_list":["post-8843","post","type-post","status-publish","format-standard","has-post-thumbnail","hentry","category-allar-frir","category-skn","category-markvert","category-nam-og-namskeid","category-vikupostur","et-has-post-format-content","et_post_format-et-post-format-standard"],"_links":{"self":[{"href":"https:\/\/leiklist.is\/en\/wp-json\/wp\/v2\/posts\/8843","targetHints":{"allow":["GET"]}}],"collection":[{"href":"https:\/\/leiklist.is\/en\/wp-json\/wp\/v2\/posts"}],"about":[{"href":"https:\/\/leiklist.is\/en\/wp-json\/wp\/v2\/types\/post"}],"author":[{"embeddable":true,"href":"https:\/\/leiklist.is\/en\/wp-json\/wp\/v2\/users\/3"}],"replies":[{"embeddable":true,"href":"https:\/\/leiklist.is\/en\/wp-json\/wp\/v2\/comments?post=8843"}],"version-history":[{"count":0,"href":"https:\/\/leiklist.is\/en\/wp-json\/wp\/v2\/posts\/8843\/revisions"}],"wp:featuredmedia":[{"embeddable":true,"href":"https:\/\/leiklist.is\/en\/wp-json\/wp\/v2\/media\/20028"}],"wp:attachment":[{"href":"https:\/\/leiklist.is\/en\/wp-json\/wp\/v2\/media?parent=8843"}],"wp:term":[{"taxonomy":"category","embeddable":true,"href":"https:\/\/leiklist.is\/en\/wp-json\/wp\/v2\/categories?post=8843"},{"taxonomy":"post_tag","embeddable":true,"href":"https:\/\/leiklist.is\/en\/wp-json\/wp\/v2\/tags?post=8843"}],"curies":[{"name":"wp","href":"https:\/\/api.w.org\/{rel}","templated":true}]}}