{"id":876,"date":"2006-08-24T08:17:12","date_gmt":"2006-08-24T08:17:12","guid":{"rendered":"http:\/\/wp.leiklist.is\/?p=876"},"modified":"2006-08-24T08:17:12","modified_gmt":"2006-08-24T08:17:12","slug":"leikfg-fljalsh0","status":"publish","type":"post","link":"https:\/\/leiklist.is\/en\/leikfg-fljalsh0\/","title":{"rendered":"Leikf\u00e9lag Flj\u00f3tsdalsh\u00e9ra\u00f0s 40 \u00e1ra"},"content":{"rendered":"<p>Leikf&eacute;lag Flj\u00f3tsdalsh&eacute;ra&eth;s var stofna&eth; \u00e1 Egilsst&ouml;&eth;um 31. \u00e1g\u00fast 1966 og \u00e1 &thorn;v\u00ed 40 \u00e1ra afm&aelig;li um &thorn;essar mundir. Af &thorn;v\u00ed tilefni ver&eth;ur miki&eth; um a&eth; vera \u00e1 leik\u00e1rinu og h\u00f3fst &thorn;a&eth; reyndar me&eth; &thorn;v\u00ed a&eth; leikriti&eth; Mi&eth;sumarn&aelig;turdraumar, eftir Gu&eth;j\u00f3n Sigvaldason og Au&eth;humlu, var sett upp \u00ed Selsk\u00f3gi. Gu&eth;j\u00f3n Sigvaldason leikstr\u00fdr&eth;i. S\u00fdningin t\u00f3kst vel og \u00e1horfendur ur&eth;u um 300 manns. <\/p>\n<p> \u00cd lok b&aelig;jarh\u00e1t\u00ed&eth;arinnar Ormsteitis, sem n\u00fa stendur yfir \u00e1 Egilsst&ouml;&eth;um, mun s\u00ed&eth;an leikf&eacute;lagi&eth; halda upp \u00e1 afm&aelig;li&eth; sitt me&eth; skemmtidagskr\u00e1. <!--more--> <img loading=\"lazy\" decoding=\"async\" class=\"alignleft size-full wp-image-875\" width=\"200\" vspace=\"12\" hspace=\"12\" height=\"144\" border=\"0\" align=\"left\" src=\"https:\/\/leiklist.is\/wp-content\/uploads\/2006\/08\/Adildarfelog_Austur_Fljotsdalsherad_06_07_Midsumarsnaeturdraumur_draumur2.jpg\" alt=\"draumur2.jpg\" title=\"draumur2.jpg\" \/>H\u00fan hefst laugadaginn 26. \u00e1g\u00fast klukkan 21:30 \u00ed Ormsteitistjaldinu. Dagskr\u00e1in ver&eth;ur skemmtileg og fj&ouml;lbreytt: H\u00e1t\u00ed&eth;arr&aelig;&eth;a, afturg&ouml;ngur, s&ouml;ngur og gamanm\u00e1l eru me&eth;al efnis. Dagskr\u00e1nni l\u00fdkur me&eth; flugeldas\u00fdningu um klukkan 23:00. <\/p>\n<p> Sem fyrr segir ver&eth;ur miki&eth; um a&eth; vera hj\u00e1 leikf&eacute;laginu \u00e1 leik\u00e1rinu. \u00cd haust ver&eth;ur sett upp frumsami&eth; leikrit \u00e1 I&eth;av&ouml;llum. &THORN;a&eth; er Sigr\u00ed&eth;ur L\u00e1ra Sigurj\u00f3nsd\u00f3ttir sem er a&eth; semja fyrir okkur og mun Oddur Bjarni &THORN;orkelsson leikst\u00fdra. <\/p>\n<p> Fyrirhuga&eth; er a&eth; vera me&eth; hin \u00fdmsu n\u00e1mskei&eth; og m\u00e1 &thorn;ar m.a. nefna leiklistarn\u00e1mskei&eth; fyrir 10-15 \u00e1ra b&ouml;rn \u00e1 Flj\u00f3tsdalsh&eacute;ra&eth;i, b\u00faningan\u00e1mskei&eth;, f&ouml;r&eth;unarn\u00e1mskei&eth;, svi&eth;smyndan\u00e1mskei&eth;, lj\u00f3san\u00e1mskei&eth; ofl.<\/p>\n<p> \u00cd vor mun Leikf&eacute;lag Flj\u00f3tsdalsh&eacute;ra&eth;s s\u00ed&eth;an halda A&eth;alfund Bandalags \u00edslenskra leikf&eacute;laga og bj\u00f3&eth;a me&eth; &thorn;v\u00ed &ouml;llum leikf&eacute;l&ouml;gum \u00e1 landinu \u00ed afm&aelig;li&eth;. <\/p>\n<p><\/p>","protected":false},"excerpt":{"rendered":"<p>Leikf&eacute;lag Flj\u00f3tsdalsh&eacute;ra&eth;s var stofna&eth; \u00e1 Egilsst&ouml;&eth;um 31. \u00e1g\u00fast 1966 og \u00e1 &thorn;v\u00ed 40 \u00e1ra afm&aelig;li um &thorn;essar mundir. Af &thorn;v\u00ed tilefni ver&eth;ur miki&eth; um a&eth; vera \u00e1 leik\u00e1rinu og h\u00f3fst &thorn;a&eth; reyndar me&eth; &thorn;v\u00ed a&eth; leikriti&eth; Mi&eth;sumarn&aelig;turdraumar, eftir Gu&eth;j\u00f3n Sigvaldason og Au&eth;humlu, var sett upp \u00ed Selsk\u00f3gi. Gu&eth;j\u00f3n Sigvaldason leikstr\u00fdr&eth;i. S\u00fdningin t\u00f3kst vel og \u00e1horfendur [&hellip;]<\/p>\n","protected":false},"author":3,"featured_media":874,"comment_status":"open","ping_status":"open","sticky":false,"template":"","format":"standard","meta":{"_et_pb_use_builder":"","_et_pb_old_content":"","_et_gb_content_width":"","footnotes":""},"categories":[187],"tags":[],"class_list":["post-876","post","type-post","status-publish","format-standard","has-post-thumbnail","hentry","category-allar-frir","et-has-post-format-content","et_post_format-et-post-format-standard"],"_links":{"self":[{"href":"https:\/\/leiklist.is\/en\/wp-json\/wp\/v2\/posts\/876","targetHints":{"allow":["GET"]}}],"collection":[{"href":"https:\/\/leiklist.is\/en\/wp-json\/wp\/v2\/posts"}],"about":[{"href":"https:\/\/leiklist.is\/en\/wp-json\/wp\/v2\/types\/post"}],"author":[{"embeddable":true,"href":"https:\/\/leiklist.is\/en\/wp-json\/wp\/v2\/users\/3"}],"replies":[{"embeddable":true,"href":"https:\/\/leiklist.is\/en\/wp-json\/wp\/v2\/comments?post=876"}],"version-history":[{"count":0,"href":"https:\/\/leiklist.is\/en\/wp-json\/wp\/v2\/posts\/876\/revisions"}],"wp:featuredmedia":[{"embeddable":true,"href":"https:\/\/leiklist.is\/en\/wp-json\/"}],"wp:attachment":[{"href":"https:\/\/leiklist.is\/en\/wp-json\/wp\/v2\/media?parent=876"}],"wp:term":[{"taxonomy":"category","embeddable":true,"href":"https:\/\/leiklist.is\/en\/wp-json\/wp\/v2\/categories?post=876"},{"taxonomy":"post_tag","embeddable":true,"href":"https:\/\/leiklist.is\/en\/wp-json\/wp\/v2\/tags?post=876"}],"curies":[{"name":"wp","href":"https:\/\/api.w.org\/{rel}","templated":true}]}}