{"id":7966,"date":"2016-05-25T11:10:55","date_gmt":"2016-05-25T11:10:55","guid":{"rendered":"http:\/\/leiklist.is\/?p=7966"},"modified":"2020-03-08T14:44:50","modified_gmt":"2020-03-08T14:44:50","slug":"fundargerd-adalfundar-7-mai-2016","status":"publish","type":"post","link":"https:\/\/leiklist.is\/en\/fundargerd-adalfundar-7-mai-2016\/","title":{"rendered":"Fundarger\u00f0 a\u00f0alfundar 7. ma\u00ed 2016 \u00e1 Sey\u00f0isfir\u00f0i"},"content":{"rendered":"<p class=\"p1\"><b>A\u00f0alfundur Bandalags \u00edslenskra leikf\u00e9laga<br \/>\n<\/b><b>Haldinn \u00ed F\u00e9lagsheimilinu Her\u00f0ubrei\u00f0 \u00e1 Sey\u00f0isfir\u00f0i 7. ma\u00ed 2016<\/b><\/p>\n<p class=\"p3\">Fundur settur kl. 9:01<\/p>\n<p class=\"p3\"><b><i>1. Fundarsetning. Kosning 2ja fundarstj\u00f3ra og 2ja fundarritara, sem taka \u00feegar til starfa <\/i><\/b><\/p>\n<p class=\"p3\">Snorri Emilsson og R\u00fanar Gunnarsson fr\u00e1 Leikf\u00e9lagi Sey\u00f0isfjar\u00f0ar skipa\u00f0ir fundarstj\u00f3rar og Halla R\u00fan Tryggvad\u00f3ttir, Leikf\u00e9lagi H\u00fasav\u00edkur og Fanney Valsd\u00f3ttir, Leikf\u00e9lagi H\u00f6rgd\u00e6la fundarritarar. L\u00f6gm\u00e6ti fundarins sannreynt.<\/p>\n<p class=\"p3\"><b><i> 2. Kj\u00f6rnefnd afgrei\u00f0ir kj\u00f6rbr\u00e9f og afhendir atkv\u00e6\u00f0aspj\u00f6ld, sk\u00fdrir st\u00f6\u00f0u m\u00e1la var\u00f0andi stj\u00f3rnarkj\u00f6r og augl\u00fdsir eftir till\u00f6gum <\/i><\/b><\/p>\n<p class=\"p3\">D\u00fdrleif J\u00f3nsd\u00f3ttir, Hugleik, talar fyrir h\u00f6nd kj\u00f6rnefndar og dreifir atkv\u00e6\u00f0um til fundarmanna.<\/p>\n<p class=\"p3\"><b><i> 3. Menningarstefna Bandalagsins lesin og r\u00e6dd <\/i><\/b><\/p>\n<p class=\"p3\">Bernhar\u00f0 Arnarson, Leikf\u00e9lagi H\u00f6rgd\u00e6la, las hana fyrir fundargesti.<\/p>\n<p class=\"p3\"><b><i> 4. Sta\u00f0fest inntaka n\u00fdrra f\u00e9laga, f\u00e9l\u00f6g tekin af f\u00e9lagaskr\u00e1<\/i><\/b><\/p>\n<p class=\"p3\">\u00der\u00e1inn Sigvaldason, Leikf\u00e9lagi H\u00f6rgd\u00e6la, kynnti a\u00f0 Leikkl\u00fabburinn Saga \u00e1 Akureyri og Leikkl\u00fabbur Laxd\u00e6la \u00ed B\u00fa\u00f0ardal hef\u00f0u sagt sig \u00far Bandalaginu \u00fear sem starfsemin hefur legi\u00f0 ni\u00f0ri undanfarin \u00e1r. Umf. \u00c1rmann, Leikf\u00e9lag \u00d3lafsv\u00edkur og \u00c1hugamannaleikkl\u00fabbur Grundarfjar\u00f0ar ver\u00f0a tekin af f\u00e9lagaskr\u00e1 vegna \u00e1rgjaldaskulda.<\/p>\n<p class=\"p3\">Leikf\u00e9lagi\u00f0 Borg \u00ed Gr\u00edmsnesi og Leikf\u00e9lagi\u00f0 \u00d3rion \u00ed Reykjav\u00edk \u00f3sku\u00f0u eftir a\u00f0 ganga \u00ed Bandalagi\u00f0 og var \u00feetta allt sam\u00feykkt.<\/p>\n<p class=\"p3\"><b><i>5. Fundarger\u00f0 s\u00ed\u00f0asta a\u00f0alfundar afgreidd<\/i><\/b><\/p>\n<p class=\"p3\">Sam\u00feykkt.<\/p>\n<p class=\"p3\"><b><i> 6. Sk\u00fdrsla stj\u00f3rnar <\/i><\/b><\/p>\n<p class=\"p3\">Gu\u00f0finna Gunnarsd\u00f3ttir flutti sk\u00fdrslu fyrir h\u00f6nd stj\u00f3rnar:<\/p>\n<p class=\"p4\"><b>Sk\u00fdrsla stj\u00f3rnar Bandalags \u00edslenskra leikf\u00e9laga \u00e1 a\u00f0alfundi Sey\u00f0isfir\u00f0i 7. ma\u00ed 2016:<\/b><span class=\"s1\"><b><br \/>\n<\/b><\/span><\/p>\n<p class=\"p4\"><b>I. Stj\u00f3rn<\/b><\/p>\n<p class=\"p4\">\u00c1 starfs\u00e1rinu skipu\u00f0u stj\u00f3rn \u00feau:<br \/>\nGu\u00f0finna Gunnarsd\u00f3ttir, Selfossi, forma\u00f0ur<br \/>\n\u00d3l\u00f6f \u00de\u00f3r\u00f0ard\u00f3ttir, Mosfellsb\u00e6, varaforma\u00f0ur<br \/>\n\u00der\u00e1inn Sigvaldason, Borgarfir\u00f0i eystri\/H\u00f6rg\u00e1rdal, ritari<br \/>\nBernhar\u00f0 Arnarsson, H\u00f6rg\u00e1rdal, me\u00f0stj\u00f3rnandi<br \/>\nG\u00edsli Bj\u00f6rn Heimisson, Reykjav\u00edk, me\u00f0stj\u00f3rnandi<\/p>\n<p class=\"p4\">\u00cd varastj\u00f3rn s\u00e1tu:<\/p>\n<p class=\"p4\">\u00der\u00fa\u00f0ur Sigur\u00f0ard\u00f3ttir, Ylfa Mist Helgad\u00f3ttir, Salbj\u00f6rg Engilbertsd\u00f3ttir, \u00c1g\u00fast T. Magn\u00fasson og Embla Gu\u00f0mundsd\u00f3ttir.<\/p>\n<p class=\"p4\">Framkv\u00e6mdastj\u00f3ri og altmuligmanneskja \u00ed \u00dej\u00f3nustumi\u00f0st\u00f6\u00f0 er og var sem endran\u00e6r Vilborg Valgar\u00f0sd\u00f3ttir.<\/p>\n<p class=\"p4\">Stj\u00f3rn h\u00e9lt fimm starfsfundi \u00e1 \u00e1rinu. Einn a\u00f0 afloknum a\u00f0alfundi \u00ed H\u00f6rg\u00e1rdal, \u00ferj\u00e1 \u00ed \u00fej\u00f3nustumi\u00f0st\u00f6\u00f0 okkar \u00ed Reykjav\u00edk og \u00feann fimmta og s\u00ed\u00f0asta h\u00e9r \u00e1 Sey\u00f0isfir\u00f0i. Fjarfundarb\u00fana\u00f0ur var nota\u00f0ur endrum og sinnum me\u00f0 g\u00f3\u00f0um \u00e1rangri \u00feegar ritari vor \u00der\u00e1inn \u00e1tti ekki heimangengt. Einnig hafa s\u00edmt\u00e6ki, f\u00e9sb\u00f3karh\u00f3pur og t\u00f6lvup\u00f3stur veri\u00f0 n\u00fdtt til g\u00f3\u00f0ra samskipta stj\u00f3rnarmanna \u00e1ri\u00f0 um kring.<\/p>\n<p class=\"p4\">\u00c1rmann Gu\u00f0mundsson var svo v\u00e6nn a\u00f0 leysa Vilborgu af \u00ed \u00dej\u00f3nustumi\u00f0st\u00f6\u00f0 vegna veikinda og leyfa.<\/p>\n<p class=\"p4\">Er starfsf\u00f3lki og stj\u00f3rn \u00fe\u00f6kku\u00f0 g\u00f3\u00f0 samvinna og vinnusemi \u00e1 \u00e1rinu.<\/p>\n<p class=\"p4\"><b>II. Starfsemi f\u00e9laganna<\/b><\/p>\n<p class=\"p4\">36 a\u00f0ildarf\u00e9l\u00f6g Bandalagsins sendu inn styrkums\u00f3knir fyrir alls 109 leiks\u00fdningar og leik\u00fe\u00e6tti, 17 n\u00e1mskei\u00f0 og 38 sk\u00f3lanemendur fyrir leik\u00e1ri\u00f0 2014-2015. Fullur styrkur reyndist vera 258.274 kr\u00f3nur. \u00c1rsriti\u00f0 okkar inniheldur s\u00ed\u00f0an allar frekari uppl\u00fdsingar um starfsemina. Ekki liggja fyrir t\u00f6lur um umfang starfsins \u00e1 \u00feessu leik\u00e1ri en engin \u00e1st\u00e6\u00f0a til a\u00f0 \u00e6tla anna\u00f0 en \u00fea\u00f0 s\u00e9 svipa\u00f0 og veri\u00f0 hefur. F\u00e9l\u00f6gin \u00ed Bandalaginu eru n\u00fa 57 talsins.<\/p>\n<p class=\"p4\"><b>III. Starfs\u00e1\u00e6tlun<\/b><\/p>\n<p class=\"p4\">\u00c1 s\u00ed\u00f0asta a\u00f0alfundi var a\u00f0 venju sam\u00feykkt starfs\u00e1\u00e6tlun og og ver\u00f0ur n\u00fa fari\u00f0 yfir hana og sagt fr\u00e1 hva\u00f0 gert var til a\u00f0 efna einstaka li\u00f0i hennar:<\/p>\n<p class=\"p4\"><i>Rekstur \u00fej\u00f3nustumi\u00f0st\u00f6\u00f0var, Leiklistarsk\u00f3la, Leiklistarvefsins og annarra fastra li\u00f0a \u00ed starfseminni<\/i><\/p>\n<p class=\"p4\">Rekstur \u00fej\u00f3nustumi\u00f0st\u00f6\u00f0var h\u00e9lt \u00e1fram a\u00f0 vera \u00ed j\u00e1rnum, en Vilborg framkv\u00e6mdastj\u00f3ri hefur me\u00f0 sinni styrku stj\u00f3rn og ofur\u00fatsj\u00f3narsemi haldi\u00f0 vel utan um reksturinn eins og sj\u00e1 m\u00e1 \u00ed reikningum Bandalagsins sem kynntir ver\u00f0a h\u00e9r \u00e1 eftir. Um sk\u00f3lann og vefinn munu fulltr\u00faar vi\u00f0komandi nefnda fjalla \u00ed s\u00ednum sk\u00fdrslum.<\/p>\n<p class=\"p4\"><i>Leita eftir h\u00e6kku\u00f0um framl\u00f6gum \u00far opinberum sj\u00f3\u00f0um og fr\u00e1 einkaa\u00f0ilum til starfsemi \u00e1hugaleikf\u00e9laganna og sameiginlegra verkefna<\/i><\/p>\n<p class=\"p4\">Framlag r\u00edkisins til starfsemi \u00e1hugaleikf\u00e9laganna er n\u00fa 16,2 milj. kr. Til \u00fej\u00f3nustumi\u00f0st\u00f6\u00f0varinnar var framlagi\u00f0 5 milj. kr. \u00e1 \u00e1ri samkv\u00e6mt samningi sem gilti til loka \u00e1rsins 2015 og hefur enn ekki veri\u00f0 endurn\u00fdja\u00f0ur.<\/p>\n<p class=\"p4\">Framkv\u00e6mdastj\u00f3ri og forma\u00f0ur f\u00f3ru \u00e1 fund n\u00fds fulltr\u00faa mennta- og menningarm\u00e1lar\u00e1\u00f0uneytis \u00ed okkar m\u00e1laflokki \u00ed september til a\u00f0 kynna starfsemi Bandalagsins og f\u00e1 fr\u00e9ttir af samningam\u00e1lum. \u00dear var l\u00edti\u00f0 a\u00f0 fr\u00e9tta og m\u00e1 segja a\u00f0 ykkar fulltr\u00faar hafi fengi\u00f0 \u201ehland fyrir hjarta\u00f0\u201c \u00ed heims\u00f3kninni \u00fear sem engin sta\u00f0festing f\u00e9kkst \u00e1 a\u00f0 samingur yr\u00f0i yfirh\u00f6f\u00f0u\u00f0 ger\u00f0ur. Br\u00e1 Vilborg \u00e1 \u00fea\u00f0 r\u00e1\u00f0 a\u00f0 kn\u00fdja fram fund me\u00f0 r\u00e1\u00f0herra \u2013 sem hefur hinga\u00f0 til ekki geta\u00f0 hitt okkur \u00e1 s\u00ednu kj\u00f6rt\u00edmabili og var h\u00fan sta\u00f0festan uppm\u00e1lu\u00f0 vi\u00f0 ritarabor\u00f0 r\u00e1\u00f0herra. Fundurinn f\u00e9kkst og f\u00f3ru framkv\u00e6mdastj\u00f3ri og varaforma\u00f0ur \u00e1 fund r\u00e1\u00f0herra \u00ed okt\u00f3ber \u00fear sem r\u00e1\u00f0herra lofa\u00f0i samningi um rekstur \u00fej\u00f3nustumi\u00f0st\u00f6\u00f0var. S\u00e1 samningur hefur enn ekki veri\u00f0 ger\u00f0ur.<\/p>\n<p class=\"p4\">Eftir talver\u00f0a \u00f3vissu \u00ed upphafi \u00feessa \u00e1rs f\u00e9kkst \u00fe\u00f3 \u00fea\u00f0 fram a\u00f0 \u00fej\u00f3nustumi\u00f0st\u00f6\u00f0in fengi 6 millj\u00f3nir kr\u00f3na til rekstursins \u00e1 \u00e1rinu, en vi\u00f0 b\u00ed\u00f0um spennt eftir samningi til a\u00f0 allri \u00f3vissu ver\u00f0i eytt. \u00c1 sama fundi var \u00e1r\u00e9ttu\u00f0 s\u00fa krafa a\u00f0 h\u00e6kkun fengist \u00e1 framlagi\u00f0 til a\u00f0ildarf\u00e9laganna \u00e1 n\u00e6stu fj\u00e1rl\u00f6gum. Engin vilyr\u00f0i fengust \u00fear. Vi\u00f0 b\u00ed\u00f0um \u00feess vegna spennt eftir fj\u00e1rlagager\u00f0 haustsins.<\/p>\n<p class=\"p4\"><i>S\u00e9rverkefni \u00e1rsins<\/i><\/p>\n<p class=\"p4\"><i>1. Skipuleggja stuttverkah\u00e1t\u00ed\u00f0 \u00e1 leik\u00e1rinu<\/i><\/p>\n<p class=\"p4\">\u00c1kve\u00f0i\u00f0 var a\u00f0 vinna \u00fea\u00f0 me\u00f0 Sey\u00f0fir\u00f0ingum a\u00f0 halda stuttverkah\u00e1t\u00ed\u00f0 samhli\u00f0a a\u00f0alfundi og afraksturinn s\u00e1u\u00f0 \u00fei\u00f0 \u00f6ll \u00ed g\u00e6rkv\u00f6ldi. \u00dea\u00f0 var ekkert s\u00e9rstaklega lei\u00f0inlegt.<\/p>\n<p class=\"p4\"><i>2. Vekja athygli \u00e1 65 \u00e1ra afm\u00e6li Bandalags \u00edslenskra leikf\u00e9laga<\/i><\/p>\n<p class=\"p4\">Stj\u00f3rn skipa\u00f0i \u00fe\u00e6r Gu\u00f0finnu Gunnarsd\u00f3ttur, \u00der\u00fa\u00f0i Sigur\u00f0ard\u00f3ttur og \u00d3l\u00f6fu \u00de\u00f3r\u00f0ard\u00f3ttur \u00ed afm\u00e6lisnefnd og t\u00f3ku \u00fe\u00e6r saman \u00fe\u00e6r hugmyndir sem fram komu \u00e1 a\u00f0alfundi \u00ed H\u00f6rg\u00e1rdal. \u00c1kve\u00f0i\u00f0 var a\u00f0 efna til samkeppni um ritun afm\u00e6lisstuttverka sem svo yr\u00f0u leikin um land allt \u00e1 vikut\u00edmabili \u00ed n\u00f3vember. Valin voru \u00ferj\u00fa verk sem voru s\u00fdnd og leiklesin hj\u00e1 nokkrum f\u00e9l\u00f6gum. Vissulega hef\u00f0i \u00fe\u00e1tttaka m\u00e1tt vera betri almennt s\u00e9\u00f0, en n\u00fa eru til n\u00fd verk tengd afm\u00e6li Bandalagsins og \u00fea\u00f0 hl\u00fdtur a\u00f0 vera gott.<\/p>\n<p class=\"p4\"><i>3. Stj\u00f3rn beiti s\u00e9r fyrir endursko\u00f0un \u00e1 taxta h\u00f6fundar- og \u00fe\u00fd\u00f0endalauna (me\u00f0 \u00fea\u00f0 fyrir augum a\u00f0 n\u00e1 fram l\u00e6kkun \u00e1 gjaldi fyrir styttri verk)<\/i><\/p>\n<p class=\"p4\">B\u00fai\u00f0 er a\u00f0 f\u00e1 \u00feessu breytt.<\/p>\n<p class=\"p4\"><b>IV \u2013 \u00d6nnur m\u00e1l<\/b><\/p>\n<p class=\"p4\">Uppf\u00e6rsla Leikf\u00e9lags Mosfellssveitar \u00e1 Ronju R\u00e6ningjad\u00f3ttur eftir Astrid Lindgren var valin Athyglisver\u00f0asta \u00e1hugaleiks\u00fdning leik\u00e1rsins af valnefnd \u00dej\u00f3\u00f0leikh\u00fassins og var h\u00fan s\u00fdnd \u00ferisvar fyrir fullu h\u00fasi \u00e1 st\u00f3ra svi\u00f0i \u00dej\u00f3\u00f0leikh\u00fassins fyrstu helgina \u00ed j\u00fan\u00ed vi\u00f0 g\u00f3\u00f0an or\u00f0st\u00edr. \u00cd \u00e1r eru s\u00fdningarnar sautj\u00e1n sem vali\u00f0 ver\u00f0ur milli og mun \u00dej\u00f3\u00f0leikh\u00fasstj\u00f3ri tilkynna um \u00fea\u00f0 undir bor\u00f0um \u00ed Her\u00f0ubrei\u00f0 \u00ed kv\u00f6ld.<\/p>\n<p class=\"p4\">Af erlendum vettvangi m\u00e1 geta \u00feess a\u00f0 s\u00fdning Hugleiks, Hin einkar h\u00f6rmulega \u00f3pera um grimman dau\u00f0a P\u00edramusar og \u00deispu, var valin til s\u00fdningar \u00e1 IATA\/AITA al\u00fej\u00f3\u00f0legu leiklistarh\u00e1t\u00ed\u00f0inni \u00ed Belg\u00edu li\u00f0i\u00f0 sumar. \u00de\u00e1tttakendur \u00ed s\u00fdningunni s\u00e1tu \u00e1rsfund NEATA og a\u00f0alfund IATA\/AITA fyrir h\u00f6nd Bandalagsins. Leikf\u00e9lag Selfoss f\u00f3r sumari\u00f0 2015 me\u00f0 s\u00fdninguna Kj\u00e1nar og kynlegir kvistir til\u00a0Thisted \u00ed Danm\u00f6rku \u00e1 leiklistarh\u00e1t\u00ed\u00f0ina NoBa. Leikf\u00e9lagi Hafnarfjar\u00f0ar hefur veri\u00f0 bo\u00f0i\u00f0 a\u00f0 s\u00fdna Ubba k\u00f3ng \u00e1 leiklistarh\u00e1t\u00ed\u00f0 \u00ed Austurr\u00edki \u00ed j\u00fan\u00ed nk. og framundan er svo stuttverkah\u00e1t\u00ed\u00f0 NEATA sem haldin ver\u00f0ur \u00ed F\u00e6reyjum \u00ed okt\u00f3ber samhli\u00f0a fundi. \u00dear vera tv\u00f6 leikf\u00e9l\u00f6g, Hugleikur og Leikf\u00e9lag Hafnarfjar\u00f0ar, fulltr\u00faar \u00cdslands me\u00f0 \u00ferj\u00fa stuttverk.<\/p>\n<p class=\"p4\">\u00deakka ber okkar \u00f6tula nefndarf\u00f3lki \u00ed sk\u00f3lanefnd og L\u00e9nsherra fyrir fr\u00e1b\u00e6rt starf n\u00fa sem endran\u00e6r. Sk\u00f3linn bl\u00f3mstrar og dafnar og a\u00f0s\u00f3kn er framar vonum. \u00c1rangurinn af sk\u00f3lastarfinu skilar s\u00e9r margfalt tilbaka inn \u00ed f\u00e9l\u00f6gin, \u00fe\u00e1 v\u00edtam\u00ednsprautu og menntun skyldi enginn vanmeta. Vi\u00f0 hl\u00f6kkum til a\u00f0 halda upp \u00e1 20 \u00e1ra afm\u00e6li sk\u00f3lans \u00e1 n\u00e6sta \u00e1ri, \u00fea\u00f0 er alltaf gott a\u00f0 l\u00edta tilbaka til a\u00f0 geta svo horft til framt\u00ed\u00f0ar.<\/p>\n<p class=\"p4\">L\u00e9nsherra vor er \u00f3\u00fereytandi \u00ed a\u00f0 horfa fram \u00e1 veginn me\u00f0 okkur og \u00fe\u00f3 s\u00e9rstaklega fyrir okkur. N\u00fdtt rafr\u00e6nt ums\u00f3knarkerfi mun \u00f6rugglega gera alla ums\u00fdslu grei\u00f0ari og au\u00f0veldari fyrir b\u00e6\u00f0i f\u00e9l\u00f6gin og skrifstofuna.<\/p>\n<p class=\"p4\">Stj\u00f3rn \u00feakkar ennfremur Vilborgu framkv\u00e6mdastj\u00f3ra fyrir gott samstarf \u00e1 \u00e1rinu. \u00datsj\u00f3narsemi og multitaskh\u00e6fileikum hennar eru engin takm\u00f6rk sett.<\/p>\n<p class=\"p4\">Vonandi mun \u00e1 \u00feessu \u00e1ri ver\u00f0a kominn st\u00f6\u00f0ugleiki og framt\u00ed\u00f0ars\u00fdn var\u00f0andi fj\u00e1rframl\u00f6g r\u00edkisins til \u00fej\u00f3nustumi\u00f0st\u00f6\u00f0var Bandalagsins, en losaragangur og vond vinnubr\u00f6g\u00f0 \u00ed r\u00e1\u00f0uneyti menningarm\u00e1la vir\u00f0ast \u00fev\u00ed mi\u00f0ur hafa haft \u00e1hrif \u00e1 okkar st\u00f6\u00f0u \u00fe\u00f3 svo a\u00f0 \u00far hafi r\u00e6st \u00e1 s\u00ed\u00f0ustu stundu. \u00dea\u00f0 er \u00f3\u00feolandi a\u00f0 ekki s\u00e9 b\u00fai\u00f0 a\u00f0 gera samning vi\u00f0 Bandalagi\u00f0 um framl\u00f6g til rekstursins n\u00e6stu \u00e1rin og gerir ekkert nema skapa \u00f3vissu og \u00f3\u00feol, \u00fev\u00ed vissulega hefur veri\u00f0 sagt vi\u00f0 okkur a\u00f0 sl\u00edkt ver\u00f0i gert, \u00fea\u00f0 hefur bara ekki veri\u00f0 gert. \u00dea\u00f0 m\u00e1 hafa \u00fdmsar sko\u00f0anir \u00e1 fj\u00e1rl\u00f6gum hverju sinni, en \u00fear er gott a\u00f0 vera og \u00fear vorum vi\u00f0 \u00e1\u00f0ur me\u00f0 \u00fej\u00f3nustumi\u00f0st\u00f6\u00f0ina &#8230; og sem betur fer situr styrkurinn til a\u00f0ildarf\u00e9laganna \u00fear sem fastast \u00fe\u00f3 hann m\u00e6tti vissulega vera h\u00e6rri.<\/p>\n<p class=\"p4\">En hva\u00f0 sem \u00e1 gengur er engan bilbug \u00e1 okkur a\u00f0 finna, \u00fev\u00ed leiklistin hefur sem betur fer \u00feann m\u00e1tt a\u00f0 hefja sig yfir arga\u00feras um p\u00e9ninga. \u00dea\u00f0 m\u00e1 sj\u00e1 \u00e1 \u00feeim krafti sem leikf\u00e9l\u00f6g um allt land leika meira og meira, \u00e6fa sig, skemmta hvert \u00f6\u00f0ru, ala upp \u00e1horfendur jafnt sem i\u00f0kendur, gle\u00f0ja og gr\u00e6ta og eru jafnframt fr\u00e1b\u00e6r f\u00e9lagskapur.<\/p>\n<p class=\"p4\">Vi\u00f0 leikum alltaf &#8211; aftur og aftur.<\/p>\n<p class=\"p6\"><i>Gu\u00f0finna Gunnarsd\u00f3ttir, forma\u00f0ur.<\/i><\/p>\n<p class=\"p3\"><b> 7. <\/b> <b>Framkv\u00e6mdastj\u00f3ri leggur fram endursko\u00f0a\u00f0a reikninga s\u00ed\u00f0asta \u00e1rs og sk\u00fdrir \u00fe\u00e1. <\/b><\/p>\n<p class=\"p3\">Vilborg Valgar\u00f0sd\u00f3ttir kynnti reikningana.<\/p>\n<p class=\"p3\"><b> 8. Umr\u00e6\u00f0ur um sk\u00fdrslu stj\u00f3rnar og afgrei\u00f0sla reikninga<\/b><\/p>\n<p class=\"p3\">Elli fr\u00e1 Leikf\u00e9algi Selfoss nefndi var\u00f0andi sk\u00fdrslu stj\u00f3rnar a\u00f0 leikfer\u00f0 sem Leikf\u00e9lag Selfoss f\u00f3r til Danmerkur hef\u00f0i ekki rata\u00f0 \u00ed sk\u00fdrsluna.<\/p>\n<p class=\"p3\">\u00de\u00f3rfr\u00ed\u00f0ur fr\u00e1 Leikf\u00e9lagi Nor\u00f0fjar\u00f0ar spur\u00f0i hvort \u00fea\u00f0 hef\u00f0u veri\u00f0 17 e\u00f0a 18 leiks\u00fdningar sem s\u00f3ttu um \u00ed \u00dej\u00f3leikh\u00fasi\u00f0 og h\u00fan spur\u00f0i einnig um \u00e1rgj\u00f6ldin og hvernig \u00fea\u00f0 virkar \u00feegar f\u00e9l\u00f6g eiga inni, eftir a\u00f0 hafa ekki sett upp s\u00fdningu. Gu\u00f0finna og Vilborg sv\u00f6ru\u00f0u \u00de\u00f3rfr\u00ed\u00f0i.<\/p>\n<p class=\"p3\">Hverjir eru \u00e1 launaskr\u00e1 B\u00cdL? Og hverjir f\u00e1 dagpeninga? Fj\u00f3la fr\u00e1 Leikf\u00e9lagi Flj\u00f3tsdalsh\u00e9ra\u00f0s spur\u00f0i um \u00feetta og Vilborg svara\u00f0i og vitna\u00f0i \u00ed l\u00f6g og a\u00f0alfundarsam\u00feykktir.<\/p>\n<p class=\"p3\">Reikningar B\u00cdL sam\u00feykktir samhlj\u00f3\u00f0a.<\/p>\n<p class=\"p3\"><b> 9. Sk\u00fdrslur nefnda og umr\u00e6\u00f0ur um \u00fe\u00e6r<\/b><\/p>\n<p class=\"p3\"><b>Leiklistarvefurinn &#8211; Sk\u00fdrsla vefnefndar 2016 <\/b><\/p>\n<p class=\"p3\">L\u00f6g\u00f0 fram \u00e1 a\u00f0alfundi B\u00cdL \u00e1 Sey\u00f0isfir\u00f0i 7.-8. ma\u00ed 2016.<\/p>\n<p class=\"p3\">Eftirfarandi er sk\u00fdrsla vefnefndar Leiklistarvefsins. \u00cd vefnefnd sitja undirrita\u00f0ur og framkv\u00e6mdastj\u00f3ri Bandalagsins.<\/p>\n<p class=\"p3\">Eftir a\u00f0 hafa hangi\u00f0 saman \u00ed m\u00f6rg \u00e1r me\u00f0 sj\u00f3reknum sn\u00e6risspotta, l\u00edmbandi, gorminum af \u00f3n\u00fdtu handriti af Pilti og st\u00falku og bjargfastri tr\u00fa \u00e1 hi\u00f0 g\u00f3\u00f0a \u00ed manninum, var s\u00ed\u00f0astli\u00f0i\u00f0 vor loks r\u00e1\u00f0ist \u00ed l\u00f6ngu t\u00edmab\u00e6rar uppf\u00e6rslur \u00e1 Leiklistarvefnum. N\u00fdr vefur var formlega opna\u00f0ur \u00e1 a\u00f0alfundi fyrir r\u00e9ttu \u00e1ri s\u00ed\u00f0an \u00feannig a\u00f0 n\u00fa er komin \u00e1rs reynsla \u00e1 breytingarnar og vi\u00f0 h\u00e6fi a\u00f0 l\u00edta a\u00f0eins um \u00f6xl. H\u00e9r ver\u00f0ur stikla\u00f0 \u00e1 helstu breytingum og fari\u00f0 yfir hvernig til hefur tekist me\u00f0 einstaka li\u00f0i en heilt yfir m\u00e1 segja a\u00f0 uppf\u00e6rslan og breytingarnar hafi tekist vonum framar. Mi\u00f0a\u00f0 vi\u00f0 umfang breytinganna, \u00fear sem m.a. var skipt um umsj\u00f3narkerfi, ver\u00f0ur a\u00f0 segjast a\u00f0 breytingarnar hafi veri\u00f0 \u00f3venju s\u00e1rsaukalitlar. Au\u00f0vita\u00f0 voru einhverjir hn\u00f6krar en flestir voru minnih\u00e1ttar og yfirleitt au\u00f0leystir. \u00de\u00f3 honum s\u00e9 t\u00ed\u00f0r\u00e6tt um t\u00e6knif\u00f6tlun s\u00edna er \u00fea\u00f0 einnig \u00e1n\u00e6gjuleg sta\u00f0reynd a\u00f0 framkv\u00e6mdastj\u00f3ri t\u00f3k breytingunum eins og fiskur vatni og hefur veri\u00f0 eldflj\u00f3tur a\u00f0 tileinka s\u00e9r n\u00fdtt kerfi og n\u00fdjar vinnua\u00f0fer\u00f0ir.<\/p>\n<p class=\"p3\">Eins og \u00e1\u00f0ur sag\u00f0i skiptum vi\u00f0 \u00far hinu aldna Joomla-kerfi sem var fari\u00f0 a\u00f0 h\u00e1 okkur illilega \u00ed vi\u00f0haldi auk \u00feess a\u00f0 vera s\u00edst\u00e6kkandi \u00f6ryggishola. Vi\u00f0 skiptum yfir \u00ed WordPress sem er a\u00f0 \u00f6llu leyti n\u00fat\u00edmalegra, \u00f6ruggara og einfaldara \u00ed notkun enda er langhra\u00f0asti v\u00f6xturinn \u00ed \u00fev\u00ed af vefumsj\u00f3narkerfum \u00ed dag. \u00cd gegnum WordPress h\u00f6fum vi\u00f0 t.d. a\u00f0gang a\u00f0 gr\u00ed\u00f0arlega st\u00f3rum marka\u00f0i vi\u00f0b\u00f3ta sem leysa \u00fdmis s\u00e9rt\u00e6k m\u00e1l \u00e1 einfaldan, \u00f3d\u00fdran og \u00fea\u00f0 sem mestu m\u00e1li skiptir, \u00f6ruggan h\u00e1tt. Ekki \u00fearf lengur a\u00f0 b\u00ed\u00f0a milli vonar og \u00f3tta \u00fe\u00f3 einhverju s\u00e9 b\u00e6tt vi\u00f0 vefinn e\u00f0a hann uppf\u00e6r\u00f0ur, heldur er h\u00e6gt a\u00f0 treysta \u00fev\u00ed a\u00f0 jafnvel \u00fe\u00f3 breytingar og uppf\u00e6rslur virki ekki fullkomlega muni \u00fe\u00e6r a.m.k. ekki taka allt kerfi\u00f0 ni\u00f0ur me\u00f0 s\u00e9r eins og var st\u00f6\u00f0ug \u00e1h\u00e6tta \u00e1 gamla vefnum.<\/p>\n<p class=\"p3\">\u00dea\u00f0 var sem s\u00e9 algerlega n\u00fdtt kerfi sem teki\u00f0 var formlega \u00ed notkun \u00e1 a\u00f0alfundi \u00ed H\u00f6rg\u00e1rdal \u00ed fyrra. Ekki a\u00f0eins voru innvi\u00f0ir og undirst\u00f6\u00f0ur splunkun\u00fdjar heldur var einnig r\u00e1\u00f0ist \u00ed n\u00fdtt \u00fatlit og notendavi\u00f0m\u00f3t. A\u00f0alhei\u00f0urinn af \u00fev\u00ed \u00e1 s\u00e9rlegur vinur Bandalagsins, Einar \u00de\u00f3r hj\u00e1 fyrirt\u00e6kinu HugsaS\u00e9r. HugsaS\u00e9r hefur jafnframt s\u00e9\u00f0 um h\u00fdsingu \u00e1 vefnum um margra \u00e1ra skei\u00f0 en s\u00fa breyting var\u00f0 \u00fe\u00f3 \u00e1 s\u00ed\u00f0asta \u00e1ri a\u00f0 \u00feeir h\u00e6ttu sem millili\u00f0ir h\u00fdsingar\u00fej\u00f3nustu sem er eftir sem \u00e1\u00f0ur hj\u00e1 h\u00fdsingarfyrirt\u00e6kinu 1984.is.<\/p>\n<p class=\"p3\">Ein af st\u00e6rri breytingum s\u00ed\u00f0astli\u00f0i\u00f0 vor var opnun Leikh\u00fasb\u00fa\u00f0arinnar \u00e1 vefnum. Vi\u00f0 t\u00f3kum sem s\u00e9 \u00ed notkun svokalla\u00f0a WooCommerce vi\u00f0b\u00f3t sem er verslunarkerfi fyrir vefi. N\u00fa eru n\u00e1nast allar v\u00f6rur b\u00fa\u00f0arinnar komnar \u00e1 vefinn me\u00f0 \u00f6llum nau\u00f0synlegum uppl\u00fdsingum og var \u00fea\u00f0 helsta markmi\u00f0i\u00f0. N\u00fa er h\u00e6gt a\u00f0 f\u00e1 meiri og betri uppl\u00fdsingar um v\u00f6rurnar \u00e1n \u00feess a\u00f0 \u00feurfi a\u00f0 hafa samband vi\u00f0 \u00dej\u00f3nustumi\u00f0st\u00f6\u00f0 og fylgir \u00fev\u00ed eflaust einhver t\u00edmasparna\u00f0ur. \u00de\u00f3 ekki hafi \u00fea\u00f0 veri\u00f0 a\u00f0altilgangurinn, b\u00fd\u00f0ur WooCommerce einnig upp \u00e1 pantanir \u00e1 vef, sem h\u00e6gt er a\u00f0 s\u00e6kja e\u00f0a l\u00e1ta senda \u00ed p\u00f3stkr\u00f6fu. \u00c1 \u00fev\u00ed \u00e1ri sem li\u00f0i\u00f0 er s\u00ed\u00f0an vefverslunin var opnu\u00f0 hefur u.\u00fe.b. 7-8% heildars\u00f6lu Leikh\u00fasb\u00fa\u00f0arinnar fari\u00f0 fram \u00ed gegnum pantanir \u00e1 vefnum. Framkv\u00e6mdastj\u00f3ri uppl\u00fdsir v\u00e6ntanlega betur um s\u00edna reynslu af vefversluninni.<\/p>\n<p class=\"p3\">Kostirnir vi\u00f0 uppf\u00e6rsluna eru fleiri en svo a\u00f0 h\u00e6gt s\u00e9 a\u00f0 telja alla upp. Sem d\u00e6mi um m\u00e1 \u00fe\u00f3 benda \u00e1 Vikup\u00f3stinn fr\u00e1 \u00dej\u00f3nustumi\u00f0st\u00f6\u00f0inni. \u00dej\u00f3nustumi\u00f0st\u00f6\u00f0in hefur \u00ed m\u00f6rg \u00e1r sent \u00fat p\u00f3st me\u00f0 fr\u00e9ttum af vefnum fr\u00e1 li\u00f0inni viku. Var \u00fea\u00f0 fastur li\u00f0ur \u00ed vinnu starfsmanns a\u00f0 setja saman fr\u00e9ttabr\u00e9fi\u00f0 \u00e1 f\u00f6stud\u00f6gum og senda \u00fat. Gera m\u00e1 r\u00e1\u00f0 fyrir a\u00f0 15-25 m\u00edn\u00fatur hafi fari\u00f0 \u00ed a\u00f0 taka saman fr\u00e9ttirnar og senda \u00fat og fastur li\u00f0ur var a\u00f0 \u00fatsendingin stoppa\u00f0i vegna \u00feess a\u00f0 p\u00f3st\u00fej\u00f3nar t\u00f6ldu a\u00f0 um ruslp\u00f3st v\u00e6ri a\u00f0 r\u00e6\u00f0a og i\u00f0ullega \u00feurfti L\u00e9nsherra a\u00f0 koma til skjalanna a\u00f0 leysa \u00far m\u00e1linu. N\u00fdi vefurinn \u00e1samt annarri t\u00e6kni gerir \u00fea\u00f0 hinsvegar a\u00f0 verkum a\u00f0 Vikup\u00f3sturinn er n\u00fa sendur \u00fat sj\u00e1lfvirkt kl. 16.00 \u00e1 hverjum f\u00f6studegi me\u00f0 fr\u00e9ttum li\u00f0innar viku \u00e1n \u00feess a\u00f0 mannsh\u00f6ndin komi \u00fear neitt vi\u00f0 s\u00f6gu. M\u00edn\u00faturnar sem \u00feannig sparast safnast fj\u00f3tt upp.<\/p>\n<p class=\"p3\">\u00cd s\u00ed\u00f0ustu sk\u00fdrslu vefnefndar voru vi\u00f0ra\u00f0ar vonir um a\u00f0 h\u00e6gt yr\u00f0i a\u00f0 koma ums\u00f3knum vegna r\u00edkisstyrksins \u00e1 stafr\u00e6nt form \u00e1 vefnum, ef og \u00feegar aurar fyndust til \u00feess. \u00c1 \u00feeim t\u00edma leit \u00fat fyrir a\u00f0 kaupa \u00feyrfti utana\u00f0komandi vinnu til verkefnisins og kostna\u00f0ur \u00fea\u00f0 mikill a\u00f0 ekki leit \u00fat fyrir a\u00f0 neitt yr\u00f0i \u00far verkinu n\u00e6stu misserin a.m.k. L\u00e9nsherra lag\u00f0ist \u00ed ranns\u00f3knir s\u00ed\u00f0astli\u00f0i\u00f0 sumar og er lei\u00f0 a\u00f0 hausti kom \u00ed lj\u00f3s a\u00f0 h\u00e6gt yr\u00f0i, me\u00f0 umtalsver\u00f0ri vinnu \u00fe\u00f3, a\u00f0 framkv\u00e6ma verki\u00f0 innanh\u00fass. Hausti\u00f0 f\u00f3r \u00ed a\u00f0 setja upp pr\u00f3t\u00f3t\u00fdpu sem var tilb\u00fain til pr\u00f3fana eftir \u00e1ram\u00f3t. \u00der\u00edr pr\u00f3farar voru fengnir til a\u00f0sto\u00f0ar L\u00e9nsherra og framkv\u00e6mdastj\u00f3ra vi\u00f0 leita uppi villur. Vefnefnd kann \u00feeim G\u00edsla Birni, Ella og Magn\u00fe\u00f3ru bestu \u00feakkir fyrir \u00feeirra framlag vi\u00f0 a\u00f0 sn\u00ed\u00f0a helstu vankanta af kerfinu og einnig formanni Bandalagsins sem kom me\u00f0 \u00fearfar \u00e1bendingar.<\/p>\n<p class=\"p3\">Kerfi\u00f0 n\u00fdtist \u00fe\u00f3 ekki eing\u00f6ngu vi\u00f0 styrkums\u00f3knirnar heldur hefur \u00fea\u00f0 einnig veri\u00f0 n\u00fdtt vi\u00f0 ums\u00f3knir vegna Athyglisver\u00f0ustu \u00e1hugaleiks\u00fdningar \u00e1rsins og einnig fyrir ums\u00f3knir vegna Stuttverkah\u00e1t\u00ed\u00f0ar NEATA \u00e1 komandi hausti. \u00deau f\u00e9l\u00f6g sem ekki hafa enn fengi\u00f0 a\u00f0gang eru hv\u00f6tt til a\u00f0 s\u00e6kja um sem fyrst og einnig eru f\u00e9l\u00f6gin \u00f6ll hv\u00f6tt til a\u00f0 senda inn ums\u00f3knir eins flj\u00f3tt og au\u00f0i\u00f0 er en ekki b\u00ed\u00f0a fram \u00e1 s\u00ed\u00f0ustu stundu.<\/p>\n<p class=\"p3\">Stj\u00f3rn \u00e1kva\u00f0 a\u00f0 ums\u00f3knakerfi\u00f0 yr\u00f0i fj\u00e1rmagna\u00f0 me\u00f0 10 \u00fe\u00fas. kr\u00f3na eingrei\u00f0slu f\u00e9laganna. Var \u00e1kve\u00f0i\u00f0 a\u00f0 grei\u00f0slan yr\u00f0i valkv\u00e6\u00f0 \u00e1 yfirstandandi leik\u00e1ri en fr\u00e1 og me\u00f0 \u00fev\u00ed n\u00e6sta ver\u00f0ur ekki lengur bo\u00f0i\u00f0 upp \u00e1 a\u00f0 skila ums\u00f3knum \u00e1 papp\u00edrsformi. Ums\u00f3knakerfi\u00f0 er n\u00fa \u00feegar komi\u00f0 \u00ed fulla notkun og \u00feegar \u00feetta er rita\u00f0 hafa 23 f\u00e9l\u00f6g fengi\u00f0 a\u00f0gang a\u00f0 kerfinu. Eitthva\u00f0 hefur bori\u00f0 \u00e1 erfi\u00f0leikum hj\u00e1 sumum vi\u00f0 innskr\u00e1ningu og er \u00fear \u00ed langflestum tilvikum um a\u00f0 kenna a\u00f0 uppl\u00fdsingap\u00f3stur vegna kerfisins hefur ekki veri\u00f0 lesinn n\u00f3gu vandlega af notendum. \u00cd lj\u00f3si \u00feess hvernig gengi\u00f0 hefur fram til \u00feessa eru L\u00e9nsherra og framkv\u00e6mdastj\u00f3ri undir \u00fea\u00f0 b\u00fain a\u00f0 einhver vandam\u00e1l komi upp \u00feegar n\u00e6r dregur skiladegi vegna styrkums\u00f3kna enda er \u00fea\u00f0 ums\u00f3knaform margfalt st\u00e6rra \u00ed sni\u00f0um og fl\u00f3knara en hin.<\/p>\n<p class=\"p3\">\u00ddmislegt fleira j\u00e1kv\u00e6tt v\u00e6ri h\u00e6gt a\u00f0 telja upp um uppf\u00e6rsluna \u00e1 Leiklistarvefnum en l\u00e6t \u00e9g n\u00e6gja a\u00f0 endurtaka \u00fea\u00f0 a\u00f0 heilt yfir hefur uppf\u00e6rslan gengi\u00f0 \u00f3tr\u00falega vel. Vefurinn hefur veri\u00f0 a\u00f0 \u00fer\u00f3ast undanfari\u00f0 \u00e1r og mun gera \u00fea\u00f0 \u00e1fram. Allar g\u00f3\u00f0ar \u00e1bendingar og hugmyndir var\u00f0andi hann eru vel \u00feegnar. Ekki er \u00fe\u00f3 h\u00e6gt a\u00f0 flytja svona sk\u00fdrslu \u00e1n \u00feess a\u00f0 vera me\u00f0 mysing yfir einhverju. L\u00e9nsherra ber \u00e1samt framkv\u00e6mdastj\u00f3ra vissulega \u00e1byrg\u00f0 \u00e1 a\u00f0 Leiklistarvefurinn virki sem skyldi en \u00fea\u00f0 hefur ekki veri\u00f0 eins \u00e1berandi a\u00f0 t\u00f6lvukostur \u00dej\u00f3nustumi\u00f0st\u00f6\u00f0var hefur einnig veri\u00f0 \u00ed hans umsj\u00e1. Vert a\u00f0 benda \u00e1 a\u00f0 t\u00f6lvub\u00fana\u00f0ur \u00dej\u00f3nustumi\u00f0st\u00f6\u00f0var er a\u00f0 allnokkrum hluta kominn vel yfir e\u00f0lilegan afskriftat\u00edma og \u00fe\u00f3 t\u00f6lvukerfi\u00f0 standi s\u00edna plikt me\u00f0 virktum og ekki hafi \u00feurft a\u00f0 sinna miklu vi\u00f0haldi eru m\u00e1 b\u00faast vi\u00f0 a\u00f0 breg\u00f0ast \u00feurfi vi\u00f0 \u00fev\u00ed \u00e1 n\u00e6stu misserum.<\/p>\n<p class=\"p3\">L\u00fdkur svo sk\u00fdrslu Vefnefndar.<\/p>\n<p class=\"p8\"><i>F.h. vefnefndar, H\u00f6r\u00f0ur Sigur\u00f0arson, l\u00e9nsherr<\/i>a<\/p>\n<p class=\"p3\">Hrefna Fri\u00f0riksd\u00f3ttir flutti sk\u00fdrslu sk\u00f3lanefndar:<\/p>\n<p class=\"p3\"><b>Leiklistarsk\u00f3linn, sk\u00fdrsla sk\u00f3lanefndar \u00e1 a\u00f0alfundi B\u00cdL 7.-8. ma\u00ed 2016<\/b><\/p>\n<p class=\"p3\">\u00c1 li\u00f0nu starfs\u00e1ri s\u00e1tu me\u00f0 m\u00e9r \u00ed sk\u00f3lanefnd D\u00fdrleif J\u00f3nsd\u00f3ttr, Herd\u00eds \u00deorgeirsd\u00f3ttir, Hrund \u00d3lafsd\u00f3ttur og G\u00edsli Bj\u00f6rn Heimisson.<span class=\"Apple-converted-space\">\u00a0 <\/span>Sk\u00f3lanefndin ber sem fyrr h\u00f6fu\u00f0\u00e1byrg\u00f0 \u00e1 a\u00f0 skipuleggja starf Leiklistarsk\u00f3la Bandalagsins og fundar reglulega allt \u00e1ri\u00f0. \u00c9g nota \u00feetta t\u00e6kif\u00e6ri til a\u00f0 \u00feakka k\u00e6rlega \u00f6llu samnefndarf\u00f3lki m\u00ednu fyrir metna\u00f0arfullt og skemmtilegt samstarf.<\/p>\n<p class=\"p3\">Leiklistarsk\u00f3li Bandalagsins var settur \u00ed 19. sinn \u00feann 6. j\u00fan\u00ed 2015 a\u00f0 H\u00fanav\u00f6llum \u00ed H\u00fanavatnshreppi. \u00dea\u00f0 var nokkur spenna \u00ed undirb\u00faningi sk\u00f3lans \u00fear sem skipt var um rekstrara\u00f0ila \u00e1 sta\u00f0num \u00e1 milli \u00e1ra. Vi\u00f0 b\u00e1rum \u00fe\u00e1 g\u00e6fu a\u00f0 n\u00e1 g\u00f3\u00f0um samningi vi\u00f0 Gy\u00f0u Einarsd\u00f3ttur, h\u00f3telst\u00fdru H\u00f3tels H\u00fana og \u00fea\u00f0 er \u00f3h\u00e6tt a\u00f0 segja a\u00f0 samstarfi\u00f0 vi\u00f0 hana hef\u00f0i ekki geta\u00f0 gengi\u00f0 betur. H\u00fan t\u00f3k \u00e1 m\u00f3ti okkur opnum \u00f6rmum og fagna\u00f0i \u00f6llum okkar \u00f3l\u00e1tum og yfirgangi.<\/p>\n<p class=\"p3\">Sk\u00f3lann \u00e1ri\u00f0 2015 s\u00f3ttu alls 39 nemendur. N\u00e1mskei\u00f0in voru:<\/p>\n<p class=\"p3\">1. Leiklist II &#8211; kennari \u00c1g\u00fasta Sk\u00falad\u00f3ttir<\/p>\n<p class=\"p3\">2. Leikstj\u00f3rn I &#8211; kennari R\u00fanar Gu\u00f0brandsson<\/p>\n<p class=\"p3\">3. S\u00e9rn\u00e1mskei\u00f0 fyrir leikara &#8211; Haraldurinn langspuni &#8211; kennarar Bjarni Sn\u00e6bj\u00f6rnsson og D\u00f3ra J\u00f3hannsd\u00f3ttur<\/p>\n<p class=\"p3\">Ni\u00f0urst\u00f6\u00f0ur vi\u00f0horfsk\u00f6nnunar bentu til mikillar \u00e1n\u00e6gju me\u00f0 sk\u00f3lastarfi\u00f0.<\/p>\n<p class=\"p3\">\u00c1ri\u00f0 2016 ver\u00f0ur Leiklistarsk\u00f3linn settur a\u00f0 H\u00fanav\u00f6llum \u00feann 4. j\u00fan\u00ed. Hann er \u00f3venjusnemma \u00e1 fer\u00f0inni \u00feetta \u00e1ri\u00f0 en \u00fearna erum vi\u00f0 fyrst og fremst a\u00f0 koma til m\u00f3ts vi\u00f0 eindregnar \u00f3skir h\u00f3telstj\u00f3ra. Getum vi\u00f0 r\u00e1\u00f0 fyrir a\u00f0 \u00e1ri\u00f0 2017 ver\u00f0i sk\u00f3linn settur u\u00feb viku s\u00ed\u00f0ar.<span class=\"Apple-converted-space\">\u00a0 <\/span>\u00cd sumar er bo\u00f0i\u00f0 upp \u00e1 \u00ferj\u00fa n\u00e1mskei\u00f0:<\/p>\n<p class=\"p3\">&#8211; \u00c1g\u00fasta Sk\u00falad\u00f3ttir mun kenna Leiklist I \u2013 \u00fear eru skr\u00e1\u00f0ir 13 nemendur og h\u00e6gt a\u00f0 taka 3 \u00ed vi\u00f0b\u00f3t<\/p>\n<p class=\"p3\">&#8211; R\u00fanar Gu\u00f0brandsson mun kenna Leikstj\u00f3rn II &#8211; \u00fear eru skr\u00e1\u00f0ir 13 nemendur og h\u00e6gt a\u00f0 b\u00e6ta 1 vi\u00f0<\/p>\n<p class=\"p3\">&#8211; Stephen Harper kemur fr\u00e1 Bretlandi og b\u00fd\u00f0ur upp \u00e1 s\u00e9rn\u00e1mskei\u00f0 fyrir leikara me\u00f0 \u00e1herslu \u00e1 l\u00edkamlegt leikh\u00fas, tr\u00fa\u00f0aleik, gr\u00edmur og fleira &#8211; \u00fear eru skr\u00e1\u00f0ir 16 nemendur, n\u00e1mskei\u00f0i\u00f0 er fullt og einhverjir \u00e1 bi\u00f0lista.<\/p>\n<p class=\"p3\">\u00de\u00e1 bj\u00f3\u00f0um vi\u00f0 h\u00f6fundum a\u00f0 koma \u00ed heims\u00f3kn til a\u00f0 vinna a\u00f0 skrifum og eigum von \u00e1 alls 5 af \u00feeirri sort.<\/p>\n<p class=\"p3\">N\u00e1mskei\u00f0sgjald h\u00e6kkar a\u00f0eins milli \u00e1ra &#8211; var kr. 89.000.- en er n\u00fa \u00e1 bilinu kr. 96 &#8211; 99.000.- \u00deetta m\u00e1 au\u00f0vita\u00f0 rekja til almennra ver\u00f0h\u00e6kkana \u00ed samf\u00e9laginu en \u00feess ver\u00f0ur l\u00edka a\u00f0 geta a\u00f0 n\u00fdr sta\u00f0arhaldari hefur b\u00e6tt a\u00f0b\u00fana\u00f0 talsvert, t.d. skipt um \u00f6ll r\u00fam o.fl. \u00feannig a\u00f0 \u00fea\u00f0 fer mun betur um okkur.<\/p>\n<p class=\"p3\">Eins og gl\u00f6ggir hafa teki\u00f0 eftir \u00fe\u00e1 ver\u00f0ur Leiklistarsk\u00f3linn settur \u00ed 20 sinn \u00ed sumar! 20 \u00e1r!! \u00dea\u00f0 \u00e1 n\u00fa skili\u00f0 l\u00f3fatak. Af \u00feessu tilefni ver\u00f0ur fyrrverandi sk\u00f3last\u00fdru og fyrrverandi sk\u00f3lanefndarf\u00f3lki bo\u00f0i\u00f0 \u00ed heims\u00f3kn \u00ed sk\u00f3lann \u00ed sumar. Vi\u00f0 h\u00f6fum ekki pl\u00e1ss til a\u00f0 taka \u00e1 m\u00f3ti fyrrverandi nemendum e\u00f0a \u00f6\u00f0rum velunnurum og \u00fe\u00e1 viljum vi\u00f0 satt best a\u00f0 segja ekki raska hef\u00f0bundnu sk\u00f3lastarfi um of. Sk\u00f3lanefnd og stj\u00f3rn Bandalagsins hafa \u00e1 hinn b\u00f3ginn \u00e1kve\u00f0i\u00f0 a\u00f0 leggja til a\u00f0 halda s\u00e9rstaka 20 \u00e1ra afm\u00e6lish\u00e1t\u00ed\u00f0 og stefnan sett \u00e1 mars 2017. Vi\u00f0 hvetjum ykkur til a\u00f0 r\u00e6\u00f0a \u00feetta seinna \u00ed dag og f\u00f6gnum \u00f6llum till\u00f6gum um fyrirkomulag og fagna\u00f0arl\u00e6ti.<\/p>\n<p class=\"p3\">Og &#8211; \u00feetta er ekki bara \u00ed 20 sinn sem sk\u00f3linn ver\u00f0ur settur &#8211; \u00feetta ver\u00f0ur l\u00edka \u00ed 10 sinn sem okkur Dillu hlotnast s\u00e1 hei\u00f0ur a\u00f0 st\u00fdra honum! Vi\u00f0 hef\u00f0um au\u00f0vita\u00f0 \u00e1tt a\u00f0 n\u00fdta \u00e1ri\u00f0 til a\u00f0 \u00e1kve\u00f0a a\u00f0 h\u00e6tta, h\u00e6tta vi\u00f0 a\u00f0 h\u00e6tta og h\u00e6tta vi\u00f0 a\u00f0 h\u00e6tta vi\u00f0 a\u00f0 h\u00e6tta. En vegna fj\u00f6lda \u00e1skoranna &#8211; a\u00f0allega fr\u00e1 hvor annarri &#8211; \u00fe\u00e1 erum vi\u00f0 bara alls ekki h\u00e6ttar &#8211; og hven\u00e6r \u00fea\u00f0 ver\u00f0ur veit n\u00fa enginn. Or\u00f0 f\u00e1 \u00fev\u00ed ekki l\u00fdst hve gla\u00f0ar vi\u00f0 erum og \u00feakkl\u00e1tar fyrir emb\u00e6tti\u00f0. Vi\u00f0 \u00e6tlum a\u00f0 vera fastar fyrir, hlusta \u00e1 f\u00f3lki\u00f0, standa utan allra fylkinga og lei\u00f0a \u00f6ll erfi\u00f0 m\u00e1l til lykta! Vi\u00f0 lofum n\u00fa samt a\u00f0 ver\u00f0a ekki ellidau\u00f0ar \u00ed emb\u00e6ttinu.<\/p>\n<p class=\"p3\">H\u00e9r l\u00fdkur \u00fe\u00e1 sk\u00fdrsla sk\u00f3lanefndar sem hlakkar til sk\u00f3la\u00e1rsins. Takk fyrir.<\/p>\n<p class=\"p8\"><i>Hrefna Fri\u00f0riksd\u00f3ttir sk\u00f3last\u00fdra<\/i><\/p>\n<p class=\"p3\">Elli, Leikf\u00e9lagi Selfoss, r\u00e6ddi vefinn, l\u00fdsti \u00e1n\u00e6gju sinni me\u00f0 allar n\u00fdjungarnar \u00fear.<\/p>\n<p class=\"p3\">Sigr\u00ed\u00f0ur Hafsteinsd\u00f3ttir, Leikf\u00e9lag Selfoss, l\u00fdsti \u00e1n\u00e6gju sinni me\u00f0 B\u00cdL sk\u00f3lann.<\/p>\n<p class=\"p3\">H\u00f6r\u00f0ur L\u00e9nsherra kanna\u00f0i \u00f3formlega hverjir af vi\u00f0st\u00f6ddum fundarm\u00f6nnum v\u00e6ru ekki \u00e1skrifendur af Vikup\u00f3sti Leiklistarvefsins. Og m\u00e6ltist til \u00feess a\u00f0 \u00feeir sem ekki f\u00e1 p\u00f3stinn skr\u00e1i sig \u00e1 p\u00f3stlistann n\u00fa \u00feegar. Hann ba\u00f0 fundargesti a\u00f0 sko\u00f0a uppl\u00fdsingar \u00e1 vefnum um hvernig h\u00e6gt er a\u00f0 setja inn uppt\u00f6kur af leiks\u00fdningum \u00e1 vefinn, \u00ed sta\u00f0inn fyrir a\u00f0 nota DVD diska.<\/p>\n<p class=\"p3\">Kaffihl\u00e9<\/p>\n<p class=\"p3\">Eftir hl\u00e9 voru \u00feeir sem m\u00e6ttu eftir a\u00f0 fundur h\u00f3fst be\u00f0nir a\u00f0 kynna sig.<\/p>\n<p class=\"p3\">Sigr\u00ed\u00f0ur L\u00e1ra, Leikf\u00e9lagi Flj\u00f3tsdalsh\u00e9ra\u00f0s, \u00far kj\u00f6rnefnd kom \u00ed pontu hvatti f\u00f3lk til a\u00f0 skila inn frambo\u00f0um \u00ed stj\u00f3rn og varastj\u00f3rn til kj\u00f6rnefndar.<\/p>\n<p class=\"p3\"><b> 10. Dr\u00f6g a\u00f0 starfs\u00e1\u00e6tlun n\u00e6sta \u00e1rs kynnt og skipa\u00f0 \u00ed starfsh\u00f3pa<\/b><\/p>\n<p class=\"p3\">Gu\u00f0finna kynnir fyrirkomulag starfsh\u00f3panna. Fundargestum er skipt \u00ed 4 h\u00f3pa.<\/p>\n<p class=\"p3\">H\u00f3pstj\u00f3rar:<br \/>\n\u00c1sa Hildur Gu\u00f0j\u00f3nsd\u00f3ttir, Halaleikh\u00f3pnum &#8211; h\u00f3pur 1<br \/>\nSigr\u00ed\u00f0ur L\u00e1ra, Leikf\u00e9lagi Flj\u00f3tsdalsh\u00e9ra\u00f0s &#8211; h\u00f3pur 2<br \/>\nStef\u00e1n H. J\u00f3hannesson, Leikf\u00e9lagi Hafnarfjar\u00f0ar &#8211; h\u00f3pur 3<br \/>\n\u00d6rn Alexandersson, Leikf\u00e9lagi K\u00f3pavogs &#8211; h\u00f3pur 4<\/p>\n<p class=\"p3\">Stj\u00f3rn leggur eftirfarandi starfs\u00e1\u00e6tlun fram til umr\u00e6\u00f0u \u00ed h\u00f3punum:<\/p>\n<p class=\"p3\"><i>Tillaga stj\u00f3rnar a\u00f0 starfs\u00e1\u00e6tlun Bandalags \u00edslenskra leikf\u00e9laga\u00a0leik\u00e1ri\u00f0 2016-2017:<\/i><\/p>\n<p class=\"p3\"><i>Almenn starfsemi<\/i><\/p>\n<p class=\"p3\"><i>1. Rekstur \u00fej\u00f3nustumi\u00f0st\u00f6\u00f0var, Leiklistarsk\u00f3la, Leiklistarvefsins og annarra fastra li\u00f0a \u00ed starfseminni.<\/i><\/p>\n<p class=\"p3\"><i>2. Leita eftir h\u00e6kku\u00f0um framl\u00f6gum \u00far opinberum sj\u00f3\u00f0um og fr\u00e1 einkaa\u00f0ilum til starfsemi \u00e1hugaleikf\u00e9laganna og sameiginlegra verkefna.<\/i><\/p>\n<p class=\"p3\"><i>S\u00e9rverkefni \u00e1rsins<\/i><\/p>\n<p class=\"p3\"><i>1. A\u00f0 haldi\u00f0 ver\u00f0i n\u00e1mskei\u00f0 \u00ed stj\u00f3rnun leikf\u00e9laga og marka\u00f0ssetningu samhli\u00f0a a\u00f0alfundi 2017.<\/i><\/p>\n<p class=\"p3\"><i>2. A\u00f0 halda afm\u00e6lish\u00e1t\u00ed\u00f0 \u00ed tilefni af 20 \u00e1ra afm\u00e6li Leiklistarsk\u00f3la Bandalagsins vori\u00f0 2017.<\/i><\/p>\n<p class=\"p3\">Matarhl\u00e9.<\/p>\n<p class=\"p3\">Fulltr\u00faar h\u00f3pa kynna ni\u00f0urst\u00f6\u00f0ur h\u00f3pavinnu:<\/p>\n<p class=\"p3\"><i>\u00c1sa Hildur Gu\u00f0j\u00f3nsd\u00f3ttir og Halla R\u00fan Tryggvad\u00f3ttir kynna ni\u00f0urst\u00f6\u00f0ur h\u00f3ps 1:<\/i><\/p>\n<p class=\"p3\">\u00cd h\u00f3pnum voru: \u00c1sa Hildur Gu\u00f0j\u00f3nsd\u00f3ttir Halaleikh\u00f3pnum, Fanney Valsd\u00f3ttir Leikf\u00e9lagi H\u00f6rgd\u00e6la, J\u00f6rundur Ragnarsson Leikf\u00e9lagi Flj\u00f3tsdalsh\u00e9ra\u00f0s, Anna Mar\u00eda Hj\u00e1lmarsd\u00f3ttir Freyvangsleikh\u00fasinu, Halla R\u00fan Tryggvad\u00f3ttir Leikf\u00e9lagi H\u00fasav\u00edkur, Stefan\u00eda E. Hallbj\u00f6rnsd\u00f3ttir Leikf\u00e9lagi H\u00f6rgd\u00e6la, Sigr\u00ed\u00f0ur Hafsteinsd\u00f3ttir Leikf\u00e9lagi Selfoss, J\u00f3hanna Fanney Hj\u00e1lmarsd\u00f3ttir Leikf\u00e9lagi Nor\u00f0fjar\u00f0ar og Anna Margr\u00e9t P\u00e1lsd\u00f3ttir Leikf\u00e9lag K\u00f3pavogs.<\/p>\n<p class=\"p3\"><i>Almenn starfsemi<\/i><\/p>\n<p class=\"p3\"><i>1. Rekstur \u00fej\u00f3nustumi\u00f0st\u00f6\u00f0var, Leiklistarsk\u00f3la, Leiklistarvefsins og annarra fastra li\u00f0a \u00ed starfseminni.<\/i><\/p>\n<p class=\"p3\">Handrit, spurning um a\u00f0 endurvekja Lestrarhestana \u00fear sem \u00fea\u00f0 vantar miki\u00f0 af uppl\u00fdsingum inn \u00e1 Leiklistarvefinn um leikritin. Vi\u00f0 getum veri\u00f0 dugleg a\u00f0 senda inn uppl\u00fdsingar um verk sem vi\u00f0 erum a\u00f0 vinna me\u00f0 og \u00feannig b\u00e6tist sm\u00e1tt og sm\u00e1tt vi\u00f0 uppl\u00fdsingarnar.<\/p>\n<p class=\"p3\">Leiklistarsk\u00f3linn er d\u00e1semd. Spurning um a\u00f0 f\u00e1 n\u00e1mskei\u00f0 \u00ed h\u00e1ri og f\u00f6r\u00f0un og lj\u00f3sum og t\u00e6kni. Hugsanlega geta n\u00e1grannaf\u00e9l\u00f6g teki\u00f0 sig saman og haft sl\u00edk n\u00e1mskei\u00f0, fengi\u00f0 sk\u00f3last\u00fdrur til a\u00f0 a\u00f0sto\u00f0a sig \u00ed a\u00f0 skipuleggja og finna kennara. E\u00f0a a\u00f0 hafa \u201ebaktjaldan\u00e1mskei\u00f0\u201c \u00fear sem kennt yr\u00f0i allt fyrir utan a\u00f0 leika og leikst\u00fdra. Og \u00fe\u00e1 v\u00e6ri h\u00e6gt a\u00f0 s\u00e6kja um styrki \u00ed menningarsj\u00f3\u00f0i \u00e1 sv\u00e6\u00f0unum til a\u00f0 halda svolei\u00f0is n\u00e1mskei\u00f0.<\/p>\n<p class=\"p3\">St\u00e6rsta l\u00e1n B\u00cdL er Vilborg, hr\u00f3s \u2026 hr\u00f3s \u2026 hr\u00f3s til hennar.<\/p>\n<p class=\"p3\"><i>Leita eftir h\u00e6kku\u00f0um framl\u00f6gum \u00far opinberum sj\u00f3\u00f0um og fr\u00e1 einkaa\u00f0ilum til starfsemi \u00e1hugaleikf\u00e9laganna og sameiginlegra verkefna.<\/i><\/p>\n<p class=\"p3\">J\u00c1!<\/p>\n<p class=\"p3\">Lista upp sj\u00f3\u00f0i \u00ed hverjum fj\u00f3r\u00f0ungi svo au\u00f0veldara yr\u00f0i fyrir f\u00e9l\u00f6gin a\u00f0 s\u00e6kja um styrki e\u00f0a f\u00e1 a\u00f0 vita hvar h\u00e6gt er a\u00f0 s\u00e6kja um styrki.<\/p>\n<p class=\"p3\">Senda r\u00e1\u00f0am\u00f6nnum t\u00f6lvup\u00f3sta eins og hefur veri\u00f0 gert. Ekki a\u00f0 gera \u00fea\u00f0 of oft en anna\u00f0 slagi\u00f0. Og n\u00fdta \u00fea\u00f0 ef menn \u00feekkja einhverja r\u00e1\u00f0amenn og reyna a\u00f0 ota s\u00ednum tota \u00fear.<\/p>\n<p class=\"p3\">M\u00e6ta \u00e1 kosningaskrifstofur og minna \u00e1 B\u00cdL, \u00ed haust e\u00f0a vor, \u00feegar ver\u00f0ur kosi\u00f0.<\/p>\n<p class=\"p3\">Senda leikskr\u00e1r \u00e1 b\u00e6jarskrifstofur.<\/p>\n<p class=\"p3\"><i>S\u00e9rverkefni<\/i><\/p>\n<p class=\"p3\"><i>A\u00f0 haldi\u00f0 ver\u00f0i n\u00e1mskei\u00f0 \u00ed stj\u00f3rnun leikf\u00e9laga og marka\u00f0ssetningu samhli\u00f0a a\u00f0alfundi 2017.<\/i><\/p>\n<p class=\"p3\">J\u00e1 takk.<\/p>\n<p class=\"p3\">Marka\u00f0ssetningin mikilv\u00e6g.<\/p>\n<p class=\"p3\">Fj\u00f6lmi\u00f0lafulltr\u00fai \u2013 hvernig gerir ma\u00f0ur s\u00fdningar s\u00fdnilegar \u00e1 mikils kostna\u00f0ar?<\/p>\n<p class=\"p3\"><i>A\u00f0 halda afm\u00e6lish\u00e1t\u00ed\u00f0, B\u00cdL sk\u00f3linn er a\u00f0 ver\u00f0a 20 \u00e1ra.<\/i><\/p>\n<p class=\"p3\">J\u00e1, j\u00e1, j\u00e1, ekki spurning.<\/p>\n<p class=\"p3\">Gera eitthva\u00f0 \u00ed anda lokadagsins \u00ed sk\u00f3lanum. Hafa afm\u00e6lish\u00e1t\u00ed\u00f0ina \u00ed \u00e1g\u00fast, \u00ed tengslum vi\u00f0 sk\u00f3la-rej\u00fan\u00edon helgina.<\/p>\n<p class=\"p3\">Skipa nefnd fyrir afm\u00e6lish\u00e1t\u00ed\u00f0 sk\u00f3lans.<\/p>\n<p class=\"p3\">A\u00f0 gera eitthva\u00f0 \u00ed \u00f6llum f\u00e9l\u00f6gum v\u00ed\u00f0svegar um landi\u00f0.<\/p>\n<p class=\"p3\">Athuga me\u00f0 a\u00f0 f\u00e1 fj\u00f6lmi\u00f0la til a\u00f0 gera heimildamynd e\u00f0a \u00fe\u00e1tt um sk\u00f3lann, f\u00e1 t.d. G\u00edsla Einars me\u00f0 \u00ed sk\u00f3lann \u00ed vor til a\u00f0 taka upp og gera svo sm\u00e1 \u00fe\u00e1tt um sk\u00f3lann e\u00f0a innslag \u00ed Landann. E\u00f0a f\u00e1 N4 til a\u00f0 taka \u00fe\u00e1tt \u00ed \u00feessu.<\/p>\n<p class=\"p3\"><i>Sigr\u00ed\u00f0ur L\u00e1ra Sigurj\u00f3nsd\u00f3ttir kynnir ni\u00f0urst\u00f6\u00f0ur h\u00f3ps 2:<\/i><\/p>\n<p class=\"p3\">H\u00f3pstj\u00f3ri: Sigr\u00ed\u00f0ur L\u00e1ra Sigurj\u00f3nsd\u00f3ttir, Leikf\u00e9lagi Flj\u00f3tsdalsh\u00e9ra\u00f0s<\/p>\n<p class=\"p3\">Me\u00f0limir h\u00f3ps: Magn\u00fe\u00f3ra Kristj\u00e1nsd\u00f3ttir Leikf\u00e9lagi \u00d6lfuss, R\u00fanar Gunnarsson Leikf\u00e9lagi Sey\u00f0isfjar\u00f0ar, Margr\u00e9t Guttormsd\u00f3ttir Halaleikh\u00f3pnum, \u00c1g\u00fast T. Magn\u00fasson Leikf\u00e9lagi Sey\u00f0isfjar\u00f0ar, B\u00e1ra Einarsd\u00f3ttir Umf. Reykd\u00e6la, Lilja J\u00f3na Halld\u00f3rsd\u00f3ttir Leikf\u00e9lagi Selfoss og Ger\u00f0ur Halld\u00f3ra Sigur\u00f0ard\u00f3ttir Leikf\u00e9lagi Selfoss.<\/p>\n<p class=\"p3\"><i>Almenn starfsemi<\/i><\/p>\n<p class=\"p3\"><i>1. Rekstur \u00fej\u00f3nustumi\u00f0st\u00f6\u00f0var, Leiklistarsk\u00f3la, Leiklistarvefs og annarra fastra li\u00f0a \u00ed starfseminni.<\/i><\/p>\n<p class=\"p3\">Augl\u00fdsa og kynna starfsemi \u00fej\u00f3nustumi\u00f0st\u00f6\u00f0var, vefverslunar og handritasafns \u00e1 landsv\u00edsu. Kynna vefverslunina s\u00e9rstaklega \u00ed sk\u00f3lum, leiksk\u00f3lum og samb\u00e6rilegu. Fara \u00ed kynningar\u00e1tak. F\u00e1 t.d. fyrirt\u00e6ki sem heitir Eltu mig til \u00feess a\u00f0 sj\u00e1 um kynningu \u00e1 netinu. Gera heimildamynd um \u00e1hugaleikf\u00e9l\u00f6gin \u00ed landinu, starfsemi Bandalagsins og Leiklistarsk\u00f3lans. Jafnvel til efni hj\u00e1 sj\u00f3nvarpsst\u00f6\u00f0vunum og leikf\u00e9l\u00f6gunum sem h\u00e6gt v\u00e6ri a\u00f0 n\u00fdta. Nota vefinn til \u00feess a\u00f0 s\u00fdna klippur fr\u00e1 uppsetningum f\u00e9laganna, \u00e6fingum og \u00feess h\u00e1ttar.<\/p>\n<p class=\"p3\">Almenn \u00e1n\u00e6gja me\u00f0 sk\u00f3lann. Hefur skila\u00f0 s\u00e9r vel inn \u00ed leikf\u00e9l\u00f6gin og or\u00f0i\u00f0 til \u00feess a\u00f0 margir mennta sig frekar \u00ed leiklist. Mikilv\u00e6gt fj\u00f6regg fyrir starfsemi \u00e1hugaleikf\u00e9lanna. Reynslan hefur s\u00fdnt v\u00ed\u00f0a a\u00f0 \u00feegar f\u00f3lk hefur fari\u00f0 \u00ed sk\u00f3lann hefur \u00fea\u00f0 smita\u00f0 \u00fat fr\u00e1 s\u00e9r innan f\u00e9laganna og auki\u00f0 \u00e1huga og n\u00fdli\u00f0un. R\u00e6tt um pl\u00e1ss sem losna \u00e1 s\u00ed\u00f0ustu stundu og mikilv\u00e6gi \u00feess a\u00f0 \u00feau fyllist.<\/p>\n<p class=\"p3\">Halda t\u00e6knin\u00e1mskei\u00f0 og f\u00f6r\u00f0unarn\u00e1mskei\u00f0. Jafnvel a\u00f0 hafa f\u00f6r\u00f0unarn\u00e1mskei\u00f0 \u00ed sk\u00f3lanum \u00ed j\u00fan\u00ed, t.d. tvo s\u00ed\u00f0ustu dagana og tengja vi\u00f0 lokadaginn.<\/p>\n<p class=\"p3\"><i>2. Leita eftir h\u00e6kku\u00f0um framl\u00f6gum \u00far opinberum sj\u00f3\u00f0um og fr\u00e1 einkaa\u00f0ilum til starfsemi \u00e1hugaleikf\u00e9laganna og sameiginlegra verkefna.<\/i><\/p>\n<p class=\"p3\">Kanna hvort h\u00e6gt s\u00e9 a\u00f0 leita eftir styrkjum til a\u00f0 ni\u00f0urgrei\u00f0a sk\u00f3lann. Notf\u00e6ra okkur komandi kosningar til a\u00f0 \u00fer\u00fdsta \u00e1 r\u00e1\u00f0amenn var\u00f0andi h\u00e6kku\u00f0 framl\u00f6g fr\u00e1 r\u00edkinu. \u00c1g\u00fast og R\u00fanar stinga upp \u00e1 \u00fev\u00ed a\u00f0 Bandalagi\u00f0 bj\u00f3\u00f0i fram Leiklistann \u00e1 landsv\u00edsu \u00ed kosningunum \u00ed haust \u00fe\u00f3 ekki v\u00e6ri nema til \u00feess a\u00f0 vekja \u00e1 okkur athygli.<\/p>\n<p class=\"p3\"><i>S\u00e9rverkefni \u00e1rsins<\/i><\/p>\n<p class=\"p3\"><i>1. A\u00f0 haldi\u00f0 ver\u00f0i n\u00e1mskei\u00f0 \u00ed stj\u00f3rnun leikf\u00e9laga og marka\u00f0ssetningu samhli\u00f0a a\u00f0alfundi 2017.<\/i><\/p>\n<p class=\"p3\">J\u00e1. Mikilv\u00e6gt a\u00f0 stj\u00f3rnir leikf\u00e9laga s\u00e9u vel a\u00f0 s\u00e9r \u00ed \u00feessum m\u00e1lum. Margt n\u00fdtt komi\u00f0 fram sem vert er a\u00f0 kynna s\u00e9r. Gott v\u00e6ri til d\u00e6mis a\u00f0 r\u00e6\u00f0a \u00e1 n\u00e1mskei\u00f0inu hvernig samskiptum vi\u00f0 sveitarf\u00e9l\u00f6g er h\u00e1tta\u00f0 var\u00f0andi styrki, h\u00fasn\u00e6\u00f0ism\u00e1l og \u00feess h\u00e1ttar. Einnig \u00fearf a\u00f0 kynna vel \u00f6ll prakt\u00edsk atri\u00f0i var\u00f0andi rekstur leikf\u00e9lanna, hvert er hlutverk hvers og eins.<\/p>\n<p class=\"p3\"><i>2. A\u00f0 halda afm\u00e6lish\u00e1t\u00ed\u00f0 \u00ed tilefni af 20 \u00e1ra afm\u00e6li Leiklistarsk\u00f3la Bandalagsins vor 2017.<\/i><\/p>\n<p class=\"p3\">A\u00f0 setja upp vefleikrit \u00fear sem leikrit eru sett upp \u00fat um allt land og s\u00fdnd \u00e1 netinu. Kj\u00f6ri\u00f0 t\u00e6kif\u00e6ri til \u00feess a\u00f0 kynna Bandalagi\u00f0 og sk\u00f3lann. F\u00e1 kannski bara styrk hj\u00e1 Google gegn \u00fev\u00ed a\u00f0 nota \u00feeirra gr\u00e6jur til a\u00f0 framkv\u00e6ma verkefni\u00f0.<\/p>\n<p class=\"p3\">Halda part\u00ed.<\/p>\n<p class=\"p3\"><i>Stef\u00e1n H. J\u00f3hannesson kynnir ni\u00f0urst\u00f6\u00f0ur h\u00f3ps 3:<\/i><\/p>\n<p class=\"p3\">H\u00f3pstj\u00f3ri: Stef\u00e1n J\u00f3hannesson Leikf\u00e9lagi Hafnarfjar\u00f0ar.<\/p>\n<p class=\"p3\">A\u00f0rir \u00ed h\u00f3p: A\u00f0alsteinn Hreinsson Leikf\u00e9lagi H\u00f6rgd\u00e6la, \u00c1rn\u00fd Leifsd\u00f3ttir Leikf\u00e9lagi \u00d6lfuss, Brynhildur Sveinsd\u00f3ttir Leikf\u00e9lagi Mosfellssveitar, Snorri Emilsson Leikf\u00e9lagi Sey\u00f0isfjar\u00f0ar, Gu\u00f0r\u00fan \u00c1sgeirsd\u00f3ttir Leikf\u00e9lagi Nor\u00f0fjar\u00f0ar, Eva Kjer\u00falf Leikf\u00e9lagi Flj\u00f3tsdalsh\u00e9ra\u00f0s, Tristan Theod\u00f3rsson Leikf\u00e9lagi Nor\u00f0fjar\u00f0ar.<\/p>\n<p class=\"p3\"><i>Almenn starfsemi<\/i><\/p>\n<p class=\"p3\"><i>1. Rekstur \u00fej\u00f3nustumi\u00f0st\u00f6\u00f0var, Leiklistarsk\u00f3la, Leiklistarvefs og annarra fastra li\u00f0a \u00ed starfseminni.<\/i><\/p>\n<p class=\"p3\">Almenn \u00e1n\u00e6gja me\u00f0 \u00fej\u00f3nustumi\u00f0st\u00f6\u00f0ina. Verslunin miki\u00f0 notu\u00f0, m\u00e6tti auka kynningu \u00e1 henni \u00fat fyrir leikf\u00e9l\u00f6gin t.d. \u00e1 facebook. B\u00fa\u00f0in heitir v\u00edst leikh\u00fasb\u00fa\u00f0in, spurning um a\u00f0 kynna nafni\u00f0 betur og gera fb s\u00ed\u00f0u fyrir hana. Leiklistavefurinn er or\u00f0inn mj\u00f6g flottur og miki\u00f0 a\u00f0gengilegri. Vi\u00f0 elskum sk\u00f3lann. Hvetja f\u00e9l\u00f6gin til a\u00f0 senda f\u00f3lk \u00ed sk\u00f3lann og styrkja, \u00fea\u00f0 skilar s\u00e9r inn \u00ed starf leikf\u00e9laganna og getur jafnvel haldi\u00f0 kostna\u00f0i f\u00e9laga ni\u00f0ri, t.d. \u00ed leikstj\u00f3rn. Spurning um n\u00e1mskei\u00f0 utan sk\u00f3lat\u00edma s.s. f\u00f6r\u00f0unar- og b\u00faningan\u00e1mskei\u00f0. Er hlekkur \u00e1 landsneti\u00f0 \u00e1 leiklist.is?<\/p>\n<p class=\"p3\"><i>2. Leita eftir h\u00e6kku\u00f0um framl\u00f6gum \u00far opinberum sj\u00f3\u00f0um og fr\u00e1 einkaa\u00f0ilum til starfsemi \u00e1hugaleikf\u00e9laganna og sameiginlegra verkefna.<\/i><\/p>\n<p class=\"p3\">Vi\u00f0 sty\u00f0jum stj\u00f3rn og framkv\u00e6mdastj\u00f3ra til a\u00f0 leggja \u00e1herslu \u00e1 a\u00f0 n\u00e1 samningi vi\u00f0 r\u00edki\u00f0 til lengri t\u00edma. Leita til \u00e1lrisanna um styrki til reksturs B\u00cdL. Athuga me\u00f0 st\u00f3ru fyrirt\u00e6kin sem starfa \u00e1 landsv\u00edsu.<\/p>\n<p class=\"p3\"><i>S\u00e9rverkefni<\/i><\/p>\n<p class=\"p3\"><i>1. A\u00f0 haldi\u00f0 ver\u00f0i n\u00e1mskei\u00f0 \u00ed stj\u00f3rnun leikf\u00e9laga og marka\u00f0ssetningu samhli\u00f0a a\u00f0alfundi 2017.<\/i><\/p>\n<p class=\"p3\">J\u00e1, spurning hvort \u00feurfi aukadag undir \u00fea\u00f0 e\u00f0a hvort \u00fea\u00f0 n\u00e1ist innan hef\u00f0bundinnar \u00feinghelgar.<\/p>\n<p class=\"p3\"><i>2. A\u00f0 halda afm\u00e6lish\u00e1t\u00ed\u00f0 \u00ed tilefni af 20 \u00e1ra afm\u00e6li Leiklistarsk\u00f3la Bandalagsins vor 2017.<\/i><\/p>\n<p class=\"p3\">Afm\u00e6lish\u00e1t\u00ed\u00f0 \u2013 virkja gamla nemendur til a\u00f0 gera eitthva\u00f0 skemmtilegt.<span class=\"Apple-converted-space\">\u00a0 <\/span>R\u00edj\u00fan\u00edonhelgin st\u00e6kku\u00f0? Karnival. Leikgle\u00f0iganga, \u00f3viss sta\u00f0setning. Vor.<\/p>\n<p class=\"p3\"><i>\u00d6rn Alexandersson kynnir ni\u00f0urst\u00f6\u00f0ur h\u00f3ps 4:<\/i><\/p>\n<p class=\"p3\">H\u00f3pstj\u00f3ri:\u00a0\u00d6rn Alexandersson, Leikf\u00e9lagi K\u00f3pavogs<\/p>\n<p class=\"p3\">A\u00f0rir \u00ed h\u00f3p: Fj\u00f3la Egedia Sverrisd\u00f3ttir Leikf\u00e9lag Flj\u00f3tsdalsh\u00e9ra\u00f0s, Berglind \u00d3sk Ing\u00f3lfsd\u00f3ttir Leikf\u00e9lagi H\u00fasav\u00edkur, Stefan\u00eda El\u00edsabet Hallbj\u00f6rnsd\u00f3ttir Leikf\u00e9lagi H\u00f6rgd\u00e6la, \u00de\u00f3rfr\u00ed\u00f0ur Soff\u00eda \u00de\u00f3rarinsd\u00f3ttir Leikf\u00e9lagi Nor\u00f0fjar\u00f0ar, Brynjar \u00d6rn R\u00fanarsson Leikf\u00e9lagi Nor\u00f0fjar\u00f0ar, F. Elli Hafli\u00f0ason Leikf\u00e9lagi Selfoss og Oddfreyja Oddfreysd\u00f3ttir\u00a0Leikf\u00e9lagi \u00d6lfuss.<\/p>\n<p class=\"p3\">1.\u00a0\u00a0\u00a0\u00a0\u00a0\u00a0Gott starf skrifstofu. Hr\u00f3sa vef. \u00c1tak \u00ed a\u00f0 augl\u00fdsa vefverslun s.s. fyrir \u00f6skudag, b\u00e6jarh\u00e1t\u00ed\u00f0ir, 17. j\u00fan\u00ed.\u00a0 T.d. \u00ed gegnum facebook (\u00f3d\u00fdr lausn). \u00a0Samhli\u00f0a augl\u00fdsa handritasafn B\u00cdL.<\/p>\n<p class=\"p3\">2.\u00a0\u00a0\u00a0\u00a0\u00a0\u00a0 S\u00e6kja um styrki vegna afm\u00e6lish\u00e1t\u00ed\u00f0ar B\u00cdL sk\u00f3la t.d. vegna ger\u00f0ar kynningarefnis fyrir sk\u00f3lann.<\/p>\n<p class=\"p3\">S\u00e9rverkefni:<\/p>\n<p class=\"p3\">1. Umfj\u00f6llunarefni n\u00e1mskei\u00f0s t.d. fundarsk\u00f6p, hlutverk stj\u00f3rnar og starfa \u00ed leikh\u00fasi, fj\u00e1rhags\u00e1\u00e6tlanir, kynna marka\u00f0ssetningu \u00e1 vef og \u00fatfylling styrkums\u00f3kna.<\/p>\n<p class=\"p3\">2. A) Kynna sk\u00f3lann \u00ed framhaldssk\u00f3lum. Fara \u00ed framhaldssk\u00f3la og kynna sk\u00f3lann af \u00feeim sem hafa veri\u00f0 \u00ed honum. Gera kynningarb\u00e6kling. T.d. gera trailer um veru \u00ed sk\u00f3lanum.<\/p>\n<p class=\"p3\">B) H\u00e1t\u00ed\u00f0in sj\u00e1lf. Skipa nefnd. Lagt til a\u00f0 hafa h\u00e1t\u00ed\u00f0ina \u00ed ma\u00ed e\u00f0a \u00e1g\u00fast.<\/p>\n<p class=\"p3\">Anna\u00f0:<\/p>\n<p class=\"p3\">Hafa f\u00f6r\u00f0unarn\u00e1mskei\u00f0 samhli\u00f0a B\u00cdL \u00feingi.\u00a0Endurvekja lestrarhesta. Hafa skil fr\u00e1 \u00feeim \u00e1 vef (komi\u00f0) Bandalags skrifstofan minni \u00fe\u00e1 \u00e1 sem eru a\u00f0 f\u00e1 handrit til yfirlestrar a\u00f0 fylla \u00fat \u00fatdr\u00e1tt \u00far leikritum sem \u00feeir lesa og skila inn til \u00a0Bandalagsins e\u00f0a beint \u00e1 vef. (Ey\u00f0ubla\u00f0 til \u00e1 skrifstofu B\u00cdL).<\/p>\n<p class=\"p3\"><b> 11. Kj\u00f6rnefnd tilkynnir ni\u00f0urst\u00f6\u00f0ur s\u00ednar og m\u00e6lir me\u00f0 a.m.k. 1 a\u00f0ila \u00ed<span class=\"Apple-converted-space\">\u00a0<\/span><\/b><b style=\"line-height: 1.5;\">hvert s\u00e6ti sem kj\u00f3sa skal \u00ed<\/b><\/p>\n<p class=\"p3\">Ger\u00f0ur H. Sigur\u00f0ard\u00f3ttir Leikf\u00e9lagi Selfoss, l\u00e6tur vita a\u00f0 allt er \u00f3breitt, \u00fer\u00edr sem eiga a\u00f0 ganga \u00far a\u00f0alstj\u00f3rn en gefa allir kost \u00e1 s\u00e9r \u00e1fram og tveir eiga a\u00f0 ganga \u00far varastj\u00f3rn, \u00fear gefur \u00c1g\u00fast T. Magn\u00fasson, Leikf\u00e9lagi Sey\u00f0isfjar\u00f0ar \u00e1fram kost \u00e1 s\u00e9r en Ylfa Mist Helgad\u00f3ttir, Leikf\u00e9lagi Bolungarv\u00edkur, ekki. Frambo\u00f0 hafa komi\u00f0 fr\u00e1 Sigr\u00ed\u00f0i Hafsteinsd\u00f3ttur og Snorra Emilssyni Leikf\u00e9lagi Sey\u00f0isfjar\u00f0ar.<\/p>\n<p class=\"p3\"><b>12. Lagabreytingar<\/b><\/p>\n<p class=\"p3\">Engar lagabreytingar liggja fyrir fundi.<\/p>\n<p class=\"p3\"><b>13. Till\u00f6gur lag\u00f0ar fyrir fundinn<\/b><\/p>\n<p class=\"p3\">Fram er l\u00f6g\u00f0 tillaga fr\u00e1 stj\u00f3rn:<\/p>\n<p class=\"p3\"><i>Tillaga l\u00f6g\u00f0 fyrir a\u00f0alfund B\u00cdL 2016<\/i><\/p>\n<p class=\"p3\"><i>Stj\u00f3rn Bandalags \u00edslenskra leikf\u00e9laga leggur til a\u00f0 1 m. kr. af verkefnastyrk a\u00f0ildarf\u00e9laganna ver\u00f0i l\u00e1tin ganga til rekstrar \u00fej\u00f3nustumi\u00f0st\u00f6\u00f0var Bandalagsins.<\/i><\/p>\n<p class=\"p3\"><i>Fh. stj\u00f3rnar,<\/i><\/p>\n<p class=\"p3\"><i>\u00d3l\u00f6f \u00de\u00f3r\u00f0ard\u00f3ttir.<\/i><\/p>\n<p class=\"p3\">Bernhar\u00f0 tekur undir or\u00f0 \u00d3lafar, segir \u00feetta gert af illri nau\u00f0syn, stj\u00f3rn gerir r\u00e1\u00f0 fyir a\u00f0 \u00feetta dugi til a\u00f0 hada starfinu \u00e1fram til \u00e1ram\u00f3ta og leggur til a\u00f0 tillagan ver\u00f0i sam\u00feykkt. Fleiri tj\u00e1 sig ekki um m\u00e1li\u00f0.<\/p>\n<p class=\"p3\">Tillagan er sam\u00feykkt samhlj\u00f3\u00f0a.<\/p>\n<p class=\"p3\"><b>14. Starfs\u00e1\u00e6tlun afgreidd.<\/b><\/p>\n<p class=\"p3\">Vilborg \u00e1r\u00e9ttar a\u00f0 starfs\u00e1\u00e6tlun, eins og h\u00fan f\u00f3r til h\u00f3pa, er tillaga stj\u00f3rnar. \u00deannig a\u00f0 ef h\u00f3par eru me\u00f0 breytingatill\u00f6gur e\u00f0a vi\u00f0b\u00e6tur vi\u00f0 starfs\u00e1\u00e6tlun \u00fe\u00e1 \u00fearf a\u00f0 leggja \u00fe\u00e6r fram skriflega.<\/p>\n<p class=\"p3\">Hrefna kve\u00f0ur s\u00e9r hlj\u00f3\u00f0s og \u00feakkar \u00f6ll falleg umm\u00e6li um sk\u00f3lann en vill taka fram var\u00f0andi a\u00f0gengi fatla\u00f0ra \u00ed sk\u00f3lanum a\u00f0 leita\u00f0 hafi veri\u00f0 logandi lj\u00f3si a\u00f0 sta\u00f0 fyrir sk\u00f3lann \u00fear sem \u00fearfir sem flestra eru haf\u00f0ar a\u00f0 lei\u00f0arlj\u00f3si og \u00fer\u00e1tt fyrir a\u00f0 a\u00f0gengi s\u00e9 ekki fullkomi\u00f0 \u00e1 H\u00fanav\u00f6llum \u00fe\u00e1 s\u00e9 \u00feetta eiginlega eini sta\u00f0urinn sem stendur til bo\u00f0a b\u00e6\u00f0ir hva\u00f0 var\u00f0ar ver\u00f0 og a\u00f0gengi. Var\u00f0andi kynningarm\u00e1l segir h\u00fan a\u00f0 sk\u00f3linn s\u00e9 \u00e1 \u00feeim sta\u00f0 a\u00f0 n\u00e1mskei\u00f0in fyllist yfirleitt alltaf og \u00fev\u00ed spurning hversu miki\u00f0 kynningar\u00e1tak \u00fearf fyrir sk\u00f3lann sem sl\u00edkan. En samt sem \u00e1\u00f0ur v\u00e6ri gaman a\u00f0 f\u00e1 kynningu \u00e1 \u00fev\u00ed g\u00f3\u00f0a starfi sem unni\u00f0 er \u00ed sk\u00f3lanum \u00ed tengslum vi\u00f0 almenna kynningu \u00e1 Bandalaginu.<\/p>\n<p class=\"p3\">Sigr\u00ed\u00f0i Hafsteinsd\u00f3ttur langar til a\u00f0 kanna hvort afm\u00e6lish\u00e1t\u00ed\u00f0 sk\u00f3lans g\u00e6ti ekki veri\u00f0 \u00ed tengslum vi\u00f0 \u00e1rlegt reunion sk\u00f3lans. Dilla bendir \u00e1 a\u00f0 \u00fea\u00f0 s\u00e9 Leikf\u00e9lagi\u00f0 S\u00fdnir sem hefur sta\u00f0i\u00f0 fyrir reunion en ekki sk\u00f3linn. Hrefna talar um a\u00f0 sk\u00f3linn hafi fyrst starfa\u00f0 sumari\u00f0 1997 og \u00fev\u00ed er \u00e1ri\u00f0 2017 afm\u00e6lis\u00e1ri\u00f0 \u00fe\u00f3 a\u00f0 sk\u00f3linn s\u00e9 settur \u00ed 20. skipti sumari\u00f0 2016.<\/p>\n<p class=\"p3\">Elli vill \u00e1r\u00e9tta, var\u00f0andi t\u00edmasetningu, a\u00f0 mars er frekar \u00f3hentugur t\u00edmi \u00fear sem m\u00f6rg f\u00e9l\u00f6g eru a\u00f0 s\u00fdna \u00fe\u00e1 og eins var\u00f0andi gistim\u00f6guleika a\u00f0 \u00e1 veturnar er ekki h\u00e6gt a\u00f0 gista \u00ed tjaldi.<\/p>\n<p class=\"p3\">Hrefna svarar \u00fev\u00ed til a\u00f0 hugmyndin hafi veri\u00f0 a\u00f0 hafa \u00feetta \u00e1 milli \u00feess a\u00f0 sk\u00f3linn s\u00e9 settur \u00ed 20. og 21. skipti og \u00fev\u00ed var mars til umr\u00e6\u00f0u en \u00feetta er ekki fastneglt og ma\u00ed kemur vel til greina.<\/p>\n<p class=\"p3\">Embla spyr um sta\u00f0setningu \u00e1 afm\u00e6lish\u00e1t\u00ed\u00f0, hvort \u00fev\u00ed hafi eitthva\u00f0 veri\u00f0 velt upp. Og segir jafnframt a\u00f0 \u00fea\u00f0 s\u00e9 nau\u00f0synlegt a\u00f0 taka \u00e1kv\u00f6r\u00f0un flj\u00f3tlega hva\u00f0 \u00e1 a\u00f0 gera og \u00e1kve\u00f0a dagsetningu upp \u00e1 a\u00f0 senda inn styrkums\u00f3knir sem oft \u00fearf a\u00f0 senda um \u00e1ram\u00f3t og \u00fe\u00e1 \u00fearf a\u00f0 vera b\u00fai\u00f0 a\u00f0 negla \u00feessa hluti ni\u00f0ur. Leggur jafnframt til a\u00f0 eitthva\u00f0 svipa\u00f0 ver\u00f0i gert var\u00f0andi kynningu \u00e1 sk\u00f3lanum eins og hestamenn hafa veri\u00f0 a\u00f0 gera me\u00f0 vikulegum \u00fe\u00e1ttum \u00ed sj\u00f3nvarpinu.<\/p>\n<p class=\"p3\">Vilborg bendir \u00e1 a\u00f0 \u00ed till\u00f6gu stj\u00f3rnar a\u00f0 starfs\u00e1\u00e6tlunum s\u00e9 gert r\u00e1\u00f0 fyrir a\u00f0 haldi\u00f0 ver\u00f0i n\u00e1mskei\u00f0 \u00ed tengslum vi\u00f0 a\u00f0alfund 2017 \u00feannig a\u00f0 \u00fea\u00f0 s\u00e9 kannski ekki raunh\u00e6ft a\u00f0 halda afm\u00e6lish\u00e1t\u00ed\u00f0 B\u00cdL l\u00edka \u00ed tengslum vi\u00f0 a\u00f0alfund. Og h\u00fan veltir \u00fev\u00ed l\u00edka upp hvort afm\u00e6lish\u00e1t\u00ed\u00f0 sk\u00f3lans h\u00f6f\u00f0i ekki a\u00f0allega til nemenda sk\u00f3lans og annarra \u00feeirra sem hafi l\u00e1ti\u00f0 hann sig einhverju skipta \u00ed gegnum \u00e1rin.<\/p>\n<p class=\"p3\">Gu\u00f0finna segir a\u00f0 \u00fea\u00f0 s\u00e9 vart framkv\u00e6manlegt a\u00f0 halda afm\u00e6li\u00f0 \u00ed tengslum vi\u00f0 a\u00f0alfund.<\/p>\n<p class=\"p3\">\u00d6rn Alexandersson leggur til a\u00f0 afm\u00e6lish\u00e1t\u00ed\u00f0 ver\u00f0i haldin \u00ed Svarfa\u00f0ardal \u00fear sem sk\u00f3linn var starfr\u00e6ktur fyrstu \u00e1rin.<\/p>\n<p class=\"p3\">Margr\u00e9t Guttormsd\u00f3ttir, Halaleikh\u00f3pnum, talar um netleikrit til a\u00f0 fagna afm\u00e6linu, nota m\u00e6tti neti\u00f0 til a\u00f0 leika saman um allt land.<\/p>\n<p class=\"p3\">Hrefna velti fyrir s\u00e9r hvort \u00fea\u00f0 yr\u00f0i gaman a\u00f0 setja saman netleikrit fyrir 70 \u00e1ra afm\u00e6li Bandalagsins \u00e1ri\u00f0 2020 \u00fear sem unnin yr\u00f0i s\u00fdning me\u00f0 b\u00fatum \u00far \u00f6llum leikritum sem v\u00e6ru \u00ed gangi hj\u00e1 a\u00f0ildarf\u00e9l\u00f6gunum.<\/p>\n<p class=\"p3\">Sigr\u00ed\u00f0ur Hafsteinsd\u00f3ttir \u00e1leit a\u00f0 kannski v\u00e6ri sni\u00f0ugra a\u00f0 hafa samband vi\u00f0 N4 e\u00f0a Landann um a\u00f0 gera veglegan \u00fe\u00e1tt um starfsemi Bandalagsins \u00ed tilefni 70 \u00e1ra afm\u00e6lisins og \u00fe\u00e1 v\u00e6ri kynning \u00e1 sk\u00f3lanum \u00fear inni.<\/p>\n<p class=\"p3\">Eftirfarandi starfs\u00e1\u00e6tlun l\u00f6g\u00f0 fyrir fundinn og sam\u00feykkt samhlj\u00f3\u00f0a:<\/p>\n<p class=\"p1\"><b>Starfs\u00e1\u00e6tlun Bandalags \u00edslenskra leikf\u00e9laga\u00a0<\/b><b>leik\u00e1ri\u00f0 2015-2016<\/b><\/p>\n<p><i>Almenn starfsemi<\/i><\/p>\n<p>1. Rekstur \u00fej\u00f3nustumi\u00f0st\u00f6\u00f0var, Leiklistarsk\u00f3la, Leiklistarvefsins og annarra fastra li\u00f0a \u00ed starfseminni.<\/p>\n<p>2. Leita eftir h\u00e6kku\u00f0um framl\u00f6gum \u00far opinberum sj\u00f3\u00f0um og fr\u00e1 einkaa\u00f0ilum til starfsemi \u00e1hugaleikf\u00e9laganna og sameiginlegra verkefna.<\/p>\n<p><i>S\u00e9rverkefni \u00e1rsins<\/i><\/p>\n<p class=\"p1\"><span class=\"s1\">1. <\/span><span class=\"s2\">A\u00f0 haldi\u00f0 ver\u00f0i n\u00e1mskei\u00f0 \u00ed stj\u00f3rnun leikf\u00e9laga og marka\u00f0ssetningu samhli\u00f0a a\u00f0alfundi 2017.<\/span><\/p>\n<p class=\"p2\"><span class=\"s2\">2. A\u00f0 halda afm\u00e6lish\u00e1t\u00ed\u00f0 \u00ed tilefni af 20 \u00e1ra afm\u00e6li Leikslistarsk\u00f3la Bandalagsins vori\u00f0 2017.<\/span><\/p>\n<p class=\"p3\"><b>15. Stj\u00f3rnarkj\u00f6r<\/b><\/p>\n<p class=\"p3\">D\u00fdrleif kynnir hverjir eru \u00ed frambo\u00f0i<\/p>\n<p class=\"p9\">\u00dar a\u00f0alstj\u00f3rn eiga a\u00f0 ganga Bernhar\u00f0 Arnarson, \u00d3l\u00f6f \u00de\u00f3r\u00f0ard\u00f3ttir og \u00der\u00e1inn Sigvaldason. \u00d3l\u00f6f var kosin \u00ed fyrra til eins \u00e1rs.<span class=\"s3\"> Gefa \u00feau \u00f6ll kost \u00e1 s\u00e9r \u00e1fram, engin \u00f6nnur frambo\u00f0 hafa borist.<\/span><\/p>\n<p class=\"p9\">\u00dar varastj\u00f3rn eiga a\u00f0 ganga \u00c1g\u00fast T. Magn\u00fasson og Ylfa Mist Helgad\u00f3ttir. \u00c1g\u00fast var kosinn \u00ed fyrra til eins \u00e1rs.<span class=\"s3\"> Ylfa gefur ekki kost \u00e1 s\u00e9r \u00e1fram en \u00c1g\u00fast gefur kost \u00e1 s\u00e9r. <\/span><\/p>\n<p class=\"p3\">\u00cd frambo\u00f0i til setu \u00ed varastj\u00f3rn eru \u00fe\u00e1 \u00c1g\u00fast, Snorri Emilsson og Sigr\u00ed\u00f0ur Hafsteinsd\u00f3ttir.<\/p>\n<p class=\"p3\">Frambj\u00f3\u00f0endur kynntu sig.<\/p>\n<p class=\"p3\">Bernhar\u00f0 Arnarson, \u00d3l\u00f6f \u00de\u00f3r\u00f0ard\u00f3ttir og \u00der\u00e1inn Sigvaldason voru sj\u00e1lfkj\u00f6rin \u00ed a\u00f0alstj\u00f3rn \u00fear sem engin m\u00f3tframbo\u00f0 b\u00e1rust. Sam\u00feykkt me\u00f0 l\u00f3fataki.<\/p>\n<p class=\"p3\">Kosningar til varastj\u00f3rnar f\u00f3ru svohlj\u00f3\u00f0andi:<br \/>\nSigr\u00ed\u00f0ur 13 atkv\u00e6\u00f0i<br \/>\n\u00c1g\u00fast 14 atkv\u00e6\u00f0i<br \/>\nSnorri 3 atkv\u00e6\u00f0i<\/p>\n<p class=\"p3\">Sigr\u00ed\u00f0ur og \u00c1g\u00fast eru \u00fev\u00ed r\u00e9ttkj\u00f6rin til setu \u00ed varastj\u00f3rn Bandalagsins n\u00e6stu tv\u00f6 \u00e1rin.<\/p>\n<p class=\"p3\"><b>16. a. Kosning 3ja manna kj\u00f6rnefndar og eins varamanns til eins \u00e1rs<br \/>\n<\/b><b style=\"line-height: 1.5;\">b. Kosning 2ja sko\u00f0unarmanna reikninga og eins til vara til eins \u00e1rs<\/b><\/p>\n<p class=\"p3\">D\u00fdrleif J\u00f3nsd\u00f3ttir, Ger\u00f0ur H. Sigur\u00f0ard\u00f3ttir og Sigr\u00ed\u00f0ur L\u00e1ra Sigurj\u00f3nsd\u00f3ttir bj\u00f3\u00f0a sig fram \u00e1fram sem a\u00f0almenn \u00ed kj\u00f6rstj\u00f3rn. \u00d6rn Alexandersson b\u00fd\u00f0ur sig fram sem varama\u00f0ur.<\/p>\n<p class=\"p3\">Sam\u00feykkt samhlj\u00f3\u00f0a.<\/p>\n<p class=\"p3\">N\u00faverandi sko\u00f0unarmenn reikninga eru \u00fe\u00e6r Anna J\u00f3runn Stef\u00e1nsd\u00f3ttir, Leikf\u00e9lagi Hverager\u00f0is, Hrefna Fri\u00f0riksd\u00f3ttir og til vara J\u00fal\u00eda Hannam, Hugleik.<\/p>\n<p class=\"p3\">\u00de\u00e6r gefa allar kost \u00e1 s\u00e9r aftur.<\/p>\n<p class=\"p3\">Sam\u00feykkt samhlj\u00f3\u00f0a.<\/p>\n<p class=\"p3\"><b>17. \u00c1kve\u00f0i\u00f0 \u00e1rgjald til Bandalagsins.<\/b><\/p>\n<p class=\"p3\">G\u00edsli Bj\u00f6rn Heimisson kynnti till\u00f6gu stj\u00f3rnar a\u00f0 \u00e1rgjald til Bandalagsins fyrir leik\u00e1ri\u00f0 2016-2017.<\/p>\n<p class=\"p3\"><i>Stj\u00f3rn Bandalags \u00edslenskra leikf\u00e9laga leggur til a\u00f0 \u00e1rgj\u00f6ld a\u00f0ildarf\u00e9laga fyrir leik\u00e1ri\u00f0 2016-2017 ver\u00f0i kr. 67.000.<br \/>\n<\/i><i>F\u00e9l\u00f6g sem setja upp tv\u00e6r styrkh\u00e6far s\u00fdningar \u00e1 leik\u00e1rinu borgi eitt og h\u00e1lft gjald e\u00f0a 100.500 og f\u00e9l\u00f6g sem setja upp \u00ferj\u00e1r s\u00fdningar e\u00f0a fleiri borgi tv\u00f6falt gjald e\u00f0a kr. 134.000.<br \/>\n<\/i><i>F\u00e9l\u00f6g sem setja ekki upp styrkh\u00e6fa s\u00fdningu \u00e1 leik\u00e1rinu borgi h\u00e1lft \u00e1rgjald e\u00f0a kr. 33.500.<\/i><\/p>\n<p class=\"p3\">Stj\u00f3rn leggur til a\u00f0 \u00e1rgjaldi\u00f0 h\u00e6kki reglulega um l\u00e1gar upph\u00e6\u00f0ir \u00ed sta\u00f0 \u00feess a\u00f0<span class=\"Apple-converted-space\">\u00a0 <\/span>h\u00e6kka \u00e1rgjaldi\u00f0 sjaldnar og \u00fe\u00e1 um h\u00e6rri upph\u00e6\u00f0ir.<\/p>\n<p class=\"p3\"><i>Tillagan sam\u00feykkt samhlj\u00f3\u00f0a.<\/i><\/p>\n<p class=\"p3\"><b>18. \u00d6nnur m\u00e1l<\/b><\/p>\n<p class=\"p3\"><span class=\"s4\">Sigr\u00ed\u00f0ur L\u00e1ra Sigurj\u00f3nsd\u00f3ttir sag\u00f0i fr\u00e1 fj\u00f6l\u00fej\u00f3\u00f0legri ranns\u00f3kn \u00e1 \u00e1hugaleikh\u00fasi sem er a\u00f0 fara \u00ed gang. Stofnfundur um hana ver\u00f0ur \u00ed sumar \u00e1 r\u00e1\u00f0stefnu IFTR (International Federation for Theatre Research) \u00ed Stokkh\u00f3lmi. Einnig hefur fengist vilyr\u00f0i fr\u00e1 H\u00e1sk\u00f3la \u00cdslands um a\u00f0 \u00e1rleg r\u00e1\u00f0stefna IFTR ver\u00f0i haldin \u00ed Reykjav\u00edk \u00e1ri\u00f0 2020, sama \u00e1r og B\u00cdL ver\u00f0ur 70 \u00e1ra. M\u00f6guleiki v\u00e6ri a\u00f0 tengja m\u00e1lstofu \u00e1 henni Bandalaginu.<\/span><\/p>\n<p class=\"p3\">\u00de\u00f3rfr\u00ed\u00f0ur Soff\u00eda \u00de\u00f3rarinsd\u00f3ttir, Leikf\u00e9lagi Nor\u00f0fjar\u00f0ar, sag\u00f0i fr\u00e1 h\u00f3pi f\u00f3lks sem ver\u00f0ur me\u00f0 vikulangt n\u00e1mskei\u00f0 \u00ed \u00e1g\u00fast \u00ed sumar \u00ed tengslum vi\u00f0 leiklist og fleiri listgreinar. L\u00edklega a\u00f0 mestu leyti \u00e1 Nor\u00f0fir\u00f0i en g\u00e6ti veri\u00f0 \u00e1 fleiri st\u00f6\u00f0um \u00e1 Austurlandi.<\/p>\n<p class=\"p3\">H\u00f6r\u00f0ur Sigur\u00f0arson s\u00fdndi Leiklistarvefinn \u00e1 skj\u00e1varpa og r\u00e6ddi nokkra hluti var\u00f0andi vefinn og n\u00fdja ums\u00f3knarkerfi\u00f0 sem \u00fear er a\u00f0 finna.<\/p>\n<p class=\"p3\">Gu\u00f0finna Gunnarsd\u00f3ttir bau\u00f0 n\u00fdja stj\u00f3rn velkomna til starfa og \u00feakka\u00f0i Ylfu Mist Helgad\u00f3ttur sem gekk \u00far varastj\u00f3rn fyrir hennar st\u00f6rf.<\/p>\n<p class=\"p3\">Sigr\u00ed\u00f0ur Hafsteinsd\u00f3ttir \u00feakka\u00f0i fyrir kosninguna \u00ed varastj\u00f3rn.<\/p>\n<p class=\"p3\">Elli Hafli\u00f0ason sag\u00f0i fr\u00e1 \u00fev\u00ed a\u00f0 Leikf\u00e9lag Selfoss hef\u00f0i nota\u00f0 \u00fea\u00f0 \u201ea\u00f0 boosta\u201c \u00e1 facebook sem kynningart\u00e6ki fyrir leiks\u00fdningu LS og hef\u00f0i \u00fea\u00f0 gengi\u00f0 mj\u00f6g vel og m\u00e6tli hann me\u00f0 sl\u00edkri a\u00f0fer\u00f0.<\/p>\n<p class=\"p3\">Gu\u00f0finna Gunnarsd\u00f3ttir \u00feakka\u00f0i Her\u00f0i L\u00e9nsherra miki\u00f0 og vel fyrir n\u00fdja ums\u00f3knarkerfi\u00f0 \u00e1 Leiklistarvefnum og hans st\u00f6rf vi\u00f0 Leiklistarvefinn yfirleitt og ba\u00f0 fundargesti a\u00f0 r\u00edsa \u00far s\u00e6tum og klappa fyrir honum \u00ed \u00feakkl\u00e6tisskyni.<\/p>\n<p class=\"p3\"><b>19. N\u00e6sti a\u00f0alfundur, hugmyndir reifa\u00f0ar um sta\u00f0 og stund<\/b><\/p>\n<p class=\"p3\">Elli Hafli\u00f0ason Leikf\u00e9lagi Selfoss og Magn\u00fe\u00f3ra Kristj\u00e1nsd\u00f3ttir Leikf\u00e9lagi \u00d6lfuss bu\u00f0ust, fyrir h\u00f6nd f\u00e9laga sinna, til a\u00f0 halda n\u00e6sta a\u00f0alfund.<\/p>\n<p class=\"p3\">Gu\u00f0finna Gunnarsd\u00f3ttir \u00feakka\u00f0i fundarstj\u00f3rum og fundarriturum fyrir \u00feeirra vinnu. Eins \u00feakka\u00f0i h\u00fan f\u00e9l\u00f6gum \u00ed Leikf\u00e9lagi Sey\u00f0isfjar\u00f0ar m\u00f3tt\u00f6kurnar og fyrir a\u00f0 halda vel utan um fundargesti. H\u00fan sleit fundi upp \u00far klukkan 15:30.<\/p>\n<p class=\"p8\" style=\"text-align: right;\"><i>Fundinn ritu\u00f0u Fanney Valsd\u00f3ttir og Halla R\u00fan Tryggvad\u00f3ttir.<\/i><\/p>","protected":false},"excerpt":{"rendered":"<p>A\u00f0alfundur Bandalags \u00edslenskra leikf\u00e9laga Haldinn \u00ed F\u00e9lagsheimilinu Her\u00f0ubrei\u00f0 \u00e1 Sey\u00f0isfir\u00f0i 7. ma\u00ed 2016 Fundur settur kl. 9:01 1. Fundarsetning. Kosning 2ja fundarstj\u00f3ra og 2ja fundarritara, sem taka \u00feegar til starfa Snorri Emilsson og R\u00fanar Gunnarsson fr\u00e1 Leikf\u00e9lagi Sey\u00f0isfjar\u00f0ar skipa\u00f0ir fundarstj\u00f3rar og Halla R\u00fan Tryggvad\u00f3ttir, Leikf\u00e9lagi H\u00fasav\u00edkur og Fanney Valsd\u00f3ttir, Leikf\u00e9lagi H\u00f6rgd\u00e6la fundarritarar. L\u00f6gm\u00e6ti fundarins sannreynt. [&hellip;]<\/p>\n","protected":false},"author":3,"featured_media":7728,"comment_status":"closed","ping_status":"closed","sticky":false,"template":"","format":"standard","meta":{"_et_pb_use_builder":"","_et_pb_old_content":"","_et_gb_content_width":"","footnotes":""},"categories":[206,202],"tags":[],"class_list":["post-7966","post","type-post","status-publish","format-standard","has-post-thumbnail","hentry","category-adalfundargerdir","category-bandalagi","et-has-post-format-content","et_post_format-et-post-format-standard"],"_links":{"self":[{"href":"https:\/\/leiklist.is\/en\/wp-json\/wp\/v2\/posts\/7966","targetHints":{"allow":["GET"]}}],"collection":[{"href":"https:\/\/leiklist.is\/en\/wp-json\/wp\/v2\/posts"}],"about":[{"href":"https:\/\/leiklist.is\/en\/wp-json\/wp\/v2\/types\/post"}],"author":[{"embeddable":true,"href":"https:\/\/leiklist.is\/en\/wp-json\/wp\/v2\/users\/3"}],"replies":[{"embeddable":true,"href":"https:\/\/leiklist.is\/en\/wp-json\/wp\/v2\/comments?post=7966"}],"version-history":[{"count":0,"href":"https:\/\/leiklist.is\/en\/wp-json\/wp\/v2\/posts\/7966\/revisions"}],"wp:featuredmedia":[{"embeddable":true,"href":"https:\/\/leiklist.is\/en\/wp-json\/"}],"wp:attachment":[{"href":"https:\/\/leiklist.is\/en\/wp-json\/wp\/v2\/media?parent=7966"}],"wp:term":[{"taxonomy":"category","embeddable":true,"href":"https:\/\/leiklist.is\/en\/wp-json\/wp\/v2\/categories?post=7966"},{"taxonomy":"post_tag","embeddable":true,"href":"https:\/\/leiklist.is\/en\/wp-json\/wp\/v2\/tags?post=7966"}],"curies":[{"name":"wp","href":"https:\/\/api.w.org\/{rel}","templated":true}]}}