{"id":763,"date":"2006-06-15T14:55:14","date_gmt":"2006-06-15T14:55:14","guid":{"rendered":"http:\/\/wp.leiklist.is\/?p=763"},"modified":"2006-06-15T14:55:14","modified_gmt":"2006-06-15T14:55:14","slug":"varr-bloggar-um-grna","status":"publish","type":"post","link":"https:\/\/leiklist.is\/en\/varr-bloggar-um-grna\/","title":{"rendered":"Varr\u00edus bloggar um Gr\u00edmuna"},"content":{"rendered":"<p><em><img loading=\"lazy\" decoding=\"async\" src=\"http:\/\/www.leiklist.is\/10\/images\/stories\/Folk\/Ymsir\/varrius.jpg\" width=\"140\" height=\"105\" style=\"float: right;\" hspace=\"6\" alt=\"Image\" title=\"Image\" border=\"0\" \/>J&aelig;ja, Gr\u00edman ver&eth;ur veitt \u00e1 morgun \u00ed Borgarleikh\u00fasinu. &THORN;a&eth; er n\u00fa alltaf gaman. F\u00f3r a&eth; gamni \u00ed gegnum tilnefningarnar og sp\u00e1&eth;i \u00ed spilin, hverja &eacute;g teldi myndu vinna, hverra &eacute;g sakna \u00far tilnefningalistunum og hverjir eru &thorn;ar \u00f3maklega a&eth; m\u00ednu mati. S\u00e1 au&eth;vita&eth; ekki allt, og er s&eacute;rvitur mj&ouml;g, svo &thorn;a&eth; ver&eth;ur a&eth; taka &thorn;essu &thorn;annig. Svo hef &eacute;g l\u00edka mismiki&eth; vit \u00e1 t&aelig;knigreinunum, og eftir &thorn;v\u00ed missk\u00fdrar sko&eth;anir. Svo gildir au&eth;vita&eth; hin klass\u00edska &aelig;d\u00f3ltugga a&eth; &thorn;etta er mitt \u00e1lit og &thorn;arf \u00e1 engan h\u00e1tt a&eth; endurspegla val akadem\u00edunnar, sem aftur er v&aelig;ntanlega v\u00ed&eth;sfjarri \u00e1liti &thorn;j\u00f3&eth;arinnar.<\/em><\/p>\n<p> Svona hefst pistil Varr\u00edusar sem bloggar um Gr\u00edmuna. Lesi&eth; \u00e1lit hans <a href=\"http:\/\/www.varrius.blogspot.com\/\">h&eacute;r<\/a>.<\/p>","protected":false},"excerpt":{"rendered":"<p>J&aelig;ja, Gr\u00edman ver&eth;ur veitt \u00e1 morgun \u00ed Borgarleikh\u00fasinu. &THORN;a&eth; er n\u00fa alltaf gaman. F\u00f3r a&eth; gamni \u00ed gegnum tilnefningarnar og sp\u00e1&eth;i \u00ed spilin, hverja &eacute;g teldi myndu vinna, hverra &eacute;g sakna \u00far tilnefningalistunum og hverjir eru &thorn;ar \u00f3maklega a&eth; m\u00ednu mati. S\u00e1 au&eth;vita&eth; ekki allt, og er s&eacute;rvitur mj&ouml;g, svo &thorn;a&eth; ver&eth;ur a&eth; taka &thorn;essu [&hellip;]<\/p>\n","protected":false},"author":3,"featured_media":0,"comment_status":"open","ping_status":"open","sticky":false,"template":"","format":"standard","meta":{"_et_pb_use_builder":"","_et_pb_old_content":"","_et_gb_content_width":"","footnotes":""},"categories":[187],"tags":[],"class_list":["post-763","post","type-post","status-publish","format-standard","hentry","category-allar-frir","et-doesnt-have-format-content","et_post_format-et-post-format-standard"],"_links":{"self":[{"href":"https:\/\/leiklist.is\/en\/wp-json\/wp\/v2\/posts\/763","targetHints":{"allow":["GET"]}}],"collection":[{"href":"https:\/\/leiklist.is\/en\/wp-json\/wp\/v2\/posts"}],"about":[{"href":"https:\/\/leiklist.is\/en\/wp-json\/wp\/v2\/types\/post"}],"author":[{"embeddable":true,"href":"https:\/\/leiklist.is\/en\/wp-json\/wp\/v2\/users\/3"}],"replies":[{"embeddable":true,"href":"https:\/\/leiklist.is\/en\/wp-json\/wp\/v2\/comments?post=763"}],"version-history":[{"count":0,"href":"https:\/\/leiklist.is\/en\/wp-json\/wp\/v2\/posts\/763\/revisions"}],"wp:attachment":[{"href":"https:\/\/leiklist.is\/en\/wp-json\/wp\/v2\/media?parent=763"}],"wp:term":[{"taxonomy":"category","embeddable":true,"href":"https:\/\/leiklist.is\/en\/wp-json\/wp\/v2\/categories?post=763"},{"taxonomy":"post_tag","embeddable":true,"href":"https:\/\/leiklist.is\/en\/wp-json\/wp\/v2\/tags?post=763"}],"curies":[{"name":"wp","href":"https:\/\/api.w.org\/{rel}","templated":true}]}}