{"id":7606,"date":"2016-04-14T09:47:04","date_gmt":"2016-04-14T09:47:04","guid":{"rendered":"http:\/\/leiklist.is\/?p=7606"},"modified":"2016-04-14T09:47:04","modified_gmt":"2016-04-14T09:47:04","slug":"leikritunarnamskeid-ls-og-lo","status":"publish","type":"post","link":"https:\/\/leiklist.is\/en\/leikritunarnamskeid-ls-og-lo\/","title":{"rendered":"Leikritunarn\u00e1mskei\u00f0 LS og L\u00d6"},"content":{"rendered":"<p class=\"p1\">Leikf\u00e9lag Selfoss og Leikf\u00e9lag \u00d6lfuss taka h\u00f6ndum saman og standa fyrir leikritunarn\u00e1mskei\u00f0i 16.-27. apr\u00edl. Kennari er Karl \u00c1g\u00fast \u00dalfsson. Hugmyndin a\u00f0 \u00feessu verkefni kvikna\u00f0i s\u00ed\u00f0astli\u00f0i\u00f0 haust en okkur fannst liggja \u00ed loftinu a\u00f0 f\u00e9lagar \u00ed \u00feessum n\u00e1grannaf\u00e9l\u00f6gum hef\u00f0u \u00fe\u00f6rf fyrir a\u00f0 l\u00e6ra undirst\u00f6\u00f0uatri\u00f0i leikritunar. S\u00f3tt var um styrk til Uppbyggingarsj\u00f3\u00f0s Su\u00f0urlands til a\u00f0 standa straum af kostna\u00f0i vi\u00f0 n\u00e1mskei\u00f0i\u00f0 og var markmi\u00f0i\u00f0 a\u00f0 \u00fe\u00e1tttakendur g\u00e6tu s\u00f3tt \u00fea\u00f0 \u00e1n endurgjalds. Styrkurinn var veittur og verkefni\u00f0 sett af sta\u00f0. \u00dea\u00f0 var eins og vi\u00f0 manninn m\u00e6lt a\u00f0 \u00fea\u00f0 var\u00f0 uppb\u00f3ka\u00f0 \u00e1 svipstundu og eru 18 \u00fe\u00e1tttakendur skr\u00e1\u00f0ir til leiks. N\u00e1mskei\u00f0i\u00f0 hefst laugardaginn 16. apr\u00edl en kennt ver\u00f0ur \u00ed fimm skipti eins og h\u00e9r segir og kennt ver\u00f0ur b\u00e6\u00f0i \u00ed \u00deorl\u00e1ksh\u00f6fn og \u00e1 Selfossi:<\/p>\n<p class=\"p1\">Laugardaginn 16. apr\u00edl fr\u00e1 kl. 10:00-16:00 \u00ed Vers\u00f6lum \u00deorl\u00e1ksh\u00f6fn<\/p>\n<p class=\"p1\">M\u00e1nudaginn 18. apr\u00edl fr\u00e1 kl. 19:00-23:00 \u00e1 Selfossi<\/p>\n<p class=\"p1\">Mi\u00f0vikudaginn 20. apr\u00edl fr\u00e1 kl. 19:00-23:00 \u00ed Vers\u00f6lum \u00deorl\u00e1ksh\u00f6fn<\/p>\n<p class=\"p1\">M\u00e1nudaginn 25. apr\u00edl fr\u00e1 kl. 19:00-22:00 \u00ed Vers\u00f6lum \u00deorl\u00e1ksh\u00f6fn<\/p>\n<p class=\"p1\">Mi\u00f0vikudaginn 27. apr\u00edl fr\u00e1 kl. 19:00-22 \u00e1 Selfossi.<\/p>\n<p class=\"p1\">\u00dea\u00f0 er von okkar a\u00f0 \u00feetta n\u00e1mskei\u00f0 efli leikritun innan f\u00e9laganna og lei\u00f0i af s\u00e9r enn frekara samstarf LS og L\u00d6.<\/p>\n<p class=\"p4\">Don Ellione og Magn\u00fe\u00f3ra Kristj\u00e1nsd\u00f3ttir, formenn LS og L\u00d6<\/p>","protected":false},"excerpt":{"rendered":"<p>Leikf\u00e9lag Selfoss og Leikf\u00e9lag \u00d6lfuss taka h\u00f6ndum saman og standa fyrir leikritunarn\u00e1mskei\u00f0i 16.-27. apr\u00edl. Kennari er Karl \u00c1g\u00fast \u00dalfsson. Hugmyndin a\u00f0 \u00feessu verkefni kvikna\u00f0i s\u00ed\u00f0astli\u00f0i\u00f0 haust en okkur fannst liggja \u00ed loftinu a\u00f0 f\u00e9lagar \u00ed \u00feessum n\u00e1grannaf\u00e9l\u00f6gum hef\u00f0u \u00fe\u00f6rf fyrir a\u00f0 l\u00e6ra undirst\u00f6\u00f0uatri\u00f0i leikritunar. S\u00f3tt var um styrk til Uppbyggingarsj\u00f3\u00f0s Su\u00f0urlands til a\u00f0 standa straum [&hellip;]<\/p>\n","protected":false},"author":3,"featured_media":7607,"comment_status":"closed","ping_status":"closed","sticky":false,"template":"","format":"standard","meta":{"_et_pb_use_builder":"","_et_pb_old_content":"","_et_gb_content_width":"","footnotes":""},"categories":[187,213],"tags":[],"class_list":["post-7606","post","type-post","status-publish","format-standard","has-post-thumbnail","hentry","category-allar-frir","category-vikupostur","et-has-post-format-content","et_post_format-et-post-format-standard"],"_links":{"self":[{"href":"https:\/\/leiklist.is\/en\/wp-json\/wp\/v2\/posts\/7606","targetHints":{"allow":["GET"]}}],"collection":[{"href":"https:\/\/leiklist.is\/en\/wp-json\/wp\/v2\/posts"}],"about":[{"href":"https:\/\/leiklist.is\/en\/wp-json\/wp\/v2\/types\/post"}],"author":[{"embeddable":true,"href":"https:\/\/leiklist.is\/en\/wp-json\/wp\/v2\/users\/3"}],"replies":[{"embeddable":true,"href":"https:\/\/leiklist.is\/en\/wp-json\/wp\/v2\/comments?post=7606"}],"version-history":[{"count":0,"href":"https:\/\/leiklist.is\/en\/wp-json\/wp\/v2\/posts\/7606\/revisions"}],"wp:featuredmedia":[{"embeddable":true,"href":"https:\/\/leiklist.is\/en\/wp-json\/"}],"wp:attachment":[{"href":"https:\/\/leiklist.is\/en\/wp-json\/wp\/v2\/media?parent=7606"}],"wp:term":[{"taxonomy":"category","embeddable":true,"href":"https:\/\/leiklist.is\/en\/wp-json\/wp\/v2\/categories?post=7606"},{"taxonomy":"post_tag","embeddable":true,"href":"https:\/\/leiklist.is\/en\/wp-json\/wp\/v2\/tags?post=7606"}],"curies":[{"name":"wp","href":"https:\/\/api.w.org\/{rel}","templated":true}]}}