{"id":7587,"date":"2016-04-07T11:39:06","date_gmt":"2016-04-07T11:39:06","guid":{"rendered":"http:\/\/leiklist.is\/?p=7587"},"modified":"2016-04-07T11:39:06","modified_gmt":"2016-04-07T11:39:06","slug":"mikill-ahugi-a-hlutverkum-i-blaa-hnettinum","status":"publish","type":"post","link":"https:\/\/leiklist.is\/en\/mikill-ahugi-a-hlutverkum-i-blaa-hnettinum\/","title":{"rendered":"Mikill \u00e1hugi \u00e1 hlutverkum \u00ed Bl\u00e1a hnettinum"},"content":{"rendered":"<p>\u00cd g\u00e6r mi\u00f0vikudaginn 6. apr\u00edl voru skr\u00e1ningar \u00ed prufur fyrir hlutverk \u00ed Bl\u00e1a hnettinum. Gr\u00ed\u00f0arlegur fj\u00f6ldi barna m\u00e6tti og munu n\u00e6stu dagar fara \u00ed a\u00f0 hitta b\u00f6rnin og sj\u00e1 h\u00e6fileika \u00feeirra. Borgarleikh\u00fasi\u00f0 leitar a\u00f0 22 b\u00f6rnum, sem geta sungi\u00f0, dansa\u00f0 og leiki\u00f0, til a\u00f0 fara me\u00f0 hlutverk \u00ed fyrstu uppf\u00e6rslu n\u00e6sta leik\u00e1rs sem ver\u00f0ur Bl\u00e1i hn\u00f6tturinn eftir Andra Sn\u00e6 Magnason. Bergur \u00de\u00f3r gerir n\u00fdja leikger\u00f0 \u00e1samt \u00fev\u00ed a\u00f0 leikst\u00fdra og Kristjana Stef\u00e1nsd\u00f3ttir semur t\u00f3nlistina. \u00c6fingar hefjast \u00ed ma\u00ed en \u00e1\u00e6tlu\u00f0 frums\u00fdning er 17. september.<\/p>\n<p>\u00c1 bl\u00e1um hnetti lengst \u00fati \u00ed geimnum b\u00faa \u00f3tal b\u00f6rn sem fullor\u00f0nast ekki. \u00deetta eru eiginlega villib\u00f6rn \u00fev\u00ed enginn skipar \u00feeim fyrir verkum. B\u00f6rnin sofna \u00fear sem \u00feau ver\u00f0a \u00fereytt og bor\u00f0a \u00feegar \u00feau eru sv\u00f6ng en leika s\u00e9r \u00fear sem \u00feeim dettur \u00ed hug. Eitt kv\u00f6ldi\u00f0 \u00feegar Brimir og Hulda eru st\u00f6dd \u00ed Sv\u00f6rtufj\u00f6ru birtist stjarna \u00e1 himni sem stefnir beint \u00e1 \u00feau. Stjarnan lendir \u00ed fj\u00f6runni me\u00f0 mikilli sprengingu en \u00ed reyknum m\u00f3tar fyrir skuggalegri veru sem starir \u00fat \u00ed myrkri\u00f0. \u00de\u00e1 hefst h\u00e6ttulegt \u00e6vint\u00fdri sem lei\u00f0ir b\u00f6rnin um myrka sk\u00f3ga, dj\u00fapa dali og loftin bl\u00e1. Reynir \u00fe\u00e1 sem aldrei fyrr \u00e1 vin\u00e1ttu og r\u00e1\u00f0snilld barnanna \u00e1 bl\u00e1a hnettinum.<\/p>\n<p>Sagan af Bl\u00e1a hnettinum eftir Andra Sn\u00e6 hefur komi\u00f0 \u00fat \u00e1 12 tungum\u00e1lum og hlaut \u00edslensku b\u00f3kmenntaver\u00f0launin \u00e1ri\u00f0 1999, Janusz Korczak honorary award 2000 og Vestnorr\u00e6nu Barnab\u00f3kaver\u00f0launin 2001.<\/p>\n<p><strong><em>A\u00f0standendur <\/em><\/strong><em>H\u00f6fundur: Andri Sn\u00e6r Magnason | Leikger\u00f0 &amp; leikstj\u00f3rn: Bergur \u00de\u00f3r Ing\u00f3lfsson | Leikmynd: Ilmur Stef\u00e1nsd\u00f3ttir | B\u00faningar: Mar\u00eda Th. \u00d3lafsd\u00f3ttir | T\u00f3nsk\u00e1ld &amp; t\u00f3nlistarstj\u00f3ri: Kristjana Stef\u00e1nsd\u00f3ttir | Dansh\u00f6fundur: Chantelle Carey<\/em><\/p>","protected":false},"excerpt":{"rendered":"<p>\u00cd g\u00e6r mi\u00f0vikudaginn 6. apr\u00edl voru skr\u00e1ningar \u00ed prufur fyrir hlutverk \u00ed Bl\u00e1a hnettinum. Gr\u00ed\u00f0arlegur fj\u00f6ldi barna m\u00e6tti og munu n\u00e6stu dagar fara \u00ed a\u00f0 hitta b\u00f6rnin og sj\u00e1 h\u00e6fileika \u00feeirra. Borgarleikh\u00fasi\u00f0 leitar a\u00f0 22 b\u00f6rnum, sem geta sungi\u00f0, dansa\u00f0 og leiki\u00f0, til a\u00f0 fara me\u00f0 hlutverk \u00ed fyrstu uppf\u00e6rslu n\u00e6sta leik\u00e1rs sem ver\u00f0ur Bl\u00e1i [&hellip;]<\/p>\n","protected":false},"author":3,"featured_media":7588,"comment_status":"closed","ping_status":"closed","sticky":false,"template":"","format":"standard","meta":{"_et_pb_use_builder":"","_et_pb_old_content":"","_et_gb_content_width":"","footnotes":""},"categories":[187,213],"tags":[],"class_list":["post-7587","post","type-post","status-publish","format-standard","has-post-thumbnail","hentry","category-allar-frir","category-vikupostur","et-has-post-format-content","et_post_format-et-post-format-standard"],"_links":{"self":[{"href":"https:\/\/leiklist.is\/en\/wp-json\/wp\/v2\/posts\/7587","targetHints":{"allow":["GET"]}}],"collection":[{"href":"https:\/\/leiklist.is\/en\/wp-json\/wp\/v2\/posts"}],"about":[{"href":"https:\/\/leiklist.is\/en\/wp-json\/wp\/v2\/types\/post"}],"author":[{"embeddable":true,"href":"https:\/\/leiklist.is\/en\/wp-json\/wp\/v2\/users\/3"}],"replies":[{"embeddable":true,"href":"https:\/\/leiklist.is\/en\/wp-json\/wp\/v2\/comments?post=7587"}],"version-history":[{"count":0,"href":"https:\/\/leiklist.is\/en\/wp-json\/wp\/v2\/posts\/7587\/revisions"}],"wp:featuredmedia":[{"embeddable":true,"href":"https:\/\/leiklist.is\/en\/wp-json\/"}],"wp:attachment":[{"href":"https:\/\/leiklist.is\/en\/wp-json\/wp\/v2\/media?parent=7587"}],"wp:term":[{"taxonomy":"category","embeddable":true,"href":"https:\/\/leiklist.is\/en\/wp-json\/wp\/v2\/categories?post=7587"},{"taxonomy":"post_tag","embeddable":true,"href":"https:\/\/leiklist.is\/en\/wp-json\/wp\/v2\/tags?post=7587"}],"curies":[{"name":"wp","href":"https:\/\/api.w.org\/{rel}","templated":true}]}}