{"id":7266,"date":"2016-03-09T09:47:31","date_gmt":"2016-03-09T09:47:31","guid":{"rendered":"http:\/\/leiklist.is\/?p=7266"},"modified":"2020-03-02T09:58:53","modified_gmt":"2020-03-02T09:58:53","slug":"leiklistarskoli-bil-2016","status":"publish","type":"post","link":"https:\/\/leiklist.is\/en\/leiklistarskoli-bil-2016\/","title":{"rendered":"Leiklistarsk\u00f3li B\u00cdL 2016"},"content":{"rendered":"<p>Starfst\u00edmi sk\u00f3lans \u00e1ri\u00f0 2016 ver\u00f0ur\u00a0fr\u00e1 4. til 12. j\u00fan\u00ed a\u00f0 H\u00fanavallask\u00f3la \u00ed Austur-H\u00fanavatnss\u00fdslu.<b> <\/b>Skr\u00e1ning \u00ed sk\u00f3lann hefst 15. mars og stendur til til 15. apr\u00edl.<\/p>\n<p>\u00cd sumar ver\u00f0a \u00ferj\u00fa n\u00e1mskei\u00f0 \u00ed bo\u00f0i hvert me\u00f0 s\u00ednu sni\u00f0i og kennarana \u00feekkjum vi\u00f0 vel af g\u00f3\u00f0u einu. \u00c1g\u00fasta Sk\u00falad\u00f3ttir ver\u00f0ur me\u00f0 sitt s\u00edvins\u00e6la byrjendan\u00e1mskei\u00f0 fyrir n\u00fdli\u00f0a. R\u00fanar Gu\u00f0brandsson ver\u00f0ur me\u00f0 framhaldsn\u00e1mskei\u00f0 fyrir leikstj\u00f3ra \u00fear sem hann byggir ofan \u00e1 \u00feann g\u00f3\u00f0a grunn sem nemendur nutu \u00ed fyrra. \u00de\u00e1 er okkur s\u00e9rst\u00f6k \u00e1n\u00e6gja a\u00f0 bj\u00f3\u00f0a velkominn Stephen Harper. Hann b\u00fd\u00f0ur upp \u00e1 s\u00e9rn\u00e1mskei\u00f0 me\u00f0 sama sni\u00f0i og sl\u00f3 r\u00e6kilega \u00ed gegn hj\u00e1 okkur fyrir nokkrum \u00e1rum og vi\u00f0 vonum a\u00f0 reyndari leikarar l\u00e1ti \u00feetta t\u00e6kif\u00e6ri ekki fram hj\u00e1 s\u00e9r fara.<\/p>\n<p>Auk n\u00e1mskei\u00f0ahalds \u00fe\u00e1 bj\u00f3\u00f0um vi\u00f0 h\u00f6fundum a\u00f0 dvelja a\u00f0 H\u00fanav\u00f6llum vi\u00f0 skapandi skrif.<\/p>\n<p>B\u00e6klingur sk\u00f3lans starfs\u00e1ri\u00f0 2016 er h\u00e9r \u00e1 PDF formi:<\/p>\n<p><a href=\"https:\/\/leiklist.is\/wp-content\/uploads\/2016\/03\/LeiklistarskoliBIL2016.pdf\">Leiklistarsk\u00f3li B\u00cdL 2016<\/a><\/p>\n<hr \/>\n<p><strong><em>Kve\u00f0ja fr\u00e1 sk\u00f3lanefnd<\/em><\/strong><\/p>\n<p><a href=\"https:\/\/leiklist.is\/wp-content\/uploads\/2016\/03\/Skolanefnd.jpg\" rel=\"attachment wp-att-7290\"><img loading=\"lazy\" decoding=\"async\" class=\"size-medium wp-image-7290 aligncenter\" src=\"https:\/\/leiklist.is\/wp-content\/uploads\/2016\/03\/Skolanefnd-300x82.jpg\" alt=\"Skolanefnd\" width=\"300\" height=\"82\" \/><\/a><\/p>\n<p class=\"p1\"><span class=\"s1\"><i>K\u00e6ra leiklistarf\u00f3lk! <\/i><\/span><\/p>\n<p class=\"p1\"><span class=\"s1\"><i>Sumari\u00f0 2016 setjum vi\u00f0 Leiklistarsk\u00f3la Bandalags \u00edslenskra leikf\u00e9laga \u00ed tuttugusta sinn. Sk\u00f3linn hefur fr\u00e1 upphafi veri\u00f0 mikil v\u00edtam\u00ednsprauta fyrir leikf\u00e9l\u00f6g um allt land og eflt metna\u00f0, sk\u00f6pun, g\u00e6\u00f0i og leik- gle\u00f0i. Vi\u00f0 horfum bj\u00f6rtum augum til framt\u00ed\u00f0ar og munum fagna \u00feessum \u00e1fanga me\u00f0 \u00fdmsum h\u00e6tti \u00e1 \u00e1rinu. <\/i><\/span><\/p>\n<p class=\"p1\"><span class=\"s1\"><i>\u00cd sumar ver\u00f0a \u00ferj\u00fa n\u00e1mskei\u00f0 \u00ed bo\u00f0i hvert me\u00f0 s\u00ednu sni\u00f0i og kennarana \u00feekkjum vi\u00f0 vel af g\u00f3\u00f0u einu. \u00c1g\u00fasta Sk\u00falad\u00f3ttir ver\u00f0ur me\u00f0 sitt s\u00edvins\u00e6la byrjendan\u00e1mskei\u00f0 fyrir n\u00fdli\u00f0a. R\u00fanar Gu\u00f0brandsson ver\u00f0ur me\u00f0 framhaldsn\u00e1mskei\u00f0 fyrir leikstj\u00f3ra \u00fear sem hann byggir ofan \u00e1 \u00feann g\u00f3\u00f0a grunn sem nemendur nutu \u00ed fyrra. \u00de\u00e1 er okkur s\u00e9rst\u00f6k \u00e1n\u00e6gja a\u00f0 bj\u00f3\u00f0a velkominn Stephen Harper. Hann b\u00fd\u00f0ur upp \u00e1 s\u00e9rn\u00e1mskei\u00f0 me\u00f0 sama sni\u00f0i og sl\u00f3 r\u00e6kilega \u00ed gegn hj\u00e1 okkur fyrir nokkrum \u00e1rum og vi\u00f0 vonum a\u00f0 reyndari leikarar l\u00e1ti \u00feetta t\u00e6kif\u00e6ri ekki fram hj\u00e1 s\u00e9r fara. <\/i><\/span><\/p>\n<p class=\"p1\"><span class=\"s1\"><i>Auk n\u00e1mskei\u00f0ahalds \u00fe\u00e1 bj\u00f3\u00f0um vi\u00f0 h\u00f6fundum a\u00f0 dvelja a\u00f0 H\u00fanav\u00f6llum vi\u00f0 skapandi skrif. Ekki er um a\u00f0 r\u00e6\u00f0a n\u00e1mskei\u00f0 e\u00f0a lei\u00f0s\u00f6gn heldur gefst h\u00f6fundum \u00fearna fyrst og fremst t\u00e6kif\u00e6ri til a\u00f0 f\u00e1 \u00fatr\u00e1s fyrir sk\u00f6punargle\u00f0ina.<\/i><\/span><\/p>\n<p class=\"p1\"><span class=\"s1\"><i>Vonum a\u00f0 sem flestir hafi f\u00e6ri \u00e1 a\u00f0 nema og nj\u00f3ta. <\/i><\/span><\/p>\n<p class=\"p1\"><span class=\"s1\"><i>Hl\u00f6kkum til a\u00f0 sj\u00e1 ykkur \u2013 me\u00f0 bestu kve\u00f0ju, Hrefna, D\u00fdrleif, Herd\u00eds, Hrund og G\u00edsli Bj\u00f6rn.\u00a0<\/i><\/span><\/p>\n<hr \/>\n<p>Skr\u00e1ning \u00ed sk\u00f3lann stendur yfir fr\u00e1 15. mars til 15. apr\u00edl. Reglan \u201efyrstur kemur \u2013 fyrstur f\u00e6r\u201c gildir vi\u00f0 skr\u00e1ningar gegn grei\u00f0slu sta\u00f0festingargjalds, kr. 40.000 ef innt\u00f6kuskilyr\u00f0um er fulln\u00e6gt a\u00f0 \u00f6\u00f0ru leyti. N\u00e1ist ekki \u00e1s\u00e6ttanlegur fj\u00f6ldi \u00e1 eitthvert n\u00e1mskei\u00f0anna fellur \u00fea\u00f0 ni\u00f0ur. Aldurstakmark \u00ed sk\u00f3lann er 18 \u00e1r. Sk\u00f3linn hefur sett s\u00e9r reglur, m.a. um umgengni, reykingar og \u00e1fengisneyslu, sem nemendur sam\u00feykkja a\u00f0 fara eftir \u00e1 starfst\u00edma sk\u00f3lans.<\/p>\n<p><strong>Starfst\u00edmi sk\u00f3lans \u00e1 \u00feessu \u00e1ri er fr\u00e1 4. til 12. j\u00fan\u00ed a\u00f0 H\u00fanavallask\u00f3la \u00ed Austur-H\u00fanavatnss\u00fdslu<\/strong><\/p>\n<p>Sk\u00f3lasetning er laugardaginn 4. j\u00fan\u00ed kl. 9.00 og hefjast n\u00e1mskei\u00f0in strax \u00fear<br \/>\n\u00e1 eftir. Nemendur eru velkomnir a\u00f0 H\u00fanav\u00f6llum kv\u00f6ldi\u00f0 fyrir sk\u00f3lasetningu, fr\u00e1 kl. 20.00, ekki er bo\u00f0i\u00f0 upp\u00e1 kv\u00f6ldver\u00f0. Sk\u00f3laslit eru kl. 12.00 sunnudaginn 12. j\u00fan\u00ed. Vi\u00f0urkenningarskj\u00f6l og merki sk\u00f3lans ver\u00f0a afhent vi\u00f0 sk\u00f3laslit.<br \/>\nA\u00f0sta\u00f0a a\u00f0 H\u00fanav\u00f6llum: Svefnherbergin eru b\u00fain 2 r\u00famum \u00e1n r\u00famfata, sk\u00e1p, litlu bor\u00f0i og tveim st\u00f3lum. G\u00f3\u00f0um d\u00fdnum ver\u00f0ur b\u00e6tt inn \u00e1 st\u00e6rstu herbergin og \u00feau \u00feannig ger\u00f0 \u00feriggja manna. Nemendur hafi me\u00f0 s\u00e9r handkl\u00e6\u00f0i, s\u00e6ng og kodda \u00e1samt r\u00famf\u00f6tum, e\u00f0a svefnpoka. Sundlaug og heitur pottur eru \u00e1 sta\u00f0num. Haldi\u00f0 ver\u00f0ur lokah\u00f3f s\u00ed\u00f0asta kv\u00f6ldi\u00f0 \u00fear sem f\u00f3lk kl\u00e6\u00f0ir sig upp\u00e1, kve\u00f0ur kennarana s\u00edna og skemmtir hvert \u00f6\u00f0ru me\u00f0 dansi og s\u00f6ng.<\/p>\n<p>\u00de\u00e1ttt\u00f6kugj\u00f6ld \u00e1 n\u00e1mskei\u00f0in eru kr. 96.000 og 99.000, H\u00f6fundar \u00ed heims\u00f3kn borga 82.000. Gjaldi\u00f0 skal vera a\u00f0 fullu greitt 10 d\u00f6gum fyrir sk\u00f3lasetningu. Innifali\u00f0 \u00ed \u00fe\u00e1ttt\u00f6kugjaldi er gisting, matur, kennsla og g\u00f6gn.<\/p>\n<p>Sta\u00f0festingargjald er kr. 40.000. \u00dea\u00f0 grei\u00f0ist vi\u00f0 skr\u00e1ningu og er \u00f3endurkr\u00e6ft nema gegn framv\u00edsun l\u00e6knisvottor\u00f0s. H\u00e6gt er a\u00f0 grei\u00f0a s\u00edmlei\u00f0is me\u00f0 grei\u00f0slukorti.<\/p>\n<p>Me\u00f0limum a\u00f0ildarf\u00e9laga Bandalags \u00edslenskra leikf\u00e9laga er bent \u00e1 a\u00f0 f\u00e9l\u00f6gin geta s\u00f3tt um sm\u00e1 styrk til Bandalagsins ef \u00feau senda nemendur \u00ed sk\u00f3lann.<\/p>\n<p><strong>Ums\u00f3knum skila\u00f0<\/strong><\/p>\n<p>Ums\u00f3knum skal skila \u00e1 netfangi\u00f0 info@leiklist.is og um lei\u00f0\u00a0\u00fearf a\u00f0 leggja sta\u00f0festingargjaldi\u00f0, kr. 40.000.- inn \u00e1 334-26-5463,\u00a0kt. 440169-0239. Eftirtaldar uppl\u00fdsingar \u00fearf a\u00f0 senda \u00ed t\u00f6lvup\u00f3sti:\u00a0Hva\u00f0a n\u00e1mskei\u00f0 er veri\u00f0 a\u00f0 s\u00e6kja um, nafn ums\u00e6kjanda, kennitala, heimilisfang, p\u00f3stn\u00famer, b\u00e6jarf\u00e9lag, netfang og s\u00edman\u00famer. \u00dear sem krafist er undirb\u00faningsn\u00e1mskei\u00f0a e\u00f0a reynslu skal l\u00e1ta ferilskr\u00e1 fylgja ums\u00f3kn.<\/p>\n<hr \/>\n<p><a href=\"https:\/\/leiklist.is\/wp-content\/uploads\/2016\/03\/agustaskula150x200.jpg\" rel=\"attachment wp-att-7287\"><img loading=\"lazy\" decoding=\"async\" class=\"alignleft wp-image-7287 size-full\" src=\"https:\/\/leiklist.is\/wp-content\/uploads\/2016\/03\/agustaskula150x200.jpg\" alt=\"agustaskula150x200\" width=\"150\" height=\"190\" \/><\/a><\/p>\n<p><strong>N\u00e1mskei\u00f0 1<\/strong><\/p>\n<p><strong>Leiklist I \u2013 Grunnn\u00e1mskei\u00f0 Kennari \u00c1g\u00fasta Sk\u00falad\u00f3ttir<\/strong><br \/>\n<strong> \u00de\u00e1ttt\u00f6kugjald: kr. 96.000<\/strong><br \/>\n<strong> T\u00edmi: 4. til 12. j\u00fan\u00ed 2016<\/strong><br \/>\n<strong> Sta\u00f0ur: H\u00fanavallask\u00f3li<\/strong><br \/>\n<strong> Skr\u00e1ning hefst 15. mars og l\u00fdkur 15. apr\u00edl<\/strong><\/p>\n<p><strong>N\u00e1mskei\u00f0i\u00f0 er grunnn\u00e1mskei\u00f0 fyrir leikara og \u00feeir ganga fyrir sem ekki hafa s\u00f3tt Leiklist I. N\u00e6sta sumar ver\u00f0ur haldi\u00f0 framhaldsn\u00e1mskei\u00f0 sem byggir \u00e1 \u00feessu n\u00e1mskei\u00f0i.<\/strong><\/p>\n<p>\u00c1 n\u00e1mskei\u00f0inu ver\u00f0ur fari\u00f0 \u00ed grunnatri\u00f0i \u00ed list leikarans. L\u00f6g\u00f0 ver\u00f0ur \u00e1hersla \u00e1 a\u00f0 leysa \u00far vi\u00f0jum frumorku, einl\u00e6gni og sk\u00f6punargle\u00f0i, samband leikarans vi\u00f0 sj\u00e1lfan sig, me\u00f0leikara og \u00e1horfendur. Unni\u00f0 ver\u00f0ur me\u00f0 l\u00edkamsbeitingu og texta og einnig ver\u00f0ur k\u00edkt \u00e1 mismunandi leika\u00f0fer\u00f0ir e\u00f0a leikst\u00edla eins og t.d. tr\u00fa\u00f0leik-harmleik-Bouffon og melodrama.<\/p>\n<p>Nemendur munu takast \u00e1 vi\u00f0 agann sem \u00fearf a\u00f0 vera til sta\u00f0ar \u00ed st\u00f3rum, st\u00edlf\u00e6r\u00f0um h\u00f3p- senum en einnig ver\u00f0ur fari\u00f0 \u00ed spuna \u00ed sm\u00e6rri h\u00f3pum, tv\u00edleik og stuttum einleikjum. Mikilv\u00e6gi li\u00f0sheildar h\u00f3ps ver\u00f0ur r\u00edkjandi \u00fe\u00e1ttur n\u00e1mskei\u00f0sins \u00fev\u00ed \u00feegar hlustun og leik- gle\u00f0i r\u00e1\u00f0a r\u00edkjum getur allt gerst!<\/p>\n<p>Mott\u00f3 n\u00e1mskei\u00f0sins: Einn fyrir alla \u2013 allir fyrir einn!!<\/p>\n<hr \/>\n<p><strong><a href=\"https:\/\/leiklist.is\/wp-content\/uploads\/2016\/03\/runargudbrands150x200.jpg\" rel=\"attachment wp-att-7288\"><img loading=\"lazy\" decoding=\"async\" class=\"alignleft wp-image-7288 size-full\" src=\"https:\/\/leiklist.is\/wp-content\/uploads\/2016\/03\/runargudbrands150x200.jpg\" alt=\"runargudbrands150x200\" width=\"150\" height=\"202\" \/><\/a>N\u00e1mskei\u00f0 2<\/strong><\/p>\n<p><strong>Leikstj\u00f3rn II \u2013 Grunnn\u00e1mskei\u00f0 Kennari R\u00fanar Gu\u00f0brandsson<\/strong><br \/>\n<strong> \u00de\u00e1ttt\u00f6kugjald: kr. 96.000<\/strong><br \/>\n<strong> T\u00edmi: 4. til 12. j\u00fan\u00ed 2016<\/strong><br \/>\n<strong> Sta\u00f0ur: H\u00fanavallask\u00f3li<\/strong><br \/>\n<strong> Skr\u00e1ning hefst 15. mars og l\u00fdkur 15. apr\u00edl<\/strong><\/p>\n<p><strong>N\u00e1mskei\u00f0i\u00f0 er grunnn\u00e1mskei\u00f0 fyrir leikstj\u00f3ra, framhald af Leikstj\u00f3rn I fr\u00e1 fyrra \u00e1ri.<\/strong><\/p>\n<p>Reikna\u00f0 er me\u00f0 a\u00f0 \u00fe\u00e1tttkendur hafi haft nokkur kynni af leikstj\u00f3rn: undirb\u00faningi leikstj\u00f3rans, greiningarvinnu og skipulagningu \u00e1\u00f0ur en \u00e6fingar hefjast, en l\u00edka \u00fev\u00ed verki sem fram fer \u00e1 \u00e6finga- t\u00edmanum me\u00f0 leikurum og \u00f6\u00f0rum a\u00f0standendum. \u00datgangspunkturinn \u00e1 Leikstj\u00f3rn l var a\u00f0fer\u00f0 sem s\u00f3tti fyrst og fremst innbl\u00e1stur \u00ed \u00e6vistarf Konstantins Stanislavskys, b\u00e6\u00f0i hina \u201evitsmunalegu greiningu\u201c sem Stanislavsky \u00fer\u00f3a\u00f0i framan af ferli s\u00ednum og \u201ea\u00f0fer\u00f0 l\u00edkamlegra gj\u00f6r\u00f0a\u201c sem hann vann a\u00f0 er hann f\u00e9ll fr\u00e1. \u00c1 \u00feessu n\u00e1mskei\u00f0i, Leikstj\u00f3rn ll, munu fleiri \u00e1hrifavaldar sv\u00edfa yfir v\u00f6tn- unum og \u00ed fyrirlestrum ver\u00f0ur fjalla\u00f0 um \u00fdmsa strauma og stefnur \u00ed leikstj\u00f3rn s\u00ed\u00f0ustu aldar. \u00der\u00edeyki\u00f0 Stanislavsky, Brecht og Grotowski ver\u00f0a \u00fear \u00ed brennidepli og me\u00f0ul \u00feeirra sko\u00f0u\u00f0 \u00ed sam- bandi vi\u00f0 tilganginn. A\u00f0fer\u00f0afr\u00e6\u00f0i, hugmyndafr\u00e6\u00f0i og fagurfr\u00e6\u00f0i \u00f3l\u00edkra leikstj\u00f3ra ver\u00f0a vegnar og metnar og bornar saman. N\u00e1mskei\u00f0 \u00feetta ver\u00f0ur j\u00f6fnum h\u00f6ndum fr\u00e6\u00f0ilegt og verklegt.<\/p>\n<p>Eftir a\u00f0 skr\u00e1ningu l\u00fdkur ver\u00f0a \u00f6llum \u00fe\u00e1tttakendum send tv\u00f6 verk til sko\u00f0unar. Anna\u00f0 verki\u00f0 f\u00e1 allir og ver\u00f0ur \u00fea\u00f0 lagt til grundvallar \u00ed sameiginlegri vinnu og h\u00f3pkennslu. A\u00f0 auki f\u00e6r hver \u00fe\u00e1tttak- andi \u201esitt\u201c verk sem hann vinnur a\u00f0 sj\u00e1lfst\u00e6tt samhli\u00f0a hinu. Kennari mun einnig senda \u00fe\u00e1tttak- endum verkefni til a\u00f0 \u00edhuga og leysa \u00e1\u00f0ur en n\u00e1mskei\u00f0i\u00f0 hefst, \u00feannig a\u00f0 \u00e1kve\u00f0ins undirb\u00fanings ver\u00f0ur krafist.<\/p>\n<p>Kennsla fer fram me\u00f0 \u00fdmsum h\u00e6tti; fyrirlestrar, umr\u00e6\u00f0ur, verklegar \u00e6fingar, einstaklingsverkefni, h\u00f3pverkefni, o.s.frv.<br \/>\nBretti\u00f0 upp ermar og sp\u00fdti\u00f0 \u00ed l\u00f3fa.<\/p>\n<hr \/>\n<p><strong><a href=\"https:\/\/leiklist.is\/wp-content\/uploads\/2016\/03\/StepenHarper150x200.jpg\" rel=\"attachment wp-att-7286\"><img loading=\"lazy\" decoding=\"async\" class=\"alignleft size-full wp-image-7286\" src=\"https:\/\/leiklist.is\/wp-content\/uploads\/2016\/03\/StepenHarper150x200.jpg\" alt=\"StepenHarper150x200\" width=\"150\" height=\"200\" \/><\/a>N\u00e1mskei\u00f0 3<\/strong><\/p>\n<p><strong>Leiklist \u2013 S\u00e9rn\u00e1mskei\u00f0 Kennari Stephen Harper<\/strong><br \/>\n<strong> \u00de\u00e1ttt\u00f6kugjald: kr. 99.000<\/strong><br \/>\n<strong> T\u00edmi: 4. til 12. j\u00fan\u00ed 2016<\/strong><br \/>\n<strong> Sta\u00f0ur: H\u00fanavallask\u00f3li<\/strong><br \/>\n<strong> Skr\u00e1ning hefst 15. mars og l\u00fdkur 15. apr\u00edl<\/strong><\/p>\n<p><strong>N\u00e1mskei\u00f0i\u00f0 er \u00e6tla\u00f0 \u00feeim sem hafa s\u00f3tt Leiklist I og II e\u00f0a samb\u00e6rileg n\u00e1mskei\u00f0 e\u00f0a hafa umtalsver\u00f0a reynslu af leiklist. N\u00e1mskei\u00f0i\u00f0 fer fram \u00e1 ensku.<\/strong><\/p>\n<p>L\u00fdsing Stephens \u00e1 n\u00e1mskei\u00f0inu:<br \/>\nThis course will look at different aspects of physical theatre in order to devise comic gags, routines, sketches and more. We will look at games and exercises to explore improvisa- tion, physicalilty and complicite.<br \/>\nFull-mask will be explored to look at physical technique and the ability to communicate non-verbally.<br \/>\nWe will look at clown to see how to play on stage.<br \/>\nRoots of commedia del arte will be used to discover what skills are needed by performers to create anarchic theatre full of verbal and physical gymnastics.<br \/>\nUsing all of this we will look at physical and visual approaches to Shakespeare, when theatre turns into dance and theatrical transformation.<\/p>\n<p>Above all my work is about giving the actor\/performer a chance to create whilst having a great deal of fun.<\/p>\n<hr \/>\n<p><strong>H\u00f6fundar \u00ed heims\u00f3kn<\/strong><\/p>\n<p><strong>\u00de\u00e1ttt\u00f6kugjald: kr. 82.000<\/strong><br \/>\n<strong> T\u00edmi: 4. til 12. j\u00fan\u00ed 2016<\/strong><br \/>\n<strong> Sta\u00f0ur: H\u00fanavallask\u00f3li<\/strong><br \/>\n<strong> Skr\u00e1ning hefst 15. mars og l\u00fdkur 15. apr\u00edl<\/strong><\/p>\n<p><strong>Blundar \u00ed \u00fe\u00e9r sk\u00e1ld &#8211; ertu a\u00f0 bur\u00f0ast me\u00f0 hugmynd &#8211; \u00e1ttu h\u00e1lfskrifa\u00f0 handrit &#8211; vantar \u00feig lausa stund til a\u00f0 lj\u00faka leikritinu?<\/strong><\/p>\n<p>Sk\u00f3linn b\u00fd\u00f0ur h\u00f6fundum a\u00f0 dvelja a\u00f0 H\u00fanav\u00f6llum vi\u00f0 skapandi skrif eins og svo oft \u00e1\u00f0ur. Vi\u00f0 teljum a\u00f0 mj\u00f6g vel hafi tekist til og h\u00f6fundar noti\u00f0 \u00feess a\u00f0 skapa, skrifa og skemmta s\u00e9r. \u00dea\u00f0 er okkur \u00fev\u00ed s\u00f6nn \u00e1n\u00e6gja a\u00f0 endurtaka \u00feetta bo\u00f0.<\/p>\n<p>H\u00f6fundum stendur til bo\u00f0a gisting og f\u00e6\u00f0i me\u00f0 sama h\u00e6tti og nemendum sk\u00f3lans, \u00feeim ber a\u00f0 fara eftir reglum sk\u00f3lans um umgengni o.fl. og er a\u00f0 sj\u00e1lfs\u00f6g\u00f0u velkomi\u00f0 a\u00f0 taka \u00fe\u00e1tt \u00ed \u00f6llu sk\u00f3lastarfi utan hef\u00f0bundinna kennslustunda.<\/p>\n<p>Vi\u00f0 hvetjum h\u00f6funda til a\u00f0 n\u00fdta s\u00e9r \u00feetta t\u00e6kif\u00e6ri og lofum \u00fev\u00ed a\u00f0 hinn eini sanni sk\u00f3laandi ver\u00f0i einst\u00f6k uppspretta sk\u00f6punargle\u00f0i!<\/p>\n<hr \/>\n<p>&nbsp;<\/p>\n<p><a href=\"https:\/\/leiklist.is\/wp-content\/uploads\/2016\/03\/Hunavellir-1.jpg\" rel=\"attachment wp-att-7292\"><img loading=\"lazy\" decoding=\"async\" class=\"size-medium wp-image-7292 aligncenter\" src=\"https:\/\/leiklist.is\/wp-content\/uploads\/2016\/03\/Hunavellir-1-300x95.jpg\" alt=\"Hunavellir\" width=\"300\" height=\"95\" \/><\/a><\/p>\n<p>H\u00fanavallask\u00f3li, e\u00f0a H\u00f3tel H\u00fani eins og hann heitir n\u00fana \u00e1 sumrin, er sta\u00f0settur \u00ed H\u00fanavatnshreppi \u00ed Austur-H\u00fanavatnss\u00fdslu. \u00deanga\u00f0 eru 239 km. fr\u00e1 Reykjav\u00edk, 118 e\u00f0a 156 km. fr\u00e1 Akureyri (eftir \u00fev\u00ed hva\u00f0a lei\u00f0 er farin) og fjarl\u00e6g\u00f0in fr\u00e1 Bl\u00f6ndu\u00f3si er um 15 km.<\/p>\n<p><a href=\"https:\/\/leiklist.is\/wp-content\/uploads\/2016\/03\/Kort.jpg\" rel=\"attachment wp-att-7295\"><img loading=\"lazy\" decoding=\"async\" class=\"size-medium wp-image-7295 aligncenter\" src=\"https:\/\/leiklist.is\/wp-content\/uploads\/2016\/03\/Kort-300x239.jpg\" alt=\"Kort\" width=\"300\" height=\"239\" \/><\/a><\/p>\n<div class=\"page\" title=\"Page 1\"><\/div>\n<div class=\"page\" title=\"Page 1\"><\/div>","protected":false},"excerpt":{"rendered":"<p>Starfst\u00edmi sk\u00f3lans \u00e1ri\u00f0 2016 ver\u00f0ur\u00a0fr\u00e1 4. til 12. j\u00fan\u00ed a\u00f0 H\u00fanavallask\u00f3la \u00ed Austur-H\u00fanavatnss\u00fdslu. Skr\u00e1ning \u00ed sk\u00f3lann hefst 15. mars og stendur til til 15. apr\u00edl. \u00cd sumar ver\u00f0a \u00ferj\u00fa n\u00e1mskei\u00f0 \u00ed bo\u00f0i hvert me\u00f0 s\u00ednu sni\u00f0i og kennarana \u00feekkjum vi\u00f0 vel af g\u00f3\u00f0u einu. \u00c1g\u00fasta Sk\u00falad\u00f3ttir ver\u00f0ur me\u00f0 sitt s\u00edvins\u00e6la byrjendan\u00e1mskei\u00f0 fyrir n\u00fdli\u00f0a. R\u00fanar Gu\u00f0brandsson [&hellip;]<\/p>\n","protected":false},"author":3,"featured_media":20032,"comment_status":"closed","ping_status":"closed","sticky":false,"template":"","format":"standard","meta":{"_et_pb_use_builder":"","_et_pb_old_content":"","_et_gb_content_width":"","footnotes":""},"categories":[187,190,200,229,213],"tags":[],"class_list":["post-7266","post","type-post","status-publish","format-standard","has-post-thumbnail","hentry","category-allar-frir","category-skn","category-markvert","category-nam-og-namskeid","category-vikupostur","et-has-post-format-content","et_post_format-et-post-format-standard"],"_links":{"self":[{"href":"https:\/\/leiklist.is\/en\/wp-json\/wp\/v2\/posts\/7266","targetHints":{"allow":["GET"]}}],"collection":[{"href":"https:\/\/leiklist.is\/en\/wp-json\/wp\/v2\/posts"}],"about":[{"href":"https:\/\/leiklist.is\/en\/wp-json\/wp\/v2\/types\/post"}],"author":[{"embeddable":true,"href":"https:\/\/leiklist.is\/en\/wp-json\/wp\/v2\/users\/3"}],"replies":[{"embeddable":true,"href":"https:\/\/leiklist.is\/en\/wp-json\/wp\/v2\/comments?post=7266"}],"version-history":[{"count":0,"href":"https:\/\/leiklist.is\/en\/wp-json\/wp\/v2\/posts\/7266\/revisions"}],"wp:featuredmedia":[{"embeddable":true,"href":"https:\/\/leiklist.is\/en\/wp-json\/wp\/v2\/media\/20032"}],"wp:attachment":[{"href":"https:\/\/leiklist.is\/en\/wp-json\/wp\/v2\/media?parent=7266"}],"wp:term":[{"taxonomy":"category","embeddable":true,"href":"https:\/\/leiklist.is\/en\/wp-json\/wp\/v2\/categories?post=7266"},{"taxonomy":"post_tag","embeddable":true,"href":"https:\/\/leiklist.is\/en\/wp-json\/wp\/v2\/tags?post=7266"}],"curies":[{"name":"wp","href":"https:\/\/api.w.org\/{rel}","templated":true}]}}