{"id":705,"date":"2006-05-09T13:18:14","date_gmt":"2006-05-09T13:18:14","guid":{"rendered":"http:\/\/wp.leiklist.is\/?p=705"},"modified":"2006-05-09T13:18:14","modified_gmt":"2006-05-09T13:18:14","slug":"allt-l-alf","status":"publish","type":"post","link":"https:\/\/leiklist.is\/en\/allt-l-alf\/","title":{"rendered":"Allt \u00ed bl\u00f3\u00f0i \u0096 ALF"},"content":{"rendered":"<p>Leikf&eacute;lag K\u00f3pavogs frums\u00fdndi \u00e1 d&ouml;gunum gamansplatterinn ALF e&eth;a Andspyrnuhreyfingu lj\u00f3ta f\u00f3lksins \u00ed Hj\u00e1leigunni \u00ed K\u00f3pavogi. Verki&eth; er eftir Gu&eth;j\u00f3n &THORN;orstein P\u00e1lmarsson og Odd Bjarna &THORN;orkelsson sem jafnframt er leikstj\u00f3ri. L\u00e1rus Vilhj\u00e1lmsson br\u00e1 s&eacute;r \u00ed K\u00f3pavoginn.<br \/> <!--more--> <strong>ALF<br \/>  Eftir Odd Bjarna &THORN;orkelsson og Gu&eth;j\u00f3n &THORN;orstein P\u00e1lmarsson<br \/>  Byggt \u00e1 karaktern\u00e1mskei&eth;i Margr&eacute;tar Sverrisd\u00f3ttur me&eth; leikh\u00f3pnum<br \/>  Leikstj\u00f3ri Oddur Bjarni &THORN;orkelsson<br \/>  Frums\u00fdnt 27. apr\u00edl<br \/>  S\u00fdningar \u00ed Hj\u00e1leigunni, F&eacute;lagsheimili K\u00f3pavogs<\/strong><\/p>\n<p> <img loading=\"lazy\" decoding=\"async\" class=\"alignright size-full wp-image-702\" width=\"233\" vspace=\"12\" hspace=\"2\" height=\"155\" border=\"0\" align=\"right\" title=\"alf2.jpg\" alt=\"alf2.jpg\" src=\"https:\/\/leiklist.is\/wp-content\/uploads\/2006\/05\/Adildarfelog_Sudvestur_Leikfelag_Kopavogs_05_06_Alf_alf2.jpg\" \/>&THORN;a&eth; muna eflaust margir eftir Allra kvikinda l\u00edki &thorn;eirra K\u00f3pverja \u00e1 Leikum N\u00fana \u00ed fyrra &thorn;ar sem &thorn;au l&eacute;tu \u00e1horfendur veltast \u00far hl\u00e1tri yfir s&ouml;gum &thorn;ar sem hlaupi&eth; var langt yfir allar grennsur vels&aelig;misins. &THORN;r\u00e1tt fyrir a&eth; bl\u00f3&eth;i&eth; flyti \u00ed str\u00ed&eth;um straumum og allskyns vessar streymdu um grundir ur&eth;u \u00e1horfendur a&eth; \u00edmynda s&eacute;r v&ouml;kvana sj\u00e1lfir. N\u00fa hafa &thorn;au \u00ed K\u00f3pavogsleikh\u00fasinu \u00e1kve&eth;i&eth; a&eth; st\u00edga skrefi&eth; til fulls og hafa sett \u00e1 svi&eth; fyrsta alv&ouml;ru splatterinn sem &eacute;g hef s&eacute;&eth; h&eacute;r \u00e1 \u00cdslandi.<\/p>\n<p> Handrit ALF e&eth;a Andspyrnuhreyfing lj\u00f3ta f\u00f3lksins er unni&eth; af Oddi Bjarna &THORN;orkelssyni og Gu&eth;j\u00f3ni &THORN;orsteini P\u00e1lmarssyni upp \u00far karaktern\u00e1mskei&eth;i Margr&eacute;tar Sverrisd\u00f3ttur. &THORN;arna er auglj\u00f3slega lagt upp me&eth; a&eth; ganga fram a&eth; \u00e1horfendum me&eth; v&aelig;num skammti af gerfibl\u00f3&eth;i og br&ouml;ndurum sem yfirleitt beinast a&eth; sv&aelig;&eth;um ne&eth;anbeltis e&eth;a ne&eth;anjar&eth;ar. Og l\u00e1ta &thorn;\u00e1 hl&aelig;gja sk&ouml;mmustulega \u00ed lei&eth;inni. &THORN;a&eth; er ekki anna&eth; h&aelig;gt a&eth; segja en a&eth; &thorn;eim K\u00f3pum hafi tekist &thorn;etta allvel og &eacute;g hl\u00f3 mig m\u00e1ttlausan margoft.<\/p>\n<p> <img loading=\"lazy\" decoding=\"async\" class=\"alignleft size-full wp-image-703\" width=\"233\" vspace=\"12\" hspace=\"12\" height=\"155\" border=\"0\" align=\"left\" title=\"alf.jpg\" alt=\"alf.jpg\" src=\"https:\/\/leiklist.is\/wp-content\/uploads\/2006\/05\/Adildarfelog_Sudvestur_Leikfelag_Kopavogs_05_06_Alf_alf.jpg\" \/>Ekki er h&aelig;gt a&eth; segja a&eth; s&ouml;gu&thorn;r\u00e1&eth;ur verksins risti dj\u00fapt enda auglj\u00f3slega ekki lagt upp me&eth; &thorn;a&eth; heldur a&eth; skemmta \u00e1horfendum frekar eins og gert er \u00ed skemmti&thorn;\u00e1ttum og \u00e1rsh\u00e1t\u00ed&eth;um me&eth; stuttum leik&thorn;\u00e1ttum sem eru s\u00ed&eth;an laustengdir. &THORN;etta er frekar rev\u00eda en leikrit en &thorn;\u00f3 \u00e1n &thorn;ess a&eth; einhver bresti \u00ed s&ouml;ng og &thorn;a&eth; virka&eth;i bara ansi vel framan af. &THORN;ess vegna kom \u00e1 \u00f3vart \u00ed seinni hluta verksins hversu leikstj\u00f3ri vildi vera tr\u00far hinum r\u00fdra s&ouml;gu&thorn;r&aelig;&eth;i og leggja sig \u00ed l\u00edma vi&eth; a&eth; binda slaufu \u00e1 gauraganginn. &THORN;a&eth; fannst m&eacute;r eiginlega skemma fyrir og f\u00f3r eiginlega bara a&eth; lei&eth;ast. M\u00edn vegna hef&eth;i verki&eth; m\u00e1tt leysast upp \u00ed eina allsherjarvitleysu \u00ed lokin me&eth; tilheyrandi hl\u00e1trask&ouml;llum fr\u00e1 m&eacute;r.<\/p>\n<p> Pers\u00f3nur verksins eru alveg kostulegar og margar &thorn;eirra me&eth; &thorn;v\u00ed fyndnara. &THORN;ar ver&eth;ur fyrstan a&eth; nefna \u00f3borganlegan Dr. Kelimann Gu&eth;mundar L\u00fa&eth;v\u00edks sem kitla&eth;i heldur betur hl\u00e1turtaugarnar og er &thorn;etta tv\u00edm&aelig;lalaust &thorn;a&eth; besta sem &eacute;g hef s&eacute;&eth; til hans. Tv\u00edeyki&eth; Sigsteinn og Bylgja voru s\u00ed&eth;an alveg fr\u00e1b&aelig;r \u00ed hlutverkum Skeina og El\u00ednar og &eacute;g gat engan veginn &thorn;ekkt Bylgju \u00ed s\u00ednu gerfi &thorn;\u00f3tt Steini v&aelig;ri sj\u00e1lfum s&eacute;r l\u00edkur. Margir a&eth;rir leikarar verksins st\u00f3&eth;u sig vel en &thorn;a&eth; ver&eth;ur &thorn;\u00f3 a&eth; segja a&eth; sumir &thorn;eirra hef&eth;u m\u00e1tt leggja meiri al\u00fa&eth; vi&eth; sk&ouml;pun sinna pers\u00f3na og leikstj\u00f3rinn a&eth; s\u00fdna meiri h&ouml;rku vi&eth; a&eth; vinsa \u00far.<\/p>\n<p> <img loading=\"lazy\" decoding=\"async\" class=\"alignright size-full wp-image-704\" width=\"233\" vspace=\"12\" hspace=\"12\" height=\"155\" border=\"0\" align=\"right\" title=\"alf4.jpg\" alt=\"alf4.jpg\" src=\"https:\/\/leiklist.is\/wp-content\/uploads\/2006\/05\/Adildarfelog_Sudvestur_Leikfelag_Kopavogs_05_06_Alf_alf4.jpg\" \/>Leikmynd og hlj\u00f3&eth;mynd var nokku&eth; vel heppna&eth; og &thorn;j\u00f3na&eth;i verkinu \u00e1g&aelig;tlega. B\u00faningar voru h&aelig;filega subbulegir sem h&aelig;fir svona splatter verki. Eins er leikskr\u00e1 vel bl\u00f3&eth;ug eins og vera ber og full af uppl\u00fdsingum.<\/p>\n<p> &THORN;r\u00e1tt fyrir &thorn;\u00e1 annmarka sem &eacute;g hef l\u00edklegast veri&eth; alltof duglegur a&eth; telja upp &thorn;\u00e1 skemmti &eacute;g m&eacute;r \u00e1g&aelig;tlega \u00e1 ALF. Subbulegur og groddalegur h\u00famorinn h&aelig;f&eth;i vel mi&eth;n&aelig;turs\u00fdningu og &thorn;egar ma&eth;ur gekk \u00fat \u00ed gr\u00e1myglulega n\u00f3ttina og regni&eth; \u00fdr&eth;ist framan \u00ed mann &thorn;\u00e1 var ekki laust vi&eth; a&eth; ma&eth;ur skellti upp \u00far og minntist bl\u00f3&eth;sp\u00fdjanna hans Dr. Kelimanns. Leikf&eacute;lag K\u00f3pavogs hefur gert betur en \u00ed &thorn;etta skipti&eth; er gert \u00fat \u00e1 hl\u00e1turinn og &thorn;a&eth; tekst bara nokku&eth; vel. Tv&aelig;r og h\u00e1lfa stj&ouml;rnu fyrir verki&eth; og h\u00e1lfa \u00ed vi&eth;b\u00f3t fyrir Dr. Kelimann. &nbsp;<\/p>\n<p><em> L\u00e1rus Vilhj\u00e1lmsson&nbsp;&nbsp;&nbsp; &nbsp;<\/em><\/p>","protected":false},"excerpt":{"rendered":"<p>Leikf&eacute;lag K\u00f3pavogs frums\u00fdndi \u00e1 d&ouml;gunum gamansplatterinn ALF e&eth;a Andspyrnuhreyfingu lj\u00f3ta f\u00f3lksins \u00ed Hj\u00e1leigunni \u00ed K\u00f3pavogi. Verki&eth; er eftir Gu&eth;j\u00f3n &THORN;orstein P\u00e1lmarsson og Odd Bjarna &THORN;orkelsson sem jafnframt er leikstj\u00f3ri. L\u00e1rus Vilhj\u00e1lmsson br\u00e1 s&eacute;r \u00ed K\u00f3pavoginn.<\/p>","protected":false},"author":3,"featured_media":701,"comment_status":"open","ping_status":"open","sticky":false,"template":"","format":"standard","meta":{"_et_pb_use_builder":"","_et_pb_old_content":"","_et_gb_content_width":"","footnotes":""},"categories":[186],"tags":[],"class_list":["post-705","post","type-post","status-publish","format-standard","has-post-thumbnail","hentry","category-gagnrdinn","et-has-post-format-content","et_post_format-et-post-format-standard"],"_links":{"self":[{"href":"https:\/\/leiklist.is\/en\/wp-json\/wp\/v2\/posts\/705","targetHints":{"allow":["GET"]}}],"collection":[{"href":"https:\/\/leiklist.is\/en\/wp-json\/wp\/v2\/posts"}],"about":[{"href":"https:\/\/leiklist.is\/en\/wp-json\/wp\/v2\/types\/post"}],"author":[{"embeddable":true,"href":"https:\/\/leiklist.is\/en\/wp-json\/wp\/v2\/users\/3"}],"replies":[{"embeddable":true,"href":"https:\/\/leiklist.is\/en\/wp-json\/wp\/v2\/comments?post=705"}],"version-history":[{"count":0,"href":"https:\/\/leiklist.is\/en\/wp-json\/wp\/v2\/posts\/705\/revisions"}],"wp:featuredmedia":[{"embeddable":true,"href":"https:\/\/leiklist.is\/en\/wp-json\/"}],"wp:attachment":[{"href":"https:\/\/leiklist.is\/en\/wp-json\/wp\/v2\/media?parent=705"}],"wp:term":[{"taxonomy":"category","embeddable":true,"href":"https:\/\/leiklist.is\/en\/wp-json\/wp\/v2\/categories?post=705"},{"taxonomy":"post_tag","embeddable":true,"href":"https:\/\/leiklist.is\/en\/wp-json\/wp\/v2\/tags?post=705"}],"curies":[{"name":"wp","href":"https:\/\/api.w.org\/{rel}","templated":true}]}}