{"id":685,"date":"2006-05-04T11:48:01","date_gmt":"2006-05-04T11:48:01","guid":{"rendered":"http:\/\/wp.leiklist.is\/?p=685"},"modified":"2006-05-04T11:48:01","modified_gmt":"2006-05-04T11:48:01","slug":"enn-af-m-smorgarleikhu","status":"publish","type":"post","link":"https:\/\/leiklist.is\/en\/enn-af-m-smorgarleikhu\/","title":{"rendered":"Enn af M\u00f6rgu sm\u00e1u \u00ed Borgarleikh\u00fasinu"},"content":{"rendered":"<p>N\u00fa er veri&eth; a&eth; leggja lokah&ouml;nd \u00e1 undirb\u00faning Margt sm\u00e1tt, stuttverkah\u00e1t\u00ed&eth; Bandalagins \u00ed Borgarleikh\u00fasinu. H&eacute;r er sm\u00e1 uppf&aelig;rsla \u00e1 uppl\u00fdsingum um h\u00e1t\u00ed&eth;ina&#8230; <!--more--> <img loading=\"lazy\" decoding=\"async\" class=\"alignright size-full wp-image-684\" width=\"200\" vspace=\"12\" hspace=\"12\" height=\"126\" border=\"0\" align=\"right\" src=\"https:\/\/leiklist.is\/wp-content\/uploads\/2006\/05\/BIL_Vidburdir_Leiklistarhatidir_Margt_smatt_06_msgrimabla.jpg\" alt=\"msgrimabla.jpg\" title=\"msgrimabla.jpg\" \/>N\u00fa er veri&eth; a&eth; leggja lokah&ouml;nd \u00e1 undirb\u00faning Margt sm\u00e1tt, stuttverkah\u00e1t\u00ed&eth; Bandalagins \u00ed Borgarleikh\u00fasinu. H&eacute;r er sm\u00e1 uppf&aelig;rsla \u00e1 uppl\u00fdsingum um h\u00e1t\u00ed&eth;ina&#8230;<\/p>\n<p> Fengnir hafa veri&eth; tveir virtir \u00e1litsgjafar til a&eth; segja sko&eth;un s\u00edna \u00e1 s\u00fdningum h\u00e1t\u00ed&eth;arinnar. &THORN;a&eth; eru &thorn;eir &THORN;orvaldur &THORN;orsteinsson leiksk\u00e1ld og myndlistama&eth;ur og &THORN;orsteinn Backmann leikari og fyrrverandi leikh\u00fasstj\u00f3ri hj\u00e1 Leikf&eacute;lagi Akureyrar. &THORN;eir munu m&aelig;ta \u00e1 a&eth;alfund Bandalagsins laugardaginn 6. ma\u00ed og fjalla um s\u00fdningarnar \u00e1 milli kl. 13:00 og 14:00.<\/p>\n<p> S\u00fa n\u00fdbreytni ver&eth;ur a&eth; &thorn;rj\u00e1r s\u00fdningar ver&eth;a tilnefndar sem besta s\u00fdning h\u00e1t\u00ed&eth;arinnar og ein af &thorn;eim s\u00ed&eth;an valin s\u00fa besta. <\/p>\n<p> A&eth; s\u00fdningum loknum \u00e1 f&ouml;studagskv&ouml;ldi&eth; ver&eth;ur samverustund \u00ed forsal Borgarleikh\u00fassins &thorn;ar sem ver&eth;ur opinn bar og h\u00e1t\u00ed&eth;argestum bo&eth;i&eth; upp \u00e1 a&eth; kaupa s&eacute;r g\u00fallass\u00fapu og brau&eth; fyrir 1.500 kr.<\/p>\n<p> S\u00fdning Leikf&eacute;lags Mosfellssveitar \u00e1 verkinu Ma&eth;ur er nefndur fellur af \u00f3vi&eth;r\u00e1&eth;anlegum ors&ouml;kum ni&eth;ur.<\/p>","protected":false},"excerpt":{"rendered":"<p>N\u00fa er veri&eth; a&eth; leggja lokah&ouml;nd \u00e1 undirb\u00faning Margt sm\u00e1tt, stuttverkah\u00e1t\u00ed&eth; Bandalagins \u00ed Borgarleikh\u00fasinu. H&eacute;r er sm\u00e1 uppf&aelig;rsla \u00e1 uppl\u00fdsingum um h\u00e1t\u00ed&eth;ina&#8230;<\/p>","protected":false},"author":3,"featured_media":683,"comment_status":"open","ping_status":"open","sticky":false,"template":"","format":"standard","meta":{"_et_pb_use_builder":"","_et_pb_old_content":"","_et_gb_content_width":"","footnotes":""},"categories":[187],"tags":[],"class_list":["post-685","post","type-post","status-publish","format-standard","has-post-thumbnail","hentry","category-allar-frir","et-has-post-format-content","et_post_format-et-post-format-standard"],"_links":{"self":[{"href":"https:\/\/leiklist.is\/en\/wp-json\/wp\/v2\/posts\/685","targetHints":{"allow":["GET"]}}],"collection":[{"href":"https:\/\/leiklist.is\/en\/wp-json\/wp\/v2\/posts"}],"about":[{"href":"https:\/\/leiklist.is\/en\/wp-json\/wp\/v2\/types\/post"}],"author":[{"embeddable":true,"href":"https:\/\/leiklist.is\/en\/wp-json\/wp\/v2\/users\/3"}],"replies":[{"embeddable":true,"href":"https:\/\/leiklist.is\/en\/wp-json\/wp\/v2\/comments?post=685"}],"version-history":[{"count":0,"href":"https:\/\/leiklist.is\/en\/wp-json\/wp\/v2\/posts\/685\/revisions"}],"wp:featuredmedia":[{"embeddable":true,"href":"https:\/\/leiklist.is\/en\/wp-json\/"}],"wp:attachment":[{"href":"https:\/\/leiklist.is\/en\/wp-json\/wp\/v2\/media?parent=685"}],"wp:term":[{"taxonomy":"category","embeddable":true,"href":"https:\/\/leiklist.is\/en\/wp-json\/wp\/v2\/categories?post=685"},{"taxonomy":"post_tag","embeddable":true,"href":"https:\/\/leiklist.is\/en\/wp-json\/wp\/v2\/tags?post=685"}],"curies":[{"name":"wp","href":"https:\/\/api.w.org\/{rel}","templated":true}]}}