{"id":6741,"date":"2015-10-30T15:10:52","date_gmt":"2015-10-30T15:10:52","guid":{"rendered":"http:\/\/leiklist.is\/?p=6741"},"modified":"2015-10-30T15:10:52","modified_gmt":"2015-10-30T15:10:52","slug":"hid-hrekkjarvikulega-i-hafnarfirdi","status":"publish","type":"post","link":"https:\/\/leiklist.is\/en\/hid-hrekkjarvikulega-i-hafnarfirdi\/","title":{"rendered":"Hi\u00f0 hrekkjarvikulega \u00ed Hafnarfir\u00f0i"},"content":{"rendered":"<p>Leikf\u00e9lag Hafnarfjar\u00f0ar b\u00fd\u00f0ur n\u00fa \u00ed t\u00edunda skipti upp \u00e1 leikh\u00fasveislu undir merkjum Hins vikulega. A\u00f0 \u00feessu sinni er \u00feema\u00f0 Hrekkjavaka, enda fer s\u00fdningin fram \u00e1 sj\u00e1lfu Hrekkjav\u00f6kukv\u00f6ldinu, 31. okt\u00f3ber.<br \/>\nHi\u00f0 vikulega er stuttverkadagskr\u00e1 sem l\u00fdtur \u00e1kve\u00f0num l\u00f6gm\u00e1lum sem h\u00fan dregur nafn sitt af. H\u00f6fundar \u00ed h\u00f6fundasmi\u00f0ju LH f\u00e1 viku til \u00feess a\u00f0 semja stuttverk sem s\u00ed\u00f0an eru \u00e6f\u00f0 af leikstj\u00f3rum og leikurum f\u00e9lagsins \u00e1 einni viku. Stuttverkakv\u00f6ldin hafa vaki\u00f0 ver\u00f0skulda\u00f0a athygli og veri\u00f0 vel s\u00f3tt. Bo\u00f0i\u00f0 er upp\u00e1 kaffih\u00fasastemningu og veitingar seldar \u00ed sal fyrir s\u00fdningu og \u00ed hl\u00e9i.<\/p>\n<p>Gera m\u00e1 r\u00e1\u00f0 fyrir bl\u00f3\u00f0i drifinni dagskr\u00e1 a\u00f0 \u00feessu sinni og ver\u00f0ur allt kapp lagt \u00e1 a\u00f0 kalt vatn renni \u00e1horfendum milli skinns og h\u00f6runds, \u00ed s\u00f6nnum Hrekkjav\u00f6kuanda.<\/p>\n<p>S\u00fdnt ver\u00f0ur \u00ed Gaflaraleikh\u00fasinu vi\u00f0 V\u00edkingastr\u00e6ti laugardagskv\u00f6ldi\u00f0 31. okt\u00f3ber og hefst \u00f3hugna\u00f0urinn klukkan 20.00.<\/p>\n<p>&nbsp;<\/p>","protected":false},"excerpt":{"rendered":"<p>Leikf\u00e9lag Hafnarfjar\u00f0ar b\u00fd\u00f0ur n\u00fa \u00ed t\u00edunda skipti upp \u00e1 leikh\u00fasveislu undir merkjum Hins vikulega. A\u00f0 \u00feessu sinni er \u00feema\u00f0 Hrekkjavaka, enda fer s\u00fdningin fram \u00e1 sj\u00e1lfu Hrekkjav\u00f6kukv\u00f6ldinu, 31. okt\u00f3ber. Hi\u00f0 vikulega er stuttverkadagskr\u00e1 sem l\u00fdtur \u00e1kve\u00f0num l\u00f6gm\u00e1lum sem h\u00fan dregur nafn sitt af. H\u00f6fundar \u00ed h\u00f6fundasmi\u00f0ju LH f\u00e1 viku til \u00feess a\u00f0 semja stuttverk sem [&hellip;]<\/p>\n","protected":false},"author":3,"featured_media":6742,"comment_status":"closed","ping_status":"closed","sticky":false,"template":"","format":"standard","meta":{"_et_pb_use_builder":"","_et_pb_old_content":"","_et_gb_content_width":"","footnotes":""},"categories":[187,213],"tags":[],"class_list":["post-6741","post","type-post","status-publish","format-standard","has-post-thumbnail","hentry","category-allar-frir","category-vikupostur","et-has-post-format-content","et_post_format-et-post-format-standard"],"_links":{"self":[{"href":"https:\/\/leiklist.is\/en\/wp-json\/wp\/v2\/posts\/6741","targetHints":{"allow":["GET"]}}],"collection":[{"href":"https:\/\/leiklist.is\/en\/wp-json\/wp\/v2\/posts"}],"about":[{"href":"https:\/\/leiklist.is\/en\/wp-json\/wp\/v2\/types\/post"}],"author":[{"embeddable":true,"href":"https:\/\/leiklist.is\/en\/wp-json\/wp\/v2\/users\/3"}],"replies":[{"embeddable":true,"href":"https:\/\/leiklist.is\/en\/wp-json\/wp\/v2\/comments?post=6741"}],"version-history":[{"count":0,"href":"https:\/\/leiklist.is\/en\/wp-json\/wp\/v2\/posts\/6741\/revisions"}],"wp:featuredmedia":[{"embeddable":true,"href":"https:\/\/leiklist.is\/en\/wp-json\/"}],"wp:attachment":[{"href":"https:\/\/leiklist.is\/en\/wp-json\/wp\/v2\/media?parent=6741"}],"wp:term":[{"taxonomy":"category","embeddable":true,"href":"https:\/\/leiklist.is\/en\/wp-json\/wp\/v2\/categories?post=6741"},{"taxonomy":"post_tag","embeddable":true,"href":"https:\/\/leiklist.is\/en\/wp-json\/wp\/v2\/tags?post=6741"}],"curies":[{"name":"wp","href":"https:\/\/api.w.org\/{rel}","templated":true}]}}