{"id":6644,"date":"2015-10-08T11:47:49","date_gmt":"2015-10-08T11:47:49","guid":{"rendered":"http:\/\/leiklist.is\/?p=6644"},"modified":"2015-10-08T11:47:49","modified_gmt":"2015-10-08T11:47:49","slug":"leikverkid-petra-synt-aftur-i-tjarnarbioi","status":"publish","type":"post","link":"https:\/\/leiklist.is\/en\/leikverkid-petra-synt-aftur-i-tjarnarbioi\/","title":{"rendered":"Leikverki\u00f0 Petra s\u00fdnt aftur \u00ed Tjarnarb\u00ed\u00f3i"},"content":{"rendered":"<p class=\"p1\">Leikverki\u00f0 Petra eftir Brogan Davison, P\u00e9tur \u00c1rmannsson og Bj\u00f6rn Le\u00f3 Brynjarsson sn\u00fdr aftur \u00e1 svi\u00f0 \u00ed Tjarnarb\u00ed\u00f3i 17. okt\u00f3ber. Leikh\u00f3purinn Dansa\u00f0u fyrir mig sem stendur a\u00f0 s\u00fdningunni s\u00fdndi verki\u00f0 n\u00fdveri\u00f0 \u00e1 leiklistarh\u00e1t\u00ed\u00f0inni \u00ed Tampere vi\u00f0 g\u00f3\u00f0an or\u00f0st\u00edr en h\u00e1t\u00ed\u00f0in er s\u00fa st\u00e6rsta sinnar tegundar \u00e1 Nor\u00f0url\u00f6ndum. Verki\u00f0 var frums\u00fdnt \u00e1 leiklistarh\u00e1t\u00ed\u00f0inni L\u00d3KAL \u00ed \u00e1g\u00fast 2014.<\/p>\n<p class=\"p1\">Vi\u00f0fang verksins er Petra Sveinsd\u00f3ttir e\u00f0a Steina-Petra eins og h\u00fan var gjarnan k\u00f6llu\u00f0 \u00ed lifanda l\u00edfi. Petra var \u00fej\u00f3\u00f0\u00feekkt en h\u00fan kom upp st\u00e6rsta steinasafni \u00ed ver\u00f6ldinni \u00ed einkaeign vi\u00f0 heimili sitt \u00e1 St\u00f6\u00f0varfir\u00f0i. \u00deegar h\u00fan var spur\u00f0 hvort steinas\u00f6fnun hennar g\u00e6ti hugsanlega komi\u00f0 hinu \u00edslenska \u00e1lfasamf\u00e9lagi \u00ed uppn\u00e1m sag\u00f0i h\u00fan: \u201c\u00c9g held a\u00f0 \u00feeir viti a\u00f0 fj\u00f6lmargir steinar hverfa ofan \u00ed j\u00f6r\u00f0ina og munu aldrei l\u00edta dagsins lj\u00f3s ef \u00feeim er ekki bjarga\u00f0\u201d.<\/p>\n<p class=\"p1\">Petra var langamma P\u00e9turs \u00c1rmannssonar, eins h\u00f6funda verksins og hefur hann b\u00fai\u00f0 til \u00e1samt samverkaf\u00f3lki s\u00ednu hjartn\u00e6ma, skr\u00fdtna og skemmtilega leiks\u00fdningu sem hefur a\u00f0 innbl\u00e6stri leit \u00feessarrar merku konu a\u00f0 horfnum munum sem eru f\u00e6r\u00f0ir upp \u00e1 yfirbor\u00f0i\u00f0.<\/p>\n<p class=\"p1\">Til a\u00f0 hei\u00f0ra minningu Petru giftu P\u00e9tur og Brogan sig \u00ed steinasafni hennar sl. \u00e1g\u00fast nokkrum d\u00f6gum \u00e1\u00f0ur en \u00feau flugu til Finnlands \u00fear sem verki\u00f0 var s\u00fdnt, eins og \u00e1\u00f0ur segir.<\/p>\n<p class=\"p1\">Leikh\u00f3purinn Dansa\u00f0u fyrir mig var stofna\u00f0ur utan um samnefnda s\u00fdningu sem frums\u00fdnd var \u00e1 Akureyri vori\u00f0 2013. \u00cd \u00feeirri s\u00fdningu eru Brogan Davison og tengdafa\u00f0ir hennar \u00c1rmann Einarsson \u00e1 svi\u00f0inu en verki\u00f0 fjallar um \u00feann draum \u00c1rmanns a\u00f0 dansa samt\u00edmadans opinberlega. S\u00e1 draumur hefur heldur betur hla\u00f0i\u00f0 utan um sig en s\u00ed\u00f0an verki\u00f0 var s\u00fdnt \u00e1 leiklistarh\u00e1t\u00ed\u00f0inni L\u00d3KAL hausti\u00f0 2013 hefur \u00fea\u00f0 veri\u00f0 s\u00fdnt \u00ed fimm l\u00f6ndum utan \u00cdslands og fer \u00ed mars nk. \u00ed leikf\u00f6r um Danm\u00f6rku \u00fear sem s\u00fdnt ver\u00f0ur alls ellefu sinnum \u00ed sex borgum og b\u00e6jum.<\/p>\n<p class=\"p3\"><span class=\"s1\">Stikla \u00far verkinu: <a href=\"https:\/\/vimeo.com\/133482116\"><span class=\"s2\">https:\/\/vimeo.com\/133482116<\/span><\/a><\/span><\/p>\n<p class=\"p3\"><span class=\"s2\"><a href=\"https:\/\/drive.google.com\/folderview?id=0B7tXZtIri8LPVGlYMlplb2F6eGc&amp;usp=sharing\">Myndir \u00far verkinu<\/a><\/span><\/p>\n<p class=\"p1\">Einungis tv\u00e6r s\u00fdningar eru fyrirhuga\u00f0ar \u00e1 Petru \u00ed Tjarnarb\u00ed\u00f3i 17. og 30. okt\u00f3ber. Allar n\u00e1nari uppl\u00fdsingar gefa P\u00e9tur \u00c1rmannsson, 865-7808 og Brogan Davison, 663-6292.<\/p>\n<p class=\"p4\"><b>Umsagnir<\/b><\/p>\n<p class=\"p1\">Fr\u00e9ttabla\u00f0i\u00f0, Sigr\u00ed\u00f0ur J\u00f3nsd\u00f3ttir:<\/p>\n<p class=\"p1\">\u201eNi\u00f0ursta\u00f0a: Einstaklega vel samansett s\u00fdning, tilfinningar\u00edk \u00e1n \u00feess a\u00f0 vera v\u00e6min og nau\u00f0synlegt a\u00f0 sj\u00e1.\u201c \u2605\u2605\u2605\u2605<\/p>\n<p class=\"p3\"><span class=\"s2\"><a href=\"http:\/\/www.visir.is\/rotad-i-thjodarsalinni\/article\/2014709039937\">HLEKKUR<\/a><\/span><\/p>\n<p class=\"p1\">Grapevine, Larissa Kyzer:<\/p>\n<p class=\"p1\">\u201c[&#8230;] in their willingness to explore aspects of their real lives and relationships on stage, to poke fun at themselves and dissect the mechanism of storytelling, P\u00e9tur and Brogan continue to bring something fresh to the local performance landscape.\u201c<\/p>\n<p class=\"p3\"><span class=\"s2\"><a href=\"http:\/\/grapevine.is\/culture\/movies-theatre\/2014\/08\/31\/remembrance-and-re-remembrance\/\">HLEKKUR<\/a><\/span><\/p>\n<p class=\"p1\"><span class=\"s3\"><a href=\"http:\/\/sylvi.fi\/\">Sylvi.fi<\/a><\/span>, Katri Kekalainen:<\/p>\n<p class=\"p1\">\u201ePetra is perhaps the biggest surprise of the theatre festival performances I saw, and manages to wrap home-madeness, Icelandic fairy-tale tradition, and the magic of theater in to a unique entity.\u201c<\/p>\n","protected":false},"excerpt":{"rendered":"<p>Leikverki\u00f0 Petra eftir Brogan Davison, P\u00e9tur \u00c1rmannsson og Bj\u00f6rn Le\u00f3 Brynjarsson sn\u00fdr aftur \u00e1 svi\u00f0 \u00ed Tjarnarb\u00ed\u00f3i 17. okt\u00f3ber. Leikh\u00f3purinn Dansa\u00f0u fyrir mig sem stendur a\u00f0 s\u00fdningunni s\u00fdndi verki\u00f0 n\u00fdveri\u00f0 \u00e1 leiklistarh\u00e1t\u00ed\u00f0inni \u00ed Tampere vi\u00f0 g\u00f3\u00f0an or\u00f0st\u00edr en h\u00e1t\u00ed\u00f0in er s\u00fa st\u00e6rsta sinnar tegundar \u00e1 Nor\u00f0url\u00f6ndum. Verki\u00f0 var frums\u00fdnt \u00e1 leiklistarh\u00e1t\u00ed\u00f0inni L\u00d3KAL \u00ed \u00e1g\u00fast 2014. [&hellip;]<\/p>\n","protected":false},"author":3,"featured_media":6645,"comment_status":"closed","ping_status":"open","sticky":false,"template":"","format":"standard","meta":{"_et_pb_use_builder":"","_et_pb_old_content":"","_et_gb_content_width":"","footnotes":""},"categories":[187,213],"tags":[],"class_list":["post-6644","post","type-post","status-publish","format-standard","has-post-thumbnail","hentry","category-allar-frir","category-vikupostur","et-has-post-format-content","et_post_format-et-post-format-standard"],"_links":{"self":[{"href":"https:\/\/leiklist.is\/en\/wp-json\/wp\/v2\/posts\/6644","targetHints":{"allow":["GET"]}}],"collection":[{"href":"https:\/\/leiklist.is\/en\/wp-json\/wp\/v2\/posts"}],"about":[{"href":"https:\/\/leiklist.is\/en\/wp-json\/wp\/v2\/types\/post"}],"author":[{"embeddable":true,"href":"https:\/\/leiklist.is\/en\/wp-json\/wp\/v2\/users\/3"}],"replies":[{"embeddable":true,"href":"https:\/\/leiklist.is\/en\/wp-json\/wp\/v2\/comments?post=6644"}],"version-history":[{"count":0,"href":"https:\/\/leiklist.is\/en\/wp-json\/wp\/v2\/posts\/6644\/revisions"}],"wp:featuredmedia":[{"embeddable":true,"href":"https:\/\/leiklist.is\/en\/wp-json\/"}],"wp:attachment":[{"href":"https:\/\/leiklist.is\/en\/wp-json\/wp\/v2\/media?parent=6644"}],"wp:term":[{"taxonomy":"category","embeddable":true,"href":"https:\/\/leiklist.is\/en\/wp-json\/wp\/v2\/categories?post=6644"},{"taxonomy":"post_tag","embeddable":true,"href":"https:\/\/leiklist.is\/en\/wp-json\/wp\/v2\/tags?post=6644"}],"curies":[{"name":"wp","href":"https:\/\/api.w.org\/{rel}","templated":true}]}}