{"id":6641,"date":"2015-10-08T11:39:20","date_gmt":"2015-10-08T11:39:20","guid":{"rendered":"http:\/\/leiklist.is\/?p=6641"},"modified":"2015-10-08T11:39:20","modified_gmt":"2015-10-08T11:39:20","slug":"thu-kemst-thinn-veg","status":"publish","type":"post","link":"https:\/\/leiklist.is\/en\/thu-kemst-thinn-veg\/","title":{"rendered":"\u00de\u00fa kemst \u00feinn veg"},"content":{"rendered":"<p class=\"p1\">\u00de\u00fa kemst \u00feinn veg eftir Finnboga \u00deorkel J\u00f3nsson ver\u00f0ur s\u00fdnt \u00ed Tjarnarb\u00ed\u00f3i 15. okt\u00f3ber.\u00a0H\u00f6fundur verksins og sj\u00e1lfur Gar\u00f0ar S\u00f6lvi, s\u00e1 sem verki\u00f0 byggir \u00e1, spjalla vi\u00f0 \u00e1horfendur eftir s\u00fdningu.<\/p>\n<p class=\"p1\">Gar\u00f0ar hefur gl\u00edmt vi\u00f0 ge\u00f0klofa fr\u00e1 unga aldri. Hann lifir \u00ed dag eftir umbunarkerfi sem hann \u00fer\u00f3a\u00f0i sj\u00e1lfur til a\u00f0 takast \u00e1 vi\u00f0 ge\u00f0klofann og l\u00edfi\u00f0. \u00cd dag vegnar Gar\u00f0ari vel og hann flytur fyrirlestra \u00ed sk\u00f3lum og stofnunum um umbunarkerfi\u00f0 og l\u00edf sitt me\u00f0 ge\u00f0klofa. Finnbogi \u00deorkell J\u00f3nsson, h\u00f6fundur og leikari verksins, hefur unni\u00f0 a\u00f0 verkinu s\u00ed\u00f0ast li\u00f0in tv\u00f6 \u00e1r en verki\u00f0 er byggt \u00e1 vi\u00f0t\u00f6lum hans vi\u00f0 Gar\u00f0ar.<\/p>\n<p class=\"p1\">\u00de\u00fa kemst \u00feinn veg veitir einstaka inns\u00fdn \u00ed l\u00edfsbar\u00e1ttu manns me\u00f0 ge\u00f0sj\u00fakd\u00f3m. Batann og baksl\u00f6gin, l\u00edf \u00e1 ofsahra\u00f0a og l\u00edf einn dag \u00ed einu. Verki\u00f0 er mannlegt, beinskeytt, hei\u00f0arlegt og fyndi\u00f0.<\/p>\n<p class=\"p1\">Verki\u00f0 var s\u00fdnt \u00ed Norr\u00e6na h\u00fasinu fyrr \u00e1 \u00feessu \u00e1ri, en ver\u00f0ur n\u00fa s\u00fdnt \u00ed leikh\u00fasi \u00ed fyrsta sinn.<\/p>\n<p class=\"p1\">\u201eGert \u00e1 afar sannf\u00e6randi og fyndinn h\u00e1tt.\u201c &#8211; Silja A\u00f0alsteinsd\u00f3ttir, TMM<\/p>\n<p class=\"p4\"><b>S\u00fdningart\u00edmar<\/b><\/p>\n<p class=\"p4\">Fimmtudagur 15. okt\u00f3ber, kl. 20:30<\/p>\n<p class=\"p4\">Mi\u00f0vikudagur 21. okt\u00f3ber, kl. 20:30<\/p>\n<p class=\"p4\">Sunnudagur 25. okt\u00f3ber, kl. 20:30<\/p>\n<p class=\"p4\"><b>A\u00f0standendur<\/b><\/p>\n<p class=\"p4\">H\u00f6fundur og leikari: Finnbogi \u00deorkell J\u00f3nsson<\/p>\n<p class=\"p4\">Leikstj\u00f3ri og dramat\u00farg: \u00c1rni Kristj\u00e1nsson<\/p>\n<p class=\"p4\">T\u00f3nlist: Svavar Kn\u00fatur<\/p>\n<p class=\"p4\">Graf\u00edsk h\u00f6nnun: Benjam\u00edn Mark Stacey<\/p>\n<p class=\"p4\">Lj\u00f3smyndir: Flores Axel B\u00f6\u00f0varsson<\/p>\n<p class=\"p4\">T\u00e6knima\u00f0ur: Stef\u00e1n Ingvar Vigf\u00fasson<\/p>\n<p class=\"p4\">Framlei\u00f0andi: Jenn\u00fd L\u00e1ra Arn\u00f3rsd\u00f3ttir<\/p>","protected":false},"excerpt":{"rendered":"<p>\u00de\u00fa kemst \u00feinn veg eftir Finnboga \u00deorkel J\u00f3nsson ver\u00f0ur s\u00fdnt \u00ed Tjarnarb\u00ed\u00f3i 15. okt\u00f3ber.\u00a0H\u00f6fundur verksins og sj\u00e1lfur Gar\u00f0ar S\u00f6lvi, s\u00e1 sem verki\u00f0 byggir \u00e1, spjalla vi\u00f0 \u00e1horfendur eftir s\u00fdningu. Gar\u00f0ar hefur gl\u00edmt vi\u00f0 ge\u00f0klofa fr\u00e1 unga aldri. Hann lifir \u00ed dag eftir umbunarkerfi sem hann \u00fer\u00f3a\u00f0i sj\u00e1lfur til a\u00f0 takast \u00e1 vi\u00f0 ge\u00f0klofann og l\u00edfi\u00f0. [&hellip;]<\/p>\n","protected":false},"author":3,"featured_media":6642,"comment_status":"closed","ping_status":"open","sticky":false,"template":"","format":"standard","meta":{"_et_pb_use_builder":"","_et_pb_old_content":"","_et_gb_content_width":"","footnotes":""},"categories":[187,213],"tags":[],"class_list":["post-6641","post","type-post","status-publish","format-standard","has-post-thumbnail","hentry","category-allar-frir","category-vikupostur","et-has-post-format-content","et_post_format-et-post-format-standard"],"_links":{"self":[{"href":"https:\/\/leiklist.is\/en\/wp-json\/wp\/v2\/posts\/6641","targetHints":{"allow":["GET"]}}],"collection":[{"href":"https:\/\/leiklist.is\/en\/wp-json\/wp\/v2\/posts"}],"about":[{"href":"https:\/\/leiklist.is\/en\/wp-json\/wp\/v2\/types\/post"}],"author":[{"embeddable":true,"href":"https:\/\/leiklist.is\/en\/wp-json\/wp\/v2\/users\/3"}],"replies":[{"embeddable":true,"href":"https:\/\/leiklist.is\/en\/wp-json\/wp\/v2\/comments?post=6641"}],"version-history":[{"count":0,"href":"https:\/\/leiklist.is\/en\/wp-json\/wp\/v2\/posts\/6641\/revisions"}],"wp:featuredmedia":[{"embeddable":true,"href":"https:\/\/leiklist.is\/en\/wp-json\/"}],"wp:attachment":[{"href":"https:\/\/leiklist.is\/en\/wp-json\/wp\/v2\/media?parent=6641"}],"wp:term":[{"taxonomy":"category","embeddable":true,"href":"https:\/\/leiklist.is\/en\/wp-json\/wp\/v2\/categories?post=6641"},{"taxonomy":"post_tag","embeddable":true,"href":"https:\/\/leiklist.is\/en\/wp-json\/wp\/v2\/tags?post=6641"}],"curies":[{"name":"wp","href":"https:\/\/api.w.org\/{rel}","templated":true}]}}