{"id":6514,"date":"2015-09-15T14:44:36","date_gmt":"2015-09-15T14:44:36","guid":{"rendered":"http:\/\/leiklist.is\/?p=6514"},"modified":"2015-09-15T14:44:36","modified_gmt":"2015-09-15T14:44:36","slug":"frami-i-tjarnarbioi","status":"publish","type":"post","link":"https:\/\/leiklist.is\/en\/frami-i-tjarnarbioi\/","title":{"rendered":"Frami \u00ed Tjarnarb\u00ed\u00f3i"},"content":{"rendered":"<p>\u201eEnginn meinar neitt af \u00fev\u00ed enginn \u00feorir \u00fev\u00ed og ef einhver vildi meina eitthva\u00f0 \u00fe\u00e1 myndi enginn skilja \u00fea\u00f0 \u00fev\u00ed allir h\u00e9ldu a\u00f0 hann v\u00e6ri a\u00f0 gr\u00ednast.\u201c<\/p>\n<p>Frami er n\u00fdtt verk eftir Bj\u00f6rn Le\u00f3 Brynjarsson \u00ed uppsetningu svi\u00f0slistah\u00f3psins TAKATAKA. \u00dea\u00f0 var frums\u00fdnt \u00e1 leiklistarh\u00e1t\u00ed\u00f0inni L\u00f3kal\/Reykjav\u00edk Dance Festival \u00e1 d\u00f6gunum, en sn\u00fdr n\u00fa aftur \u00ed Tjarnarb\u00ed\u00f3 og ver\u00f0ur s\u00fdnt nokkrum sinnum \u00ed september og okt\u00f3ber.<\/p>\n<p>Verki\u00f0 fjallar um \u00fer\u00e1 listamanns eftir velgengni \u00ed n\u00fat\u00edmasamf\u00e9lagi og bar\u00e1ttu hans vi\u00f0 sj\u00e1lfan sig. Hann upplifir sig \u00e1 skj\u00f6n vi\u00f0 n\u00fat\u00edmann og n\u00e6rir bitur\u00f0 s\u00edna gagnvart fars\u00e6lasta listamanni \u00cdslands \u00e1samt \u00fev\u00ed a\u00f0 vera heltekinn af eigin l\u00edkamsvexti. Vi\u00f0 fylgjumst me\u00f0 pers\u00f3nunni elta galsakenndar fantas\u00edur s\u00ednar og ranghugmyndir \u00ed leit a\u00f0 frama \u00fear sem m\u00f6rkin milli raunveruleika og \u00f3ra m\u00e1st \u00fat.<\/p>\n<p>\u00cd verkinu endurspeglast n\u00fat\u00edmaleg \u00fe\u00f6rf eftir \u00e6vint\u00fdrum og breytingum \u00ed samf\u00e9lagi sem stundum vir\u00f0ist vera komi\u00f0 \u00ed hugmyndafr\u00e6\u00f0ilegt \u00f6ngstr\u00e6ti.<\/p>\n<p>Bj\u00f6rn Le\u00f3 Brynjarsson \u00fatskrifa\u00f0ist af svi\u00f0sh\u00f6fundabraut LH\u00cd 2011 og voru \u00feeir Kolbeinn Arnbj\u00f6rnsson og P\u00e9tur \u00c1rmannsson samfer\u00f0a \u00ed LH\u00cd. TAKATAKA er samstarfh\u00f3pur svi\u00f0slistamanna sem leitast a\u00f0 draga \u00e1horfendur me\u00f0 s\u00e9r \u00ed alltumlykjandi svi\u00f0supplifun, \u00fear sem leikur me\u00f0 texta og fr\u00e1s\u00f6gn blandast tilraunum me\u00f0 klass\u00edskan leik, n\u00e6rveru l\u00edkamans og hreyfingu.<\/p>\n<p>\u201cEinn af h\u00e1punktum hinnar fr\u00e1b\u00e6ru L\u00f3kal\/RDF h\u00e1t\u00ed\u00f0ar var a\u00f0 m\u00ednu mati, Frami; n\u00fdtt verk eftir Bj\u00f6rn Le\u00f3 Brynjarsson. Spennandi texti og uppsetningin leikstj\u00f3ra og \u00f6llum a\u00f0standendum til s\u00f3ma.\u201d &#8211; Stef\u00e1n J\u00f3nsson, leikstj\u00f3ri, leikstj\u00f3ri og fagstj\u00f3ri leiklistardeildar LH\u00cd<\/p>\n<p>H\u00e9r m\u00e1 finna n\u00e1nari uppl\u00fdsingar um verki\u00f0: http:\/\/tjarnarbio.is\/index.php\/198-frami<br \/>\nStikla: https:\/\/www.youtube.com\/watch?v=dVoeymRJX_s<\/p>\n<p>S\u00fdningart\u00edmar<br \/>\nFimmtudagur 17. september kl. 20:30<br \/>\nSunnudagur 20. september, kl. 20:30<br \/>\nFimmtudagur 8. okt\u00f3ber, kl. 20:30<br \/>\nSunnudagur 18. okt\u00f3ber, kl. 20:30<\/p>","protected":false},"excerpt":{"rendered":"<p>\u201eEnginn meinar neitt af \u00fev\u00ed enginn \u00feorir \u00fev\u00ed og ef einhver vildi meina eitthva\u00f0 \u00fe\u00e1 myndi enginn skilja \u00fea\u00f0 \u00fev\u00ed allir h\u00e9ldu a\u00f0 hann v\u00e6ri a\u00f0 gr\u00ednast.\u201c Frami er n\u00fdtt verk eftir Bj\u00f6rn Le\u00f3 Brynjarsson \u00ed uppsetningu svi\u00f0slistah\u00f3psins TAKATAKA. \u00dea\u00f0 var frums\u00fdnt \u00e1 leiklistarh\u00e1t\u00ed\u00f0inni L\u00f3kal\/Reykjav\u00edk Dance Festival \u00e1 d\u00f6gunum, en sn\u00fdr n\u00fa aftur \u00ed Tjarnarb\u00ed\u00f3 [&hellip;]<\/p>\n","protected":false},"author":3,"featured_media":6515,"comment_status":"closed","ping_status":"open","sticky":false,"template":"","format":"standard","meta":{"_et_pb_use_builder":"","_et_pb_old_content":"","_et_gb_content_width":"","footnotes":""},"categories":[187,213],"tags":[],"class_list":["post-6514","post","type-post","status-publish","format-standard","has-post-thumbnail","hentry","category-allar-frir","category-vikupostur","et-has-post-format-content","et_post_format-et-post-format-standard"],"_links":{"self":[{"href":"https:\/\/leiklist.is\/en\/wp-json\/wp\/v2\/posts\/6514","targetHints":{"allow":["GET"]}}],"collection":[{"href":"https:\/\/leiklist.is\/en\/wp-json\/wp\/v2\/posts"}],"about":[{"href":"https:\/\/leiklist.is\/en\/wp-json\/wp\/v2\/types\/post"}],"author":[{"embeddable":true,"href":"https:\/\/leiklist.is\/en\/wp-json\/wp\/v2\/users\/3"}],"replies":[{"embeddable":true,"href":"https:\/\/leiklist.is\/en\/wp-json\/wp\/v2\/comments?post=6514"}],"version-history":[{"count":0,"href":"https:\/\/leiklist.is\/en\/wp-json\/wp\/v2\/posts\/6514\/revisions"}],"wp:featuredmedia":[{"embeddable":true,"href":"https:\/\/leiklist.is\/en\/wp-json\/"}],"wp:attachment":[{"href":"https:\/\/leiklist.is\/en\/wp-json\/wp\/v2\/media?parent=6514"}],"wp:term":[{"taxonomy":"category","embeddable":true,"href":"https:\/\/leiklist.is\/en\/wp-json\/wp\/v2\/categories?post=6514"},{"taxonomy":"post_tag","embeddable":true,"href":"https:\/\/leiklist.is\/en\/wp-json\/wp\/v2\/tags?post=6514"}],"curies":[{"name":"wp","href":"https:\/\/api.w.org\/{rel}","templated":true}]}}