{"id":6505,"date":"2015-09-15T09:16:26","date_gmt":"2015-09-15T09:16:26","guid":{"rendered":"http:\/\/leiklist.is\/?p=6505"},"modified":"2015-09-15T09:16:26","modified_gmt":"2015-09-15T09:16:26","slug":"ny-islensk-operetta-a-isafirdi","status":"publish","type":"post","link":"https:\/\/leiklist.is\/en\/ny-islensk-operetta-a-isafirdi\/","title":{"rendered":"N\u00fd \u00edslensk \u00f3peretta \u00e1 \u00cdsafir\u00f0i"},"content":{"rendered":"<p>Hin n\u00fdstofna\u00f0a \u00d3pera Vestfjar\u00f0a frums\u00fdnir sitt fyrsta verkefni n\u00fana \u00e1 fimmtudag. \u00dea\u00f0 er \u00f3perettueinleikurinn \u201eEitthva\u00f0 sem lokkar og sei\u00f0ir&#8230;\u201c. Verki\u00f0 fjallar um s\u00f6ng- og leikkonuna Sigr\u00fanu Magn\u00fasd\u00f3ttur, sem nefnd hefur veri\u00f0 \u201e\u00f3perettudrottning \u00cdslands&#8220;.<\/p>\n<p>\u00dea\u00f0 er Elfar Logi Hannesson sem samdi verki\u00f0 og er jafnframt leikstj\u00f3ri s\u00fdningarinnar. \u00d3perus\u00f6ngkonan Sigr\u00fan P\u00e1lmad\u00f3ttir breg\u00f0ur s\u00e9r \u00ed \u00fdmis gervi \u00f3perettudrottningarinnar og flytur m\u00f6rg \u00feeirra laga sem ger\u00f0u hana fr\u00e6ga \u00e1 s\u00ednum t\u00edma, m.a. \u00far \u00f3perettunum Nitouche, Brosandi land, Le\u00f0urbl\u00f6kunni o.fl. P\u00edan\u00f3leikarinn Be\u00e1ta Jo\u00f3 s\u00e9r um me\u00f0leikinn \u00e1 p\u00edan\u00f3i\u00f0.<\/p>\n<p>\u00d3perettueinleikurinn ver\u00f0ur frums\u00fdndur fimmtudaginn 17. september kl.20.00 \u00ed H\u00f6mrum \u00e1 \u00cdsafir\u00f0i. \u00d6nnur s\u00fdning ver\u00f0ur laugardaginn 19. september kl.18.00. Mi\u00f0aver\u00f0 er kr. 3.000, en 50% afsl\u00e1ttur fyrir b\u00f6rn og l\u00edfeyris\u00feega.<\/p>\n<p>Sigr\u00fan Magn\u00fasd\u00f3ttir var reyndar ekki fyrsti \u00cdsfir\u00f0ingurinn sem ger\u00f0i \u00f3peru- e\u00f0a \u00f3perettus\u00f6ng a\u00f0 \u00e6vistarfi s\u00ednu. Fyrsti l\u00e6r\u00f0i \u00f3perus\u00f6ngvari \u00cdslands sem vita\u00f0 er um kom l\u00edka fr\u00e1 \u00cdsafir\u00f0i. Hann h\u00e9t Ari Maurus J\u00f3nsson (Ari Johnsen), sonur faktorshj\u00f3nanna \u00ed Ne\u00f0stakaupsta\u00f0, en ger\u00f0ist \u00f3perus\u00f6ngvari \u00fati \u00ed hinum st\u00f3ra heimi. Ari starfa\u00f0i einkum \u00ed \u00de\u00fdskalandi, m.a. \u00ed Berl\u00edn, Leipzig og Hamborg, en kom einnig fram \u00ed London. Ari h\u00e6tti a\u00f0 syngja \u00e1ri\u00f0 1909, \u00fe\u00e1 um fimmtugt, og stunda\u00f0i eftir \u00fea\u00f0 s\u00f6ngkennslu \u00ed Hamborg og s\u00ed\u00f0an \u00ed Kaupmannah\u00f6fn,\u00fear sem hann l\u00e9st \u00e1ri\u00f0 1927.<\/p>\n<p>S\u00f6ng\u00e1hugi hefur alla t\u00ed\u00f0 veri\u00f0 mikill h\u00e9r fyrir vestan, fj\u00f6lbreytt k\u00f3rastarf og margir stunda s\u00f6ngn\u00e1m. H\u00e9r hefur veri\u00f0 talsvert um uppf\u00e6rslur \u00e1 s\u00f6ngleikjum og er m\u00f6rgum enn \u00ed fersku minni uppf\u00e6rslur Litla leikkl\u00fabbsins og T\u00f3nlistarsk\u00f3la \u00cdsafjar\u00f0ar \u00e1 s\u00f6ngleikjunum Oliver! 1999 og S\u00f6ngvasei\u00f0 2003. Leikf\u00e9lag Menntask\u00f3lans hefur einnig sett upp nokkra s\u00f6ngleiki. \u00de\u00e1 m\u00e1 ekki gleyma s\u00f6gufr\u00e6gum uppf\u00e6rslum \u00e1 \u00f3perettunum Bl\u00e1u k\u00e1punni sem Sunnuk\u00f3rinn st\u00f3\u00f0 fyrir \u00e1ri\u00f0 1948 og Meyjaskemmunni \u00e1 40 \u00e1ra afm\u00e6li karlak\u00f3rs \u00cdsafjar\u00f0ar og Leikf\u00e9lags \u00cdsafjar\u00f0ar, en Sigr\u00fan Magn\u00fasd\u00f3ttir leikst\u00fdr\u00f0i einmitt \u00feeim uppf\u00e6rslum auk \u00feess sem h\u00fan var \u00ed a\u00f0alhlutverki \u00ed b\u00e1\u00f0um s\u00fdningunum.<\/p>\n<p>Hins vegar hefur a\u00f0 \u00fev\u00ed sem n\u00e6st ver\u00f0ur komist einungis einu sinni veri\u00f0 h\u00e9r \u00f3perus\u00fdning, en \u00fea\u00f0 var Br\u00fa\u00f0kaup F\u00edgar\u00f3s eftir Mozart \u00ed flutningi \u00cdslensku \u00f3perunnar \u00e1ri\u00f0 1989. \u00d3peran var s\u00fdnd \u00ed f\u00e9lagsheimilinu \u00ed Hn\u00edfsdal<\/p>\n<p>\u00d3pera Vestfjar\u00f0a er n\u00fdr f\u00e9lagsskapur sem hefur \u00fea\u00f0 a\u00f0 markmi\u00f0i a\u00f0 vinna a\u00f0 \u00fatbrei\u00f0slu \u00f3peru- og \u00f3perettut\u00f3nlistar og hugsanlegum flutningi sl\u00edkra verka \u00e1 Vestfj\u00f6r\u00f0um. F\u00e9lagi\u00f0 hyggst n\u00e1 markmi\u00f0um s\u00ednum me\u00f0 \u00f3perukynningum af \u00fdmsu tagi, dagskr\u00e1m um og me\u00f0 \u00f3perut\u00f3nlist og vonandi \u00f3peruuppf\u00e6rslu fyrr en s\u00ed\u00f0ar.<\/p>\n<p>Verkefni\u00f0 n\u00fdtur m.a. stu\u00f0nings fr\u00e1 Menningarr\u00e1\u00f0i Vestfjar\u00f0a, \u00cdsafjar\u00f0arb\u00e6, T\u00f3nlistarsk\u00f3la \u00cdsafjar\u00f0ar o.fl. Stj\u00f3rn f\u00e9lagsins skipa \u00feau Sigr\u00ed\u00f0ur Ragnarsd\u00f3ttir, Elfar Logi Hannesson og Ingunn \u00d3sk Sturlud\u00f3ttir. Almenningi b\u00fd\u00f0st a\u00f0 gerast f\u00e9lagar \u00ed \u00f3peruf\u00e9laginu gegn v\u00e6gu \u00e1rgjaldi og vonast stj\u00f3rnin til a\u00f0 f\u00e9l\u00f6gum fj\u00f6lgi hratt og vel \u00e1 n\u00e6stunni, einkum \u00ed kj\u00f6lfar s\u00fdningarinnar.<\/p>\n<p>\u00dea\u00f0 er \u00e1kaflega mikilv\u00e6gt fyrir \u00d3peru Vestfjar\u00f0a a\u00f0 fyrstu skrefin takist vel og \u00fev\u00ed \u00f3metanlegt fyrir f\u00e9lagi\u00f0 ef almenningur tekur vel \u00feessu metna\u00f0arfulla verkefni og fj\u00f6lmennir \u00e1 \u00feessar s\u00fdningar sem framundan eru.<\/p>","protected":false},"excerpt":{"rendered":"<p>Hin n\u00fdstofna\u00f0a \u00d3pera Vestfjar\u00f0a frums\u00fdnir sitt fyrsta verkefni n\u00fana \u00e1 fimmtudag. \u00dea\u00f0 er \u00f3perettueinleikurinn \u201eEitthva\u00f0 sem lokkar og sei\u00f0ir&#8230;\u201c. Verki\u00f0 fjallar um s\u00f6ng- og leikkonuna Sigr\u00fanu Magn\u00fasd\u00f3ttur, sem nefnd hefur veri\u00f0 \u201e\u00f3perettudrottning \u00cdslands&#8220;. \u00dea\u00f0 er Elfar Logi Hannesson sem samdi verki\u00f0 og er jafnframt leikstj\u00f3ri s\u00fdningarinnar. \u00d3perus\u00f6ngkonan Sigr\u00fan P\u00e1lmad\u00f3ttir breg\u00f0ur s\u00e9r \u00ed \u00fdmis gervi \u00f3perettudrottningarinnar [&hellip;]<\/p>\n","protected":false},"author":3,"featured_media":6506,"comment_status":"closed","ping_status":"open","sticky":false,"template":"","format":"standard","meta":{"_et_pb_use_builder":"","_et_pb_old_content":"","_et_gb_content_width":"","footnotes":""},"categories":[187,213],"tags":[],"class_list":["post-6505","post","type-post","status-publish","format-standard","has-post-thumbnail","hentry","category-allar-frir","category-vikupostur","et-has-post-format-content","et_post_format-et-post-format-standard"],"_links":{"self":[{"href":"https:\/\/leiklist.is\/en\/wp-json\/wp\/v2\/posts\/6505","targetHints":{"allow":["GET"]}}],"collection":[{"href":"https:\/\/leiklist.is\/en\/wp-json\/wp\/v2\/posts"}],"about":[{"href":"https:\/\/leiklist.is\/en\/wp-json\/wp\/v2\/types\/post"}],"author":[{"embeddable":true,"href":"https:\/\/leiklist.is\/en\/wp-json\/wp\/v2\/users\/3"}],"replies":[{"embeddable":true,"href":"https:\/\/leiklist.is\/en\/wp-json\/wp\/v2\/comments?post=6505"}],"version-history":[{"count":0,"href":"https:\/\/leiklist.is\/en\/wp-json\/wp\/v2\/posts\/6505\/revisions"}],"wp:featuredmedia":[{"embeddable":true,"href":"https:\/\/leiklist.is\/en\/wp-json\/"}],"wp:attachment":[{"href":"https:\/\/leiklist.is\/en\/wp-json\/wp\/v2\/media?parent=6505"}],"wp:term":[{"taxonomy":"category","embeddable":true,"href":"https:\/\/leiklist.is\/en\/wp-json\/wp\/v2\/categories?post=6505"},{"taxonomy":"post_tag","embeddable":true,"href":"https:\/\/leiklist.is\/en\/wp-json\/wp\/v2\/tags?post=6505"}],"curies":[{"name":"wp","href":"https:\/\/api.w.org\/{rel}","templated":true}]}}