{"id":6474,"date":"2015-09-03T11:15:17","date_gmt":"2015-09-03T11:15:17","guid":{"rendered":"http:\/\/leiklist.is\/?p=6474"},"modified":"2015-09-03T11:15:17","modified_gmt":"2015-09-03T11:15:17","slug":"briet-i-tjarnarbioi","status":"publish","type":"post","link":"https:\/\/leiklist.is\/en\/briet-i-tjarnarbioi\/","title":{"rendered":"BR\u00cdET \u00ed Tjarnarb\u00ed\u00f3i"},"content":{"rendered":"<p class=\"p1\">Dansverk um Br\u00edeti Bjarnh\u00e9\u00f0insd\u00f3ttur &#8211; a\u00f0eins \u00ferj\u00e1r s\u00fdningar<b>\u00a0<\/b>4., 10. og 13. september.<\/p>\n<p class=\"p5\">Dansverki\u00f0 Br\u00edet var n\u00fdlega frums\u00fdnt \u00e1 Reykjav\u00edk Dance Festival vi\u00f0 fr\u00e1b\u00e6rar vi\u00f0t\u00f6kur og heldur n\u00fa \u00e1fram \u00ed Tjarnarb\u00ed\u00f3. Athugi\u00f0 a\u00f0 verki\u00f0 ver\u00f0ur a\u00f0eins s\u00fdnt \u00ferisvar sinnum og \u00fev\u00ed ekki gott a\u00f0 fresta mi\u00f0akaupum!<\/p>\n<p class=\"p6\">Verki\u00f0 er sami\u00f0 til hei\u00f0urs Br\u00edeti Bjarnh\u00e9\u00f0insd\u00f3ttur kvenr\u00e9ttindakonu. \u00dea\u00f0 er byggt \u00e1 \u00e6vi Br\u00edetar en innbl\u00e1sturinn hefur mest megnis veri\u00f0 s\u00f3ttur \u00ed hennar pers\u00f3nulegu s\u00f6gur, auk heimilda um afrek hennar innan kvenr\u00e9ttindabar\u00e1ttunnar.<\/p>\n<p class=\"p6\">H\u00f6fundur verksins er Anna Kolfinna Kuran \u00ed samstarfi vi\u00f0 f\u00e6rar listakonur.<\/p>\n<p class=\"p6\">Notast er vi\u00f0 hreyfingar, t\u00f3nlist, texta og s\u00f6ng til a\u00f0 mi\u00f0la t\u00falkun h\u00f3psins \u00e1 Br\u00edeti.<\/p>\n<p class=\"p6\">H\u00f3purinn samanstendur af sex fagkonum \u00far svi\u00f0slistageiranum. Verkefninu er st\u00fdrt af dansh\u00f6fundi h\u00f3psins \u00d6nnu Kolfinnu Kuran sem \u00e1 einnig hugmyndina a\u00f0 verkinu. \u00deetta er \u00ed fyrsta sinn sem h\u00f3pur \u00feessi starfar saman en innbyr\u00f0is eru \u00f3l\u00edk pers\u00f3nuleg og fagleg tengsl.<\/p>\n<p class=\"p8\"><span class=\"s1\">Heimas\u00ed\u00f0a: <a href=\"http:\/\/tjarnarbio.is\/index.php\/196-briet-tjarnarbio\"><span class=\"s2\">tjarnarbio.is\/index.php\/196-briet-tjarnarbio<\/span><\/a><\/span><\/p>\n<p class=\"p8\"><span class=\"s1\">Mi\u00f0asala: <a href=\"http:\/\/midi.is\/leikhus\/1\/9139\/Briet\"><span class=\"s2\">midi.is\/leikhus\/1\/9139\/Briet<\/span><\/a><\/span><\/p>\n<p class=\"p8\"><span class=\"s1\">Facebook: <span class=\"s2\"><a href=\"http:\/\/facebook.com\/brietdansverk\">facebook.com\/brietdansverk<\/a><\/span><\/span><\/p>\n<p class=\"p9\"><b>Flytjendur:<\/b><\/p>\n<p class=\"p9\">Anna Kolfinna Kuran<\/p>\n<p class=\"p9\">Esther Tal\u00eda Casey<\/p>\n<p class=\"p9\">G\u00edgja J\u00f3nsd\u00f3ttir<\/p>\n<p class=\"p9\">Lov\u00edsa \u00d3sk Gunnarsd\u00f3ttir<\/p>\n<p class=\"p9\"><b>Leikmynd og b\u00faningar:<\/b><\/p>\n<p class=\"p9\">Eva Sign\u00fd Berger<\/p>\n<p class=\"p9\">\u00a0<b>T\u00f3nlist:<\/b><\/p>\n<p class=\"p9\">Vala Gestsd\u00f3ttir<\/p>","protected":false},"excerpt":{"rendered":"<p>Dansverk um Br\u00edeti Bjarnh\u00e9\u00f0insd\u00f3ttur &#8211; a\u00f0eins \u00ferj\u00e1r s\u00fdningar\u00a04., 10. og 13. september. Dansverki\u00f0 Br\u00edet var n\u00fdlega frums\u00fdnt \u00e1 Reykjav\u00edk Dance Festival vi\u00f0 fr\u00e1b\u00e6rar vi\u00f0t\u00f6kur og heldur n\u00fa \u00e1fram \u00ed Tjarnarb\u00ed\u00f3. Athugi\u00f0 a\u00f0 verki\u00f0 ver\u00f0ur a\u00f0eins s\u00fdnt \u00ferisvar sinnum og \u00fev\u00ed ekki gott a\u00f0 fresta mi\u00f0akaupum! Verki\u00f0 er sami\u00f0 til hei\u00f0urs Br\u00edeti Bjarnh\u00e9\u00f0insd\u00f3ttur kvenr\u00e9ttindakonu. \u00dea\u00f0 er [&hellip;]<\/p>\n","protected":false},"author":3,"featured_media":6475,"comment_status":"closed","ping_status":"open","sticky":false,"template":"","format":"standard","meta":{"_et_pb_use_builder":"","_et_pb_old_content":"","_et_gb_content_width":"","footnotes":""},"categories":[187,213],"tags":[],"class_list":["post-6474","post","type-post","status-publish","format-standard","has-post-thumbnail","hentry","category-allar-frir","category-vikupostur","et-has-post-format-content","et_post_format-et-post-format-standard"],"_links":{"self":[{"href":"https:\/\/leiklist.is\/en\/wp-json\/wp\/v2\/posts\/6474","targetHints":{"allow":["GET"]}}],"collection":[{"href":"https:\/\/leiklist.is\/en\/wp-json\/wp\/v2\/posts"}],"about":[{"href":"https:\/\/leiklist.is\/en\/wp-json\/wp\/v2\/types\/post"}],"author":[{"embeddable":true,"href":"https:\/\/leiklist.is\/en\/wp-json\/wp\/v2\/users\/3"}],"replies":[{"embeddable":true,"href":"https:\/\/leiklist.is\/en\/wp-json\/wp\/v2\/comments?post=6474"}],"version-history":[{"count":0,"href":"https:\/\/leiklist.is\/en\/wp-json\/wp\/v2\/posts\/6474\/revisions"}],"wp:featuredmedia":[{"embeddable":true,"href":"https:\/\/leiklist.is\/en\/wp-json\/"}],"wp:attachment":[{"href":"https:\/\/leiklist.is\/en\/wp-json\/wp\/v2\/media?parent=6474"}],"wp:term":[{"taxonomy":"category","embeddable":true,"href":"https:\/\/leiklist.is\/en\/wp-json\/wp\/v2\/categories?post=6474"},{"taxonomy":"post_tag","embeddable":true,"href":"https:\/\/leiklist.is\/en\/wp-json\/wp\/v2\/tags?post=6474"}],"curies":[{"name":"wp","href":"https:\/\/api.w.org\/{rel}","templated":true}]}}