{"id":6445,"date":"2015-08-19T09:03:17","date_gmt":"2015-08-19T09:03:17","guid":{"rendered":"http:\/\/leiklist.is\/?p=6445"},"modified":"2015-08-19T09:03:17","modified_gmt":"2015-08-19T09:03:17","slug":"hid-vikulega-hja-leikfelagi-hafnarfjardar","status":"publish","type":"post","link":"https:\/\/leiklist.is\/en\/hid-vikulega-hja-leikfelagi-hafnarfjardar\/","title":{"rendered":"Hi\u00f0 vikulega hj\u00e1 Leikf\u00e9lagi Hafnarfjar\u00f0ar"},"content":{"rendered":"<table cellspacing=\"0\" cellpadding=\"0\">\n<tbody>\n<tr>\n<td class=\"td1\" valign=\"top\">\n<p class=\"p1\">N\u00fa \u00e1 f\u00f6studaginn 21. \u00e1g\u00fast kl. 20 ver\u00f0ur Hi\u00f0 vikulega frums\u00fdnt hj\u00e1 Leikf\u00e9lagi Hafnarfjar\u00f0ar \u00ed Gaflaraleikh\u00fasinu.<\/p>\n<p class=\"p2\">A\u00f0 \u00feessu sinni ver\u00f0a sj\u00f6 verk tekin til s\u00fdningar eftir jafn marga h\u00f6funda.<br \/>\n\u00deema vikunnar a\u00f0 \u00feessu sinni var F\u00edfli\u00f0 \u2013 The Fool og munu \u00fev\u00ed \u00f6ll verkin a\u00f0 \u00feessu sinni fjalla a\u00f0 einhverju leyti um f\u00edfli\u00f0 \u00ed einni e\u00f0a annari mynd.<\/p>\n<p class=\"p2\">Verkin sem s\u00fdnd ver\u00f0a eru:<br \/>\nAf hverju kom Jes\u00fas til jar\u00f0ar<br \/>\nJ\u00f3ki<br \/>\nFroskar, m\u00fds og m\u00f6gulega Dvergar<br \/>\nFool me once<br \/>\nF\u00edflin<br \/>\nB\u00f3nus<br \/>\nSmi\u00f0sraunir<\/p>\n<p class=\"p3\">\u00cd framhaldinu ver\u00f0ur fari\u00f0 \u00ed a\u00f0ra umfer\u00f0 \u00e1 hinu vikulega sem s\u00fdnt ver\u00f0ur 29. \u00e1g\u00fast en \u00fea\u00f0\u00a0ver\u00f0ur einungis fyrir fullor\u00f0na.<\/p>\n<p class=\"p4\"><span class=\"s1\">A\u00f0 gefnu tilefni er vert a\u00f0 minna \u00e1 a\u00f0 fr\u00edtt er inn \u00e1 \u00feessar s\u00fdningar.<\/span><\/p>\n<\/td>\n<\/tr>\n<\/tbody>\n<\/table>","protected":false},"excerpt":{"rendered":"<p>N\u00fa \u00e1 f\u00f6studaginn 21. \u00e1g\u00fast kl. 20 ver\u00f0ur Hi\u00f0 vikulega frums\u00fdnt hj\u00e1 Leikf\u00e9lagi Hafnarfjar\u00f0ar \u00ed Gaflaraleikh\u00fasinu. A\u00f0 \u00feessu sinni ver\u00f0a sj\u00f6 verk tekin til s\u00fdningar eftir jafn marga h\u00f6funda. \u00deema vikunnar a\u00f0 \u00feessu sinni var F\u00edfli\u00f0 \u2013 The Fool og munu \u00fev\u00ed \u00f6ll verkin a\u00f0 \u00feessu sinni fjalla a\u00f0 einhverju leyti um f\u00edfli\u00f0 \u00ed einni [&hellip;]<\/p>\n","protected":false},"author":3,"featured_media":6447,"comment_status":"closed","ping_status":"open","sticky":false,"template":"","format":"standard","meta":{"_et_pb_use_builder":"","_et_pb_old_content":"","_et_gb_content_width":"","footnotes":""},"categories":[187,213],"tags":[],"class_list":["post-6445","post","type-post","status-publish","format-standard","has-post-thumbnail","hentry","category-allar-frir","category-vikupostur","et-has-post-format-content","et_post_format-et-post-format-standard"],"_links":{"self":[{"href":"https:\/\/leiklist.is\/en\/wp-json\/wp\/v2\/posts\/6445","targetHints":{"allow":["GET"]}}],"collection":[{"href":"https:\/\/leiklist.is\/en\/wp-json\/wp\/v2\/posts"}],"about":[{"href":"https:\/\/leiklist.is\/en\/wp-json\/wp\/v2\/types\/post"}],"author":[{"embeddable":true,"href":"https:\/\/leiklist.is\/en\/wp-json\/wp\/v2\/users\/3"}],"replies":[{"embeddable":true,"href":"https:\/\/leiklist.is\/en\/wp-json\/wp\/v2\/comments?post=6445"}],"version-history":[{"count":0,"href":"https:\/\/leiklist.is\/en\/wp-json\/wp\/v2\/posts\/6445\/revisions"}],"wp:featuredmedia":[{"embeddable":true,"href":"https:\/\/leiklist.is\/en\/wp-json\/"}],"wp:attachment":[{"href":"https:\/\/leiklist.is\/en\/wp-json\/wp\/v2\/media?parent=6445"}],"wp:term":[{"taxonomy":"category","embeddable":true,"href":"https:\/\/leiklist.is\/en\/wp-json\/wp\/v2\/categories?post=6445"},{"taxonomy":"post_tag","embeddable":true,"href":"https:\/\/leiklist.is\/en\/wp-json\/wp\/v2\/tags?post=6445"}],"curies":[{"name":"wp","href":"https:\/\/api.w.org\/{rel}","templated":true}]}}