{"id":6434,"date":"2015-08-11T15:22:02","date_gmt":"2015-08-11T15:22:02","guid":{"rendered":"http:\/\/leiklist.is\/?p=6434"},"modified":"2015-08-11T15:22:02","modified_gmt":"2015-08-11T15:22:02","slug":"leikfelag-hafnarfjardar-hefur-leikarid-a-hinu-vikulega","status":"publish","type":"post","link":"https:\/\/leiklist.is\/en\/leikfelag-hafnarfjardar-hefur-leikarid-a-hinu-vikulega\/","title":{"rendered":"Leikf\u00e9lag Hafnarfjar\u00f0ar hefur leik\u00e1ri\u00f0 \u00e1 Hinu Vikulega"},"content":{"rendered":"<p class=\"p1\">H\u00f6fundar Leikf\u00e9lags Hafnarfjar\u00f0ar sitja n\u00fa vi\u00f0 a\u00f0 skrifa leikrit fyrir Hi\u00f0 vikulega, en \u00e6fingar hefjast \u00e1 \u00fev\u00ed n\u00e6stkomandi laugardag, 15. \u00e1g\u00fast, kl. 14:00, en \u00fe\u00e1 ver\u00f0ur samlestur \u00e1 n\u00fdskrifu\u00f0um verkum \u00ed anddyri Gaflaraleikh\u00fassins.<\/p>\n<p class=\"p1\">\u00deeir sem hug hafa \u00e1 \u00fev\u00ed a\u00f0 taka \u00fe\u00e1tt \u00ed hinu vikulega, endilega m\u00e6ti\u00f0 \u00e1 samlesturinn.<\/p>\n<p class=\"p1\">Frums\u00fdning \u00e1 Hinu vikulega ver\u00f0ur f\u00f6studaginn 21. \u00e1g\u00fast kl. 20:00 og \u00ed framhaldinu fari\u00f0 \u00ed a\u00f0ra umfer\u00f0 \u00e1 Hinu vikulega sem s\u00fdnt ver\u00f0ur 29. \u00e1g\u00fast. Seinna Hi\u00f0 vikulega ver\u00f0ur einungis fyrir fullor\u00f0na.<\/p>\n<p class=\"p1\">Stj\u00f3rn Leikf\u00e9lags Hafnarfjar\u00f0ar.<\/p>","protected":false},"excerpt":{"rendered":"<p>H\u00f6fundar Leikf\u00e9lags Hafnarfjar\u00f0ar sitja n\u00fa vi\u00f0 a\u00f0 skrifa leikrit fyrir Hi\u00f0 vikulega, en \u00e6fingar hefjast \u00e1 \u00fev\u00ed n\u00e6stkomandi laugardag, 15. \u00e1g\u00fast, kl. 14:00, en \u00fe\u00e1 ver\u00f0ur samlestur \u00e1 n\u00fdskrifu\u00f0um verkum \u00ed anddyri Gaflaraleikh\u00fassins. \u00deeir sem hug hafa \u00e1 \u00fev\u00ed a\u00f0 taka \u00fe\u00e1tt \u00ed hinu vikulega, endilega m\u00e6ti\u00f0 \u00e1 samlesturinn. Frums\u00fdning \u00e1 Hinu vikulega ver\u00f0ur f\u00f6studaginn [&hellip;]<\/p>\n","protected":false},"author":3,"featured_media":6435,"comment_status":"closed","ping_status":"open","sticky":false,"template":"","format":"standard","meta":{"_et_pb_use_builder":"","_et_pb_old_content":"","_et_gb_content_width":"","footnotes":""},"categories":[187,213],"tags":[],"class_list":["post-6434","post","type-post","status-publish","format-standard","has-post-thumbnail","hentry","category-allar-frir","category-vikupostur","et-has-post-format-content","et_post_format-et-post-format-standard"],"_links":{"self":[{"href":"https:\/\/leiklist.is\/en\/wp-json\/wp\/v2\/posts\/6434","targetHints":{"allow":["GET"]}}],"collection":[{"href":"https:\/\/leiklist.is\/en\/wp-json\/wp\/v2\/posts"}],"about":[{"href":"https:\/\/leiklist.is\/en\/wp-json\/wp\/v2\/types\/post"}],"author":[{"embeddable":true,"href":"https:\/\/leiklist.is\/en\/wp-json\/wp\/v2\/users\/3"}],"replies":[{"embeddable":true,"href":"https:\/\/leiklist.is\/en\/wp-json\/wp\/v2\/comments?post=6434"}],"version-history":[{"count":0,"href":"https:\/\/leiklist.is\/en\/wp-json\/wp\/v2\/posts\/6434\/revisions"}],"wp:featuredmedia":[{"embeddable":true,"href":"https:\/\/leiklist.is\/en\/wp-json\/"}],"wp:attachment":[{"href":"https:\/\/leiklist.is\/en\/wp-json\/wp\/v2\/media?parent=6434"}],"wp:term":[{"taxonomy":"category","embeddable":true,"href":"https:\/\/leiklist.is\/en\/wp-json\/wp\/v2\/categories?post=6434"},{"taxonomy":"post_tag","embeddable":true,"href":"https:\/\/leiklist.is\/en\/wp-json\/wp\/v2\/tags?post=6434"}],"curies":[{"name":"wp","href":"https:\/\/api.w.org\/{rel}","templated":true}]}}