{"id":6375,"date":"2015-06-16T22:42:22","date_gmt":"2015-06-16T22:42:22","guid":{"rendered":"http:\/\/leiklist.is\/?p=6375"},"modified":"2015-06-16T22:42:22","modified_gmt":"2015-06-16T22:42:22","slug":"griman-2015-urslit","status":"publish","type":"post","link":"https:\/\/leiklist.is\/en\/griman-2015-urslit\/","title":{"rendered":"Gr\u00edman 2015 &#8211; \u00darslit"},"content":{"rendered":"<p>Gr\u00edman \u2013 \u00edslensku svi\u00f0slistaver\u00f0launin voru veitt \u00ed 13. skipti\u00f0 vi\u00f0 h\u00e1t\u00ed\u00f0lega ath\u00f6fn \u00e1 St\u00f3ra svi\u00f0i Borgarleikh\u00fassins \u00ed kv\u00f6ld en s\u00fdnt var beint fr\u00e1 h\u00e1t\u00ed\u00f0inni \u00e1 R\u00daV. Kynnar kv\u00f6ldsins voru \u00feeir br\u00e6\u00f0ur Kjartan og \u00c1rni P\u00e9tur Gu\u00f0j\u00f3nssynir. Edda Hei\u00f0r\u00fan Bachman hlaut Hei\u00f0ursver\u00f0laun Svi\u00f0slistasambands \u00cdslands fyrir \u00e6vistarf sitt \u00ed \u00fe\u00e1gu svi\u00f0slista \u00e1 \u00cdslandi. Hi\u00f0 s\u00edvins\u00e6la leikrit Henrik Ibsens D\u00fakkuheimili var valin s\u00fdning \u00e1rsins, Konan vi\u00f0 1000\u00b0 leikrit \u00e1rsins auk fj\u00f6lda annarra ver\u00f0launa sem skiptast \u00feannig:<\/p>\n<p><strong>Hei\u00f0urver\u00f0 Svi\u00f0slistasambands \u00cdslands 2015<\/strong><br \/>\nEdda Hei\u00f0r\u00fan Bachman<\/p>\n<p><strong>S\u00fdning \u00e1rsins 2015<\/strong><br \/>\nD\u00fakkuheimili<br \/>\neftir Henrik Ibsen<br \/>\n\u00ed svi\u00f0setningu Borgarleikh\u00fassins<\/p>\n<p><strong>Leikrit \u00e1rsins 2015<\/strong><br \/>\nKonan vi\u00f0 1000\u00b0<br \/>\neftir Hallgr\u00edm Helgason<br \/>\nLeikger\u00f0 &#8211; Hallgr\u00edmur Helgason, S\u00edmon Birgisson og Una \u00deorleifsd\u00f3ttir<br \/>\n\u00cd svi\u00f0setningu \u00dej\u00f3\u00f0leikh\u00fassins<\/p>\n<p><strong>Leikstj\u00f3ri \u00e1rsins 2015<\/strong><br \/>\nHarpa Arnard\u00f3ttir<br \/>\nfyrir D\u00fakkuheimili<br \/>\n\u00ed svi\u00f0setningu Borgarleikh\u00fassins<\/p>\n<p><strong>Leikari \u00e1rsins 2015 \u00ed a\u00f0alhlutverki<\/strong><br \/>\n\u00de\u00f3r Tulinius<br \/>\nfyrir Endatafl<br \/>\n\u00ed svi\u00f0setningu leikh\u00f3psins Svipir og Tjarnarb\u00ed\u00f3s<\/p>\n<p><strong>Leikkona \u00e1rsins 2015 \u00ed a\u00f0alhlutverki<\/strong><br \/>\nUnnur \u00d6sp Stef\u00e1nsd\u00f3ttir<br \/>\nfyrir D\u00fakkuheimili<br \/>\n\u00ed svi\u00f0setningu Borgarleikh\u00fassins<\/p>\n<p><strong>Leikari \u00e1rsins 2015 \u00ed aukahlutverki<\/strong><br \/>\n\u00d3lafur Egill Egilsson<br \/>\nfyrir Sj\u00e1lfst\u00e6tt f\u00f3lk<br \/>\n\u00ed svi\u00f0setningu \u00dej\u00f3\u00f0leikh\u00fassins<\/p>\n<p><strong>Leikkona \u00e1rsins 2015 \u00ed aukahlutverki<\/strong> Halld\u00f3ra Geirhar\u00f0sd\u00f3ttir<br \/>\nfyrir Billy Elliott<br \/>\n\u00ed svi\u00f0setningu Borgarleikh\u00fassins<\/p>\n<p><strong>Leikmynd \u00e1rsins 2015<\/strong><br \/>\nIlmur Stef\u00e1nsd\u00f3ttir<br \/>\nfyrir D\u00fakkuheimili<br \/>\n\u00ed svi\u00f0setningu Borgarleikh\u00fassins<\/p>\n<p><strong>B\u00faningar \u00e1rsins 2015<\/strong><br \/>\nFilipp\u00eda I. El\u00edsd\u00f3ttir<br \/>\nfyrir D\u00fakkuheimili<br \/>\n\u00ed svi\u00f0setningu Borgarleikh\u00fassins<\/p>\n<p><strong>L\u00fdsing \u00e1rsins 2015<\/strong><br \/>\nBj\u00f6rn Bergsteinn Gu\u00f0mundsson<br \/>\nfyrir D\u00fakkuheimili<br \/>\n\u00ed svi\u00f0setningu Borgarleikh\u00fassins<\/p>\n<p><strong>T\u00f3nlist \u00e1rsins 2015<\/strong><br \/>\nBen Frost<br \/>\nfyrir Black Marrow<br \/>\n\u00ed svi\u00f0setningu \u00cdslenska dansflokksins<\/p>\n<p><strong>Hlj\u00f3\u00f0mynd \u00e1rsins 2015<\/strong><br \/>\nEggert P\u00e1lsson og Kristj\u00e1n Einarsson<br \/>\nfyrir Ofsa<br \/>\n\u00ed svi\u00f0setningu Aldrei \u00f3stelandi og \u00dej\u00f3\u00f0leikh\u00fassins<\/p>\n<p><strong>S\u00f6ngvari \u00e1rsins 2015<\/strong><br \/>\nKristinn Sigmundsson<br \/>\nfyrir Don Carlo<br \/>\n\u00ed svi\u00f0setningu \u00cdslensku \u00f3perunnar<\/p>\n<p><strong>Dansari \u00e1rsins 2015<\/strong><br \/>\n\u00deyri Huld \u00c1rnad\u00f3ttir<br \/>\nfyrir Sin<br \/>\n\u00ed svi\u00f0setningu \u00cdslenska dansflokksins<\/p>\n<p><strong>Dansh\u00f6fundur \u00e1rsins 2015<\/strong><br \/>\nDamien Jalet<br \/>\nfyrir Les M\u00e9dus\u00e9es<br \/>\n\u00ed svi\u00f0setningu \u00cdslenska dansflokksins<\/p>\n<p><strong>\u00datvarpsverk \u00e1rsins 2015<\/strong><br \/>\nBlinda konan og \u00fej\u00f3nninn<br \/>\neftir Sigur\u00f0 P\u00e1lsson<br \/>\nLeikstj\u00f3rn \u2013 Krist\u00edn J\u00f3hannesd\u00f3ttir<br \/>\n\u00cd svi\u00f0setningu \u00datvarpsleikh\u00fassins &#8211; R\u00daV<\/p>\n<p><strong>Sproti \u00e1rsins 2015<\/strong><br \/>\nT\u00edu fingur<br \/>\nfyrir L\u00edfi\u00f0 \u2013 st\u00f3rskemmtilegt drullumall<br \/>\neftir Helgu Arnalds, Charlotte B\u00f6ving, S\u00f3lveigu Gu\u00f0mundsd\u00f3ttur og Svein \u00d3laf Gunnarsson<br \/>\n\u00ed svi\u00f0setningu leikh\u00fassins T\u00edu fingur<\/p>\n<p><strong>Barnas\u00fdning \u00e1rsins 2015<\/strong><br \/>\nL\u00edfi\u00f0 \u2013 st\u00f3rskemmtilegt drullumall<br \/>\neftir Helgu Arnalds, Charlotte B\u00f6ving, S\u00f3lveigu Gu\u00f0mundsd\u00f3ttur og Svein \u00d3laf Gunnarsson<br \/>\n\u00ed svi\u00f0setningu leikh\u00fassins T\u00edu fingur<\/p>\n<p>&nbsp;<\/p>","protected":false},"excerpt":{"rendered":"<p>Gr\u00edman \u2013 \u00edslensku svi\u00f0slistaver\u00f0launin voru veitt \u00ed 13. skipti\u00f0 vi\u00f0 h\u00e1t\u00ed\u00f0lega ath\u00f6fn \u00e1 St\u00f3ra svi\u00f0i Borgarleikh\u00fassins \u00ed kv\u00f6ld en s\u00fdnt var beint fr\u00e1 h\u00e1t\u00ed\u00f0inni \u00e1 R\u00daV. Kynnar kv\u00f6ldsins voru \u00feeir br\u00e6\u00f0ur Kjartan og \u00c1rni P\u00e9tur Gu\u00f0j\u00f3nssynir. Edda Hei\u00f0r\u00fan Bachman hlaut Hei\u00f0ursver\u00f0laun Svi\u00f0slistasambands \u00cdslands fyrir \u00e6vistarf sitt \u00ed \u00fe\u00e1gu svi\u00f0slista \u00e1 \u00cdslandi. Hi\u00f0 s\u00edvins\u00e6la leikrit Henrik [&hellip;]<\/p>\n","protected":false},"author":3,"featured_media":6376,"comment_status":"closed","ping_status":"open","sticky":false,"template":"","format":"standard","meta":{"_et_pb_use_builder":"","_et_pb_old_content":"","_et_gb_content_width":"","footnotes":""},"categories":[187,213],"tags":[],"class_list":["post-6375","post","type-post","status-publish","format-standard","has-post-thumbnail","hentry","category-allar-frir","category-vikupostur","et-has-post-format-content","et_post_format-et-post-format-standard"],"_links":{"self":[{"href":"https:\/\/leiklist.is\/en\/wp-json\/wp\/v2\/posts\/6375","targetHints":{"allow":["GET"]}}],"collection":[{"href":"https:\/\/leiklist.is\/en\/wp-json\/wp\/v2\/posts"}],"about":[{"href":"https:\/\/leiklist.is\/en\/wp-json\/wp\/v2\/types\/post"}],"author":[{"embeddable":true,"href":"https:\/\/leiklist.is\/en\/wp-json\/wp\/v2\/users\/3"}],"replies":[{"embeddable":true,"href":"https:\/\/leiklist.is\/en\/wp-json\/wp\/v2\/comments?post=6375"}],"version-history":[{"count":0,"href":"https:\/\/leiklist.is\/en\/wp-json\/wp\/v2\/posts\/6375\/revisions"}],"wp:featuredmedia":[{"embeddable":true,"href":"https:\/\/leiklist.is\/en\/wp-json\/"}],"wp:attachment":[{"href":"https:\/\/leiklist.is\/en\/wp-json\/wp\/v2\/media?parent=6375"}],"wp:term":[{"taxonomy":"category","embeddable":true,"href":"https:\/\/leiklist.is\/en\/wp-json\/wp\/v2\/categories?post=6375"},{"taxonomy":"post_tag","embeddable":true,"href":"https:\/\/leiklist.is\/en\/wp-json\/wp\/v2\/tags?post=6375"}],"curies":[{"name":"wp","href":"https:\/\/api.w.org\/{rel}","templated":true}]}}