{"id":6371,"date":"2015-06-12T10:45:04","date_gmt":"2015-06-12T10:45:04","guid":{"rendered":"http:\/\/leiklist.is\/?p=6371"},"modified":"2015-06-12T10:45:04","modified_gmt":"2015-06-12T10:45:04","slug":"griman-2015","status":"publish","type":"post","link":"https:\/\/leiklist.is\/en\/griman-2015\/","title":{"rendered":"Gr\u00edman 2015"},"content":{"rendered":"<p>Gr\u00edman &#8211; \u00edslensku svi\u00f0slistaver\u00f0launin 2015 ver\u00f0a haldin me\u00f0 pompi og prakt \u00ed Borgarleikh\u00fasinu \u00feann 16. j\u00fan\u00ed nk. Kynnar kv\u00f6ldsins eru \u00feeir Kjartan og \u00c1rni P\u00e9tur Gu\u00f0j\u00f3nsson. Fj\u00f6ldi skemmtiatri\u00f0a er \u00e1 dagskr\u00e1 \u00feetta kv\u00f6ldi\u00f0 auk \u00feess sem ver\u00f0laun ver\u00f0a veitt \u00ed 19 flokkum. Mi\u00f0asala fer fram \u00e1 midi.is<\/p>\n<p><a href=\"https:\/\/leiklist.is\/en\/tilnefningargrima2015\/\">Sj\u00e1 tilnefningar h\u00e9r.<\/a><\/p>\n<p><a href=\"https:\/\/www.facebook.com\/events\/432528320241390\/\">Facebook s\u00ed\u00f0a Gr\u00edmunnar.<\/a><\/p>","protected":false},"excerpt":{"rendered":"<p>Gr\u00edman &#8211; \u00edslensku svi\u00f0slistaver\u00f0launin 2015 ver\u00f0a haldin me\u00f0 pompi og prakt \u00ed Borgarleikh\u00fasinu \u00feann 16. j\u00fan\u00ed nk. Kynnar kv\u00f6ldsins eru \u00feeir Kjartan og \u00c1rni P\u00e9tur Gu\u00f0j\u00f3nsson. Fj\u00f6ldi skemmtiatri\u00f0a er \u00e1 dagskr\u00e1 \u00feetta kv\u00f6ldi\u00f0 auk \u00feess sem ver\u00f0laun ver\u00f0a veitt \u00ed 19 flokkum. Mi\u00f0asala fer fram \u00e1 midi.is Sj\u00e1 tilnefningar h\u00e9r. Facebook s\u00ed\u00f0a Gr\u00edmunnar.<\/p>","protected":false},"author":3,"featured_media":6372,"comment_status":"closed","ping_status":"open","sticky":false,"template":"","format":"standard","meta":{"_et_pb_use_builder":"","_et_pb_old_content":"","_et_gb_content_width":"","footnotes":""},"categories":[187,213],"tags":[],"class_list":["post-6371","post","type-post","status-publish","format-standard","has-post-thumbnail","hentry","category-allar-frir","category-vikupostur","et-has-post-format-content","et_post_format-et-post-format-standard"],"_links":{"self":[{"href":"https:\/\/leiklist.is\/en\/wp-json\/wp\/v2\/posts\/6371","targetHints":{"allow":["GET"]}}],"collection":[{"href":"https:\/\/leiklist.is\/en\/wp-json\/wp\/v2\/posts"}],"about":[{"href":"https:\/\/leiklist.is\/en\/wp-json\/wp\/v2\/types\/post"}],"author":[{"embeddable":true,"href":"https:\/\/leiklist.is\/en\/wp-json\/wp\/v2\/users\/3"}],"replies":[{"embeddable":true,"href":"https:\/\/leiklist.is\/en\/wp-json\/wp\/v2\/comments?post=6371"}],"version-history":[{"count":0,"href":"https:\/\/leiklist.is\/en\/wp-json\/wp\/v2\/posts\/6371\/revisions"}],"wp:featuredmedia":[{"embeddable":true,"href":"https:\/\/leiklist.is\/en\/wp-json\/"}],"wp:attachment":[{"href":"https:\/\/leiklist.is\/en\/wp-json\/wp\/v2\/media?parent=6371"}],"wp:term":[{"taxonomy":"category","embeddable":true,"href":"https:\/\/leiklist.is\/en\/wp-json\/wp\/v2\/categories?post=6371"},{"taxonomy":"post_tag","embeddable":true,"href":"https:\/\/leiklist.is\/en\/wp-json\/wp\/v2\/tags?post=6371"}],"curies":[{"name":"wp","href":"https:\/\/api.w.org\/{rel}","templated":true}]}}