{"id":6349,"date":"2015-06-03T18:57:31","date_gmt":"2015-06-03T18:57:31","guid":{"rendered":"http:\/\/leiklist.is\/?p=6349"},"modified":"2015-06-03T18:57:31","modified_gmt":"2015-06-03T18:57:31","slug":"tilnefningargrima2015","status":"publish","type":"post","link":"https:\/\/leiklist.is\/en\/tilnefningargrima2015\/","title":{"rendered":"Tilnefningar til Grimunnar 2015"},"content":{"rendered":"<p>Tilnefningar til Gr\u00edmunnar 2015 voru kunngj\u00f6r\u00f0ar vi\u00f0 h\u00e1t\u00ed\u00f0lega ath\u00f6fn \u00ed Borgarleikh\u00fasinu \u00ed dag \u00feann 3. j\u00fan\u00ed. Allt \u00ed allt voru tilnefningarnar 89 talsins \u00ed 18 flokkum.<\/p>\n<p><strong>S\u00fdning \u00e1rsins<\/strong><\/p>\n<p>Billy Elliott<br \/>\neftir Lee Hall og Elton John<br \/>\n\u00ed svi\u00f0setningu Borgarleikh\u00fassins og Baltasars Korm\u00e1ks<\/p>\n<p>Black Marrow<br \/>\neftir Ernu \u00d3marsd\u00f3ttur og Damien Jalet<br \/>\n\u00ed svi\u00f0setningu \u00cdslenska dansflokksins<\/p>\n<p>Don Carlo<br \/>\neftir Guiseppe Verdi<br \/>\n\u00ed svi\u00f0setningu \u00cdslensku \u00f3perunnar<\/p>\n<p>D\u00fakkuheimili<br \/>\neftir Henrik Ibsen<br \/>\n\u00ed svi\u00f0setningu Borgarleikh\u00fassins<\/p>\n<p>Endatafl<br \/>\neftir Samuel Beckett<br \/>\nSvi\u00f0setning &#8211; Leikh\u00f3purinn Svipir og Tjarnarb\u00ed\u00f3<\/p>\n<p><strong>Leikrit \u00e1rsins<\/strong><\/p>\n<p>Er ekki n\u00f3g a\u00f0 elska<br \/>\neftir Birgi Sigur\u00f0sson<br \/>\n\u00ed svi\u00f0setningu Borgarleikh\u00fassins<\/p>\n<p>Hystory eftir Krist\u00ednu Eir\u00edksd\u00f3ttur \u00ed svi\u00f0setningu Sokkabandsins og Borgarleikh\u00fassins<\/p>\n<p>Konan vi\u00f0 1000\u00b0<br \/>\neftir Hallgr\u00edm Helgason<br \/>\nLeikger\u00f0 &#8211; Hallgr\u00edmur Helgason, S\u00edmon Birgisson og Una \u00deorleifsd\u00f3ttir<br \/>\n\u00ed svi\u00f0setningu \u00dej\u00f3\u00f0leikh\u00fassins<\/p>\n<p>Ofsi<br \/>\neftir Einar K\u00e1rason<br \/>\nLeikger\u00f0 &#8211; Aldrei \u00f3stelandi<br \/>\n\u00cd svi\u00f0setningu Aldrei \u00f3stelandi og \u00dej\u00f3\u00f0leikh\u00fassins<\/p>\n<p>Segulsvi\u00f0<br \/>\neftir Sigur\u00f0 P\u00e1lsson<br \/>\n\u00ed svi\u00f0setningu \u00dej\u00f3\u00f0leikh\u00fassins<\/p>\n<p><strong>Leikstj\u00f3ri \u00e1rsins<\/strong><\/p>\n<p>\u00c1g\u00fasta Sk\u00falad\u00f3ttir<br \/>\nL\u00edna Langsokkur<br \/>\n\u00ed svi\u00f0setningu Borgarleikh\u00fassins<\/p>\n<p>Bergur \u00de\u00f3r Ing\u00f3lfsson<br \/>\nBilly Elliott<br \/>\n\u00ed svi\u00f0setningu Borgarleikh\u00fassins og Baltasars Korm\u00e1ks<\/p>\n<p>Harpa Arnard\u00f3ttir<br \/>\nD\u00fakkuheimili<br \/>\n\u00ed svi\u00f0setningu Borgarleikh\u00fassins<\/p>\n<p>Krist\u00edn J\u00f3hannesd\u00f3ttir<br \/>\nEndatafl<br \/>\nSvi\u00f0setning &#8211; Leikh\u00f3purinn Svipir og Tjarnarb\u00ed\u00f3<\/p>\n<p>\u00d3lafur Egill Egilsson<br \/>\nHystory<br \/>\n\u00ed svi\u00f0setningu Sokkabandsins og Borgarleikh\u00fassins<\/p>\n<p><strong>Leikari \u00e1rsins \u00ed a\u00f0alhlutverki<\/strong><\/p>\n<p>Bj\u00f6rn Thors<br \/>\nKenneth M\u00e1ni<br \/>\n\u00ed svi\u00f0setningu Borgarleikh\u00fassins og Sagafilm<\/p>\n<p>Hilmir Sn\u00e6r Gu\u00f0nason<br \/>\nD\u00fakkuheimili<br \/>\n\u00ed svi\u00f0setningu Borgarleikh\u00fassins<\/p>\n<p>\u00deorsteinn Bachmann<br \/>\nEndatafl<br \/>\nSvi\u00f0setning &#8211; Leikh\u00f3purinn Svipir og Tjarnarb\u00ed\u00f3<\/p>\n<p>\u00deorsteinn Bachmann<br \/>\n\u00datlenski drengurinn<br \/>\nSvi\u00f0setning &#8211; Leikh\u00f3purinn Glenna og Tjarnarb\u00ed\u00f3<\/p>\n<p>\u00de\u00f3r Tulinius<br \/>\nEndatafl<br \/>\nSvi\u00f0setning &#8211; Leikh\u00f3purinn Svipir og Tjarnarb\u00ed\u00f3<\/p>\n<p><strong>Leikari \u00e1rsins \u00ed aukahlutverk<\/strong>i<\/p>\n<p>Fri\u00f0rik Fri\u00f0riksson<br \/>\nOfsi<br \/>\n\u00ed svi\u00f0setningu Aldrei \u00f3stelandi og \u00dej\u00f3\u00f0leikh\u00fassins<\/p>\n<p>\u00d3lafur Egill Egilsson<br \/>\nSj\u00e1lfst\u00e6tt f\u00f3lk<br \/>\n\u00ed svi\u00f0setningu \u00dej\u00f3\u00f0leikh\u00fassins<\/p>\n<p>Stef\u00e1n J\u00f3nsson<br \/>\nEndatafl<br \/>\nSvi\u00f0setning &#8211; Leikh\u00f3purinn Svipir og Tjarnarb\u00ed\u00f3<\/p>\n<p>\u00deorsteinn Bachmann<br \/>\nD\u00fakkuheimili<br \/>\n\u00ed svi\u00f0setningu Borgarleikh\u00fassins<\/p>\n<p>Valur Freyr Einarsson<br \/>\nD\u00fakkuheimili<br \/>\n\u00ed svi\u00f0setningu Borgarleikh\u00fassins<\/p>\n<p><strong>Leikkona \u00e1rsins \u00ed a\u00f0alhlutverki<\/strong><\/p>\n<p>Arnd\u00eds Hr\u00f6nn Egilsd\u00f3ttir<br \/>\nHystory<br \/>\n\u00ed svi\u00f0setningu Sokkabandsins og Borgarleikh\u00fassins<\/p>\n<p>Brynhildur Gu\u00f0j\u00f3nsd\u00f3ttir<br \/>\nKaritas<br \/>\n\u00ed svi\u00f0setningu \u00dej\u00f3\u00f0leikh\u00fassins<\/p>\n<p>Gu\u00f0r\u00fan Sn\u00e6fr\u00ed\u00f0ur G\u00edslad\u00f3ttir<br \/>\nKonan vi\u00f0 1000\u00b0<br \/>\n\u00ed svi\u00f0setningu \u00dej\u00f3\u00f0leikh\u00fassins<\/p>\n<p>Krist\u00edn \u00de\u00f3ra Haraldsd\u00f3ttir<br \/>\nPeggy Pickett s\u00e9r andlit gu\u00f0s<br \/>\n\u00ed svi\u00f0setningu Borgarleikh\u00fassins<\/p>\n<p>Unnur \u00d6sp Stef\u00e1nsd\u00f3ttir<br \/>\nD\u00fakkuheimili<br \/>\n\u00ed svi\u00f0setningu Borgarleikh\u00fassins<\/p>\n<p><strong>Leikkona \u00e1rsins \u00ed aukahlutverki<\/strong><\/p>\n<p>Edda Bj\u00f6rg Eyj\u00f3lfsd\u00f3ttir<br \/>\nOfsi<br \/>\n\u00ed svi\u00f0setningu Aldrei \u00f3stelandi og \u00dej\u00f3\u00f0leikh\u00fassins<\/p>\n<p>Elma Stefan\u00eda \u00c1g\u00fastsd\u00f3ttir<br \/>\nKonan vi\u00f0 1000\u00b0<br \/>\n\u00ed svi\u00f0setningu \u00dej\u00f3\u00f0leikh\u00fassins<\/p>\n<p>Halld\u00f3ra Geirhar\u00f0sd\u00f3ttir<br \/>\nBilly Elliott<br \/>\n\u00ed svi\u00f0setningu Borgarleikh\u00fassins og Baltasars Korm\u00e1ks<\/p>\n<p>Harpa Arnard\u00f3ttir<br \/>\nEndatafl<br \/>\nSvi\u00f0setning &#8211; Leikh\u00f3purinn Svipir og Tjarnarb\u00ed\u00f3<\/p>\n<p>Mar\u00edanna Clara L\u00fathersd\u00f3ttir<br \/>\nL\u00edna Langsokkur<br \/>\n\u00ed svi\u00f0setningu Borgarleikh\u00fassins<\/p>\n<p><strong>Leikmynd \u00e1rsins<\/strong><\/p>\n<p>Eva Sign\u00fd Berger<br \/>\nKonan vi\u00f0 1000\u00b0<br \/>\n\u00ed svi\u00f0setningu \u00dej\u00f3\u00f0leikh\u00fassins<\/p>\n<p>Finnur Arnar Arnarson<br \/>\nKar\u00edtas<br \/>\n\u00ed svi\u00f0setningu \u00dej\u00f3\u00f0leikh\u00fassins<\/p>\n<p>Ilmur Stef\u00e1nsd\u00f3ttir<br \/>\nD\u00fakkuheimili<br \/>\n\u00ed svi\u00f0setningu Borgarleikh\u00fassins<\/p>\n<p>Petr Hlous\u00e9k<br \/>\nBilly Elliott<br \/>\n\u00ed svi\u00f0setningu Borgarleikh\u00fassins og Baltasars Korm\u00e1ks<\/p>\n<p>\u00de\u00f3runn S. \u00deorgr\u00edmsd\u00f3ttir<br \/>\nDon Carlo<br \/>\n\u00ed svi\u00f0setningu \u00cdslensku \u00f3perunnar<\/p>\n<p><strong>B\u00faningar \u00e1rsins<\/strong><\/p>\n<p>Filipp\u00eda I. El\u00edsd\u00f3ttir<br \/>\nD\u00fakkuheimili<br \/>\n\u00ed svi\u00f0setningu Borgarleikh\u00fassins<\/p>\n<p>Helga I. Stef\u00e1nsd\u00f3ttir<br \/>\nBilly Elliott<br \/>\n\u00ed svi\u00f0setningu Borgarleikh\u00fassins<\/p>\n<p>Hildur Yeoman<br \/>\nSvartar fja\u00f0rir<br \/>\n\u00ed svi\u00f0setningu N\u00edelsd\u00e6tra og \u00dej\u00f3\u00f0leikh\u00fassins<\/p>\n<p>\u00de\u00f3runn Mar\u00eda J\u00f3nsd\u00f3ttir<br \/>\nEndatafl<br \/>\nSvi\u00f0setning &#8211; Leikh\u00f3purinn Svipir og Tjarnarb\u00ed\u00f3<\/p>\n<p>\u00de\u00f3runn Mar\u00eda J\u00f3nsd\u00f3ttir<br \/>\nSegulsvi\u00f0<br \/>\n\u00ed svi\u00f0setningu \u00dej\u00f3\u00f0leikh\u00fassins<\/p>\n<p><strong>L\u00fdsing \u00e1rsins<\/strong><\/p>\n<p>Bj\u00f6rn Bergsteinn Gu\u00f0mundsson<br \/>\nD\u00fakkuheimili<br \/>\n\u00ed svi\u00f0setningu Borgarleikh\u00fassins<\/p>\n<p>Halld\u00f3r \u00d6rn \u00d3skarsson<br \/>\nEndatafl<br \/>\nSvi\u00f0setning &#8211; Leikh\u00f3purinn Svipir og Tjarnarb\u00ed\u00f3<\/p>\n<p>Magn\u00fas Arnar Sigur\u00f0arson<br \/>\nKonan vi\u00f0 1000\u00b0<br \/>\n\u00ed svi\u00f0setningu \u00dej\u00f3\u00f0leikh\u00fassins<\/p>\n<p>P\u00e1ll Ragnarsson<br \/>\nDon Carlo<br \/>\n\u00ed svi\u00f0setningu \u00cdslensku \u00f3perunnar<\/p>\n<p>\u00de\u00f3r\u00f0ur Orri P\u00e9tursson<br \/>\nBilly Elliott<br \/>\n\u00ed svi\u00f0setningu Borgarleikh\u00fassins og Baltasars Korm\u00e1ks<\/p>\n<p><strong>T\u00f3nlist \u00e1rsins<\/strong><\/p>\n<p>Ben Frost<br \/>\nBlack Marrow<br \/>\n\u00ed svi\u00f0setningu \u00cdslenska dansflokksins<\/p>\n<p>Eggert P\u00e1lsson og Oddur J\u00fal\u00edusson<br \/>\nOfsi<br \/>\n\u00ed svi\u00f0setningu Aldrei \u00f3stelandi og \u00dej\u00f3\u00f0leikh\u00fassins<\/p>\n<p>Hj\u00f6rleifur Hjartarson og Eir\u00edkur G Stephensen<br \/>\n\u00d6ldin okkar<br \/>\n\u00ed svi\u00f0setningu Hunds \u00ed \u00f3skilum og Leikf\u00e9lags Akureyrar<\/p>\n<p>J\u00f3nas Sen og Valdimar J\u00f3hannsson<br \/>\nSvartar fja\u00f0rir<br \/>\n\u00ed svi\u00f0setningu N\u00edelsd\u00e6tra og \u00dej\u00f3\u00f0leikh\u00fassins<\/p>\n<p>Margr\u00e9t Krist\u00edn Bl\u00f6ndal<br \/>\nD\u00fakkuheimili<br \/>\n\u00ed svi\u00f0setningu Borgarleikh\u00fassins<\/p>\n<p><strong>Hlj\u00f3\u00f0mynd \u00e1rsins<\/strong><\/p>\n<p>Eggert P\u00e1lsson og Kristj\u00e1n Einarsson<br \/>\nOfsi<br \/>\n\u00ed svi\u00f0setningu Aldrei \u00f3stelandi og \u00dej\u00f3\u00f0leikh\u00fassins<\/p>\n<p>Gar\u00f0ar Borg\u00fe\u00f3rsson<br \/>\nD\u00fakkuheimili<br \/>\n\u00ed svi\u00f0setningu Borgarleikh\u00fassins<\/p>\n<p>Gunnar Sigurbj\u00f6rnsson<br \/>\nBilly Elliott<br \/>\n\u00ed svi\u00f0setningu Borgarleikh\u00fassins og Baltasars Korm\u00e1ks<\/p>\n<p>Hj\u00f6rleifur Hjartarson og Eir\u00edkur G Stephensen<br \/>\n\u00d6ldin okkar<br \/>\n\u00ed svi\u00f0setningu Hunds \u00ed \u00f3skilum og Leikf\u00e9lags Akureyrar<\/p>\n<p>\u00dalfur Eldj\u00e1rn og Kristj\u00e1n Sigmundur Einarsson<br \/>\nSegulsvi\u00f0<br \/>\n\u00ed svi\u00f0setningu \u00dej\u00f3\u00f0leikh\u00fassins<\/p>\n<p><strong>S\u00f6ngvari \u00e1rsins 2015<\/strong><\/p>\n<p>\u00c1g\u00fasta Eva Erlendsd\u00f3ttir<br \/>\nL\u00edna Langsokkur<br \/>\n\u00ed svi\u00f0setningu Borgarleikh\u00fassins<\/p>\n<p>Halld\u00f3ra Geirhar\u00f0sd\u00f3ttir<br \/>\nBilly Elliott<br \/>\n\u00ed svi\u00f0setningu Borgarleikh\u00fassins og Baltasars Korm\u00e1ks<\/p>\n<p>J\u00f3hann Fri\u00f0geir Valdimarsson<br \/>\nDon Carlo<br \/>\n\u00ed svi\u00f0setningu \u00cdslensku \u00f3perunnar<\/p>\n<p>Kristinn Sigmundsson<br \/>\nDon Carlo<br \/>\n\u00ed svi\u00f0setningu \u00cdslensku \u00f3perunnar<\/p>\n<p>Oddur Arn\u00fe\u00f3r J\u00f3nsson<br \/>\nDon Carlo<br \/>\n\u00ed svi\u00f0setningu \u00cdslensku \u00f3perunnar<\/p>\n<p><strong>Barnas\u00fdning \u00e1rsins<\/strong><\/p>\n<p>Bakaraofninn<br \/>\neftir Gunnar Helgason og Felix Bergsson<br \/>\n\u00ed svi\u00f0setningu Gaflaraleikh\u00fassins<\/p>\n<p>\u00c9g elska Reykjav\u00edk<br \/>\neftir Aude Busson, S\u00f3lveigu Gu\u00f0mundsd\u00f3ttur og Sn\u00e6bj\u00f6rn Brynjarsson<br \/>\n\u00ed vi\u00f0setningu Aude Busson, S\u00f3lveigar Gu\u00f0mundsd\u00f3ttur og Sn\u00e6bj\u00f6rns Brynjarssonar<\/p>\n<p>Kuggur og leikh\u00fasv\u00e9lin<br \/>\neftir Sigr\u00fanu Eldj\u00e1rn<br \/>\n\u00ed svi\u00f0setningu \u00dej\u00f3\u00f0leikh\u00fassins<\/p>\n<p>L\u00edfi\u00f0 \u2013 st\u00f3rskemmtilegt drullumall<br \/>\neftir Helgu Arnalds, Charlotte B\u00f6ving, S\u00f3lveigu Gu\u00f0mundsd\u00f3ttur og Svein \u00d3laf Gunnarsson<br \/>\n\u00ed svi\u00f0setningu leikh\u00fassins T\u00edu fingur<\/p>\n<p>L\u00edna Langsokkur<br \/>\neftir Astrid Lindgren<br \/>\n\u00ed svi\u00f0setningu Borgarleikh\u00fassins<\/p>\n<p><strong>Dansari \u00e1rsins<\/strong><\/p>\n<p>Einar Aas Nikkerud<br \/>\nSin<br \/>\n\u00ed svi\u00f0setningu \u00cdslenska dansflokksins<\/p>\n<p>Halla \u00de\u00f3r\u00f0ard\u00f3ttir<br \/>\nLes M\u00e9dus\u00e9es<br \/>\n\u00ed svi\u00f0setningu \u00cdslenska dansflokksins<\/p>\n<p>Halla \u00de\u00f3r\u00f0ard\u00f3ttir<br \/>\nMeadow<br \/>\n\u00ed svi\u00f0setningu \u00cdslenska dansflokksins<\/p>\n<p>Hj\u00f6rd\u00eds Lilja \u00d6rn\u00f3lfsd\u00f3ttir<br \/>\nLes M\u00e9dus\u00e9es<br \/>\n\u00ed svi\u00f0setningu \u00cdslenska dansflokksins<\/p>\n<p>\u00deyr\u00ed Huld \u00c1rnad\u00f3ttir<br \/>\nSin<br \/>\n\u00ed svi\u00f0setningu \u00cdslenska dansflokksins<\/p>\n<p><strong>Dansh\u00f6fundur \u00e1rsins<\/strong><\/p>\n<p>\u00c1sr\u00fan Magn\u00fasd\u00f3ttir<br \/>\nStj\u00f6rnustr\u00ed\u00f0 2<br \/>\n\u00ed svi\u00f0setningu \u00cdslenska dansflokksins<\/p>\n<p>Damien Jalet<br \/>\nLes M\u00e9dus\u00e9es<br \/>\n\u00ed svi\u00f0setningu \u00cdslenska dansflokksins<\/p>\n<p>Damien Jalet og Sidi Larbi Cherkaoui<br \/>\nSin<br \/>\n\u00ed svi\u00f0setningu \u00cdslenska dansflokksins<\/p>\n<p>Erna \u00d3marsd\u00f3ttir og Damien Jalet<br \/>\nBlack Marrow<br \/>\n\u00ed svi\u00f0setningu \u00cdslenska dansflokksins<\/p>\n<p>Sveinbj\u00f6rg \u00de\u00f3rhallsd\u00f3ttir og Steinunn Ketilsd\u00f3ttir<br \/>\nREI\u00d0<br \/>\n\u00ed svi\u00f0setningu Sveinbjargar \u00de\u00f3rhallsd\u00f3ttur og Steinunnar Ketilsd\u00f3ttur, Borgarleikh\u00fassins og Reykjav\u00edk Dance Festival<\/p>\n<p><strong>\u00datvarpsverk \u00e1rsins<\/strong><\/p>\n<p>Blinda konan og \u00fej\u00f3nninn<br \/>\neftir Sigur\u00f0 P\u00e1lsson<br \/>\nLeikstj\u00f3rn Krist\u00edn J\u00f3hannesd\u00f3ttir<br \/>\n\u00cd svi\u00f0setningu \u00datvarpsleikh\u00fassins &#8211; R\u00daV<\/p>\n<p>\u2026Og svo h\u00e6tt\u00b4\u00fan a\u00f0 dansa<br \/>\neftir Gu\u00f0mund \u00d3lafsson<br \/>\nLeikstj\u00f3rn Erling J\u00f3hannesson<br \/>\n\u00cd svi\u00f0setningu \u00datvarpsleikh\u00fassins &#8211; R\u00daV<\/p>\n<p>R\u00f6kr\u00e1sin<br \/>\neftir Ingibj\u00f6rgu Magnad\u00f3ttur<br \/>\nLeikstj\u00f3rn Harpa Arnard\u00f3ttir<br \/>\n\u00cd svi\u00f0setningu \u00datvarpsleikh\u00fassins &#8211; R\u00daV<\/p>\n<p><strong>Sproti \u00e1rsins<\/strong><\/p>\n<p>Aldrei \u00f3stelandi<br \/>\nfyrir Ofsa<br \/>\n\u00ed svi\u00f0setningu Aldrei \u00f3stelandi og \u00dej\u00f3\u00f0leikh\u00fassins<\/p>\n<p>Frystiklefinn \u00e1 Rifi \u2013 K\u00e1ri Vi\u00f0arsson og Hallgr\u00edmur Helgason<br \/>\nfyrir Mar<br \/>\n\u00ed svi\u00f0setningu Frystiklefans \u00e1 Rifi<\/p>\n<p>Kri\u00f0pleir<br \/>\nfyrir S\u00ed\u00f0b\u00fana ranns\u00f3kn: enduruppt\u00f6ku \u00e1 m\u00e1li J\u00f3ns Hreggvi\u00f0ssonar<br \/>\neftir Bjarna J\u00f3nsson<br \/>\n\u00ed svi\u00f0setningu Kri\u00f0pleirs<\/p>\n<p>Krist\u00edn Eir\u00edksd\u00f3ttir og Sokkabandi\u00f0<br \/>\nfyrir Hystory<br \/>\n\u00ed svi\u00f0setningu Sokkabandsins og Borgarleikh\u00fassins<\/p>\n<p>Sigr\u00ed\u00f0ur Soff\u00eda N\u00edelsd\u00f3ttir<br \/>\nfyrir Svartar fja\u00f0rir<br \/>\n\u00ed svi\u00f0setningu N\u00edelsd\u00e6tra og \u00dej\u00f3\u00f0leikh\u00fassins<\/p>\n<p>T\u00edu fingur<br \/>\nfyrir L\u00edfi\u00f0 \u2013 st\u00f3rskemmtilegt drullumall<br \/>\neftir Helgu Arnalds, Charlotte B\u00f6ving, S\u00f3lveigu Gu\u00f0mundsd\u00f3ttur og Svein \u00d3laf Gunnarsson<br \/>\n\u00ed svi\u00f0setningu leikh\u00fassins T\u00edu fingur<\/p>","protected":false},"excerpt":{"rendered":"<p>Tilnefningar til Gr\u00edmunnar 2015 voru kunngj\u00f6r\u00f0ar vi\u00f0 h\u00e1t\u00ed\u00f0lega ath\u00f6fn \u00ed Borgarleikh\u00fasinu \u00ed dag \u00feann 3. j\u00fan\u00ed. Allt \u00ed allt voru tilnefningarnar 89 talsins \u00ed 18 flokkum. S\u00fdning \u00e1rsins Billy Elliott eftir Lee Hall og Elton John \u00ed svi\u00f0setningu Borgarleikh\u00fassins og Baltasars Korm\u00e1ks Black Marrow eftir Ernu \u00d3marsd\u00f3ttur og Damien Jalet \u00ed svi\u00f0setningu \u00cdslenska dansflokksins Don [&hellip;]<\/p>\n","protected":false},"author":3,"featured_media":6350,"comment_status":"closed","ping_status":"open","sticky":false,"template":"","format":"standard","meta":{"_et_pb_use_builder":"","_et_pb_old_content":"","_et_gb_content_width":"","footnotes":""},"categories":[187,213],"tags":[],"class_list":["post-6349","post","type-post","status-publish","format-standard","has-post-thumbnail","hentry","category-allar-frir","category-vikupostur","et-has-post-format-content","et_post_format-et-post-format-standard"],"_links":{"self":[{"href":"https:\/\/leiklist.is\/en\/wp-json\/wp\/v2\/posts\/6349","targetHints":{"allow":["GET"]}}],"collection":[{"href":"https:\/\/leiklist.is\/en\/wp-json\/wp\/v2\/posts"}],"about":[{"href":"https:\/\/leiklist.is\/en\/wp-json\/wp\/v2\/types\/post"}],"author":[{"embeddable":true,"href":"https:\/\/leiklist.is\/en\/wp-json\/wp\/v2\/users\/3"}],"replies":[{"embeddable":true,"href":"https:\/\/leiklist.is\/en\/wp-json\/wp\/v2\/comments?post=6349"}],"version-history":[{"count":0,"href":"https:\/\/leiklist.is\/en\/wp-json\/wp\/v2\/posts\/6349\/revisions"}],"wp:featuredmedia":[{"embeddable":true,"href":"https:\/\/leiklist.is\/en\/wp-json\/"}],"wp:attachment":[{"href":"https:\/\/leiklist.is\/en\/wp-json\/wp\/v2\/media?parent=6349"}],"wp:term":[{"taxonomy":"category","embeddable":true,"href":"https:\/\/leiklist.is\/en\/wp-json\/wp\/v2\/categories?post=6349"},{"taxonomy":"post_tag","embeddable":true,"href":"https:\/\/leiklist.is\/en\/wp-json\/wp\/v2\/tags?post=6349"}],"curies":[{"name":"wp","href":"https:\/\/api.w.org\/{rel}","templated":true}]}}