{"id":6330,"date":"2015-05-29T12:31:46","date_gmt":"2015-05-29T12:31:46","guid":{"rendered":"http:\/\/leiklist.is\/?p=6330"},"modified":"2020-03-02T10:03:32","modified_gmt":"2020-03-02T10:03:32","slug":"vorverkin-hja-leikfelaginu-synum","status":"publish","type":"post","link":"https:\/\/leiklist.is\/en\/vorverkin-hja-leikfelaginu-synum\/","title":{"rendered":"Vorverkin hj\u00e1 Leikf\u00e9laginu S\u00fdnum"},"content":{"rendered":"<p class=\"p1\">Leikf\u00e9lagi\u00f0 S\u00fdnir s\u00fdnir fj\u00f6gur n\u00fd stuttverk vi\u00f0 leiksk\u00f3lann Steinahl\u00ed\u00f0 (vi\u00f0 austari enda Su\u00f0urlandsbrautar) laugardaginn 30. ma\u00ed kl. 17.00. S\u00fdningin \u00fatileiks\u00fdning og hefur hloti\u00f0 samnefni\u00f0 Vorverkin en verkin sem s\u00fdnd ver\u00f0a eru:<\/p>\n<p class=\"p1\">\u00c1t-tak eftir \u00d3laf \u00de\u00f3r\u00f0arson \u00ed leikstj\u00f3rn \u00c1rmanns Gu\u00f0mundssonar<\/p>\n<p class=\"p1\">Bl\u00e1ska\u00f0i eftir<span class=\"Apple-converted-space\">\u00a0 <\/span>\u00c1rmann Gu\u00f0mundsson \u00ed leikstj\u00f3rn h\u00f6fundar<\/p>\n<p class=\"p1\">Fer\u00f0amannastraumur eftir A\u00f0alstein J\u00f3hannsson \u00ed leikstj\u00f3rn \u00c1stu El\u00ednard\u00f3ttur<\/p>\n<p class=\"p1\">A\u00f0 undirb\u00faa jar\u00f0veginn eftir \u00c1stu El\u00ednard\u00f3ttur \u00ed leikstj\u00f3rn h\u00f6fundar<\/p>\n<p class=\"p1\">S\u00fdning tekur um 40 m\u00edn\u00fatur \u00ed flutningi og a\u00f0gangur er \u00f3keypis. A\u00f0eins ver\u00f0ur \u00feessi eina s\u00fdning.<\/p>","protected":false},"excerpt":{"rendered":"<p>Leikf\u00e9lagi\u00f0 S\u00fdnir s\u00fdnir fj\u00f6gur n\u00fd stuttverk vi\u00f0 leiksk\u00f3lann Steinahl\u00ed\u00f0 (vi\u00f0 austari enda Su\u00f0urlandsbrautar) laugardaginn 30. ma\u00ed kl. 17.00. S\u00fdningin \u00fatileiks\u00fdning og hefur hloti\u00f0 samnefni\u00f0 Vorverkin en verkin sem s\u00fdnd ver\u00f0a eru: \u00c1t-tak eftir \u00d3laf \u00de\u00f3r\u00f0arson \u00ed leikstj\u00f3rn \u00c1rmanns Gu\u00f0mundssonar Bl\u00e1ska\u00f0i eftir\u00a0 \u00c1rmann Gu\u00f0mundsson \u00ed leikstj\u00f3rn h\u00f6fundar Fer\u00f0amannastraumur eftir A\u00f0alstein J\u00f3hannsson \u00ed leikstj\u00f3rn \u00c1stu El\u00ednard\u00f3ttur A\u00f0 [&hellip;]<\/p>\n","protected":false},"author":3,"featured_media":6331,"comment_status":"closed","ping_status":"open","sticky":false,"template":"","format":"standard","meta":{"_et_pb_use_builder":"","_et_pb_old_content":"","_et_gb_content_width":"","footnotes":""},"categories":[187,213],"tags":[],"class_list":["post-6330","post","type-post","status-publish","format-standard","has-post-thumbnail","hentry","category-allar-frir","category-vikupostur","et-has-post-format-content","et_post_format-et-post-format-standard"],"_links":{"self":[{"href":"https:\/\/leiklist.is\/en\/wp-json\/wp\/v2\/posts\/6330","targetHints":{"allow":["GET"]}}],"collection":[{"href":"https:\/\/leiklist.is\/en\/wp-json\/wp\/v2\/posts"}],"about":[{"href":"https:\/\/leiklist.is\/en\/wp-json\/wp\/v2\/types\/post"}],"author":[{"embeddable":true,"href":"https:\/\/leiklist.is\/en\/wp-json\/wp\/v2\/users\/3"}],"replies":[{"embeddable":true,"href":"https:\/\/leiklist.is\/en\/wp-json\/wp\/v2\/comments?post=6330"}],"version-history":[{"count":0,"href":"https:\/\/leiklist.is\/en\/wp-json\/wp\/v2\/posts\/6330\/revisions"}],"wp:featuredmedia":[{"embeddable":true,"href":"https:\/\/leiklist.is\/en\/wp-json\/"}],"wp:attachment":[{"href":"https:\/\/leiklist.is\/en\/wp-json\/wp\/v2\/media?parent=6330"}],"wp:term":[{"taxonomy":"category","embeddable":true,"href":"https:\/\/leiklist.is\/en\/wp-json\/wp\/v2\/categories?post=6330"},{"taxonomy":"post_tag","embeddable":true,"href":"https:\/\/leiklist.is\/en\/wp-json\/wp\/v2\/tags?post=6330"}],"curies":[{"name":"wp","href":"https:\/\/api.w.org\/{rel}","templated":true}]}}