{"id":6298,"date":"2015-05-20T12:04:40","date_gmt":"2015-05-20T12:04:40","guid":{"rendered":"http:\/\/leiklist.is\/?p=6298"},"modified":"2015-05-20T12:04:40","modified_gmt":"2015-05-20T12:04:40","slug":"moguleikhusid-frumsynir-havamal","status":"publish","type":"post","link":"https:\/\/leiklist.is\/en\/moguleikhusid-frumsynir-havamal\/","title":{"rendered":"M\u00f6guleikh\u00fasi\u00f0 frums\u00fdnir H\u00e1vam\u00e1l"},"content":{"rendered":"<p class=\"p1\"><a href=\"https:\/\/leiklist.is\/wp-content\/uploads\/2015\/05\/H\u00e1vam\u00e1l2.jpg\"><img loading=\"lazy\" decoding=\"async\" class=\"alignright size-medium wp-image-6300\" src=\"https:\/\/leiklist.is\/wp-content\/uploads\/2015\/05\/H\u00e1vam\u00e1l2-300x186.jpg\" alt=\"H\u00e1vam\u00e1l2\" width=\"300\" height=\"186\" \/><\/a>\u00c1 t\u00edu \u00e1ra afm\u00e6li M\u00f6guleikh\u00fassins \u00e1ri\u00f0 2000, var leikverki\u00f0 V\u00f6lusp\u00e1 eftir \u00de\u00f3rarin Eldj\u00e1rn frums\u00fdnt \u00ed Tjarnarb\u00ed\u00f3i \u00e1 Listah\u00e1t\u00ed\u00f0 \u00ed Reykjav\u00edk. S\u00fdningin hlaut g\u00f3\u00f0ar vi\u00f0t\u00f6kur, vann til Gr\u00edmuver\u00f0launa og var s\u00fdnd \u00e1 leiklistarh\u00e1t\u00ed\u00f0um vi\u00f0a um l\u00f6nd.<\/p>\n<p class=\"p1\">N\u00fa fagnar M\u00f6guleikh\u00fasi\u00f0 25 \u00e1ra afm\u00e6li me\u00f0 uppsetningu \u00e1 leikverkinu <b>H\u00e1vam\u00e1l<\/b> eftir \u00de\u00f3rarin Eldj\u00e1rn og leikh\u00f3pinn. Leikstj\u00f3ri er Daninn Torkild Lindebjerg, en hann leikst\u00fdr\u00f0i s\u00fdningunni Tveir menn og kassi hj\u00e1 M\u00f6guleikh\u00fasinu, sem tilnefnd var til Gr\u00edmuver\u00f0launa 2004. S\u00fdningin er unnin \u00ed samvinnu vi\u00f0 Teater Martin Mutter \u00ed Sv\u00ed\u00fej\u00f3\u00f0, en \u00fea\u00f0an kemur b\u00faningah\u00f6nnu\u00f0ur verksins.<\/p>\n<p class=\"p1\">\u00cd verkinu kallast hin forna speki H\u00e1vam\u00e1la \u00e1 vi\u00f0 \u00fdmis atri\u00f0i sem \u00feekkt eru \u00ed daglegu l\u00edfi samt\u00edmans og gl\u00edmunni vi\u00f0 veruleika hversdagsins.<\/p>\n<p class=\"p1\">Unglingsst\u00falka og m\u00f3\u00f0ir hennar hafa villst \u00e1 fj\u00f6llum. \u00de\u00e6r koma a\u00f0 s\u00e9rkennilegu tr\u00e9 \u00fear sem \u00feeim birtist dularfullur ma\u00f0ur er kemur undarlega fyrir. Er hann kominn til a\u00f0 hj\u00e1lpa, e\u00f0a a\u00f0eins til a\u00f0 rugla \u00fe\u00e6r \u00ed r\u00edminu? Er \u00feetta ge\u00f0sj\u00faklingur, helgur ma\u00f0ur, tr\u00f6ll e\u00f0a jafnvel hinn forni gu\u00f0 \u00d3\u00f0inn? Hann skiptir s\u00edfellt um hlutverk,\u00a0 talar \u00f6\u00f0rum \u00fer\u00e6\u00f0i \u00ed bundnu m\u00e1li og misskiljanlegum heilr\u00e6\u00f0um, en \u00e1\u00f0ur en yfir l\u00fdkur \u00feurfa m\u00e6\u00f0gurnar a\u00f0 horfast \u00ed augu vi\u00f0 sj\u00e1lfar sig og samskiptin s\u00edn \u00e1 milli.<\/p>\n<p class=\"p1\">A\u00f0eins ver\u00f0a \u00ferj\u00e1r s\u00fdningar \u00e1 H\u00e1vam\u00e1lum \u00ed Tjarnarb\u00ed\u00f3i, en \u00e1 komandi vetri ver\u00f0ur verki\u00f0 bo\u00f0i\u00f0 til s\u00fdninga \u00ed framhaldssk\u00f3lum og unglingadeildum grunnsk\u00f3la.<\/p>\n<p class=\"p1\">H\u00f6fundur: \u00de\u00f3rarinn Eldj\u00e1rn og leikh\u00f3purinn<\/p>\n<p class=\"p1\">Leikstj\u00f3ri: Torkild Lindebjerg<\/p>\n<p class=\"p1\">Leikmynd: R\u00f3sa Sigr\u00fan J\u00f3nsd\u00f3ttir<\/p>\n<p class=\"p1\">B\u00faningar: Catherine Giacomini<\/p>\n<p class=\"p4\"><span class=\"s1\">T\u00f3nlist: <\/span>Gu\u00f0ni Franzson<\/p>\n<p class=\"p1\"><span class=\"s2\">S\u00f6ngur: Stef\u00e1n Franz Gu\u00f0nason, Megas<br \/>\nL\u00fdsing: \u00d3lafur P\u00e9tur Georgsson<br \/>\nLeikarar: P\u00e9tur Eggerz, Alda Arnard\u00f3ttir og Anna Bryn<\/span>ja Baldursd\u00f3ttir<\/p>\n<p>Verki\u00f0 \u00e1 heimas\u00ed\u00f0u Tjarnarb\u00ed\u00f3s:\u00a0<a href=\"http:\/\/tjarnarbio.is\/?id=990\"><span class=\"s3\">http:\/\/tjarnarbio.is\/?id=990<\/span><\/a><br \/>\nVerki\u00f0 \u00e1 <a href=\"http:\/\/xn--mia-4ma.is\/\"><span class=\"s3\">Mi\u00f0a.is<\/span><\/a>:\u00a0<a href=\"http:\/\/midi.is\/leikhus\/1\/8886\/Havamal\"><span class=\"s3\">http:\/\/midi.is\/leikhus\/1\/8886\/Havamal<\/span><\/a><\/p>","protected":false},"excerpt":{"rendered":"<p>\u00c1 t\u00edu \u00e1ra afm\u00e6li M\u00f6guleikh\u00fassins \u00e1ri\u00f0 2000, var leikverki\u00f0 V\u00f6lusp\u00e1 eftir \u00de\u00f3rarin Eldj\u00e1rn frums\u00fdnt \u00ed Tjarnarb\u00ed\u00f3i \u00e1 Listah\u00e1t\u00ed\u00f0 \u00ed Reykjav\u00edk. S\u00fdningin hlaut g\u00f3\u00f0ar vi\u00f0t\u00f6kur, vann til Gr\u00edmuver\u00f0launa og var s\u00fdnd \u00e1 leiklistarh\u00e1t\u00ed\u00f0um vi\u00f0a um l\u00f6nd. N\u00fa fagnar M\u00f6guleikh\u00fasi\u00f0 25 \u00e1ra afm\u00e6li me\u00f0 uppsetningu \u00e1 leikverkinu H\u00e1vam\u00e1l eftir \u00de\u00f3rarin Eldj\u00e1rn og leikh\u00f3pinn. Leikstj\u00f3ri er Daninn Torkild [&hellip;]<\/p>\n","protected":false},"author":3,"featured_media":6299,"comment_status":"closed","ping_status":"open","sticky":false,"template":"","format":"standard","meta":{"_et_pb_use_builder":"","_et_pb_old_content":"","_et_gb_content_width":"","footnotes":""},"categories":[187,213],"tags":[],"class_list":["post-6298","post","type-post","status-publish","format-standard","has-post-thumbnail","hentry","category-allar-frir","category-vikupostur","et-has-post-format-content","et_post_format-et-post-format-standard"],"_links":{"self":[{"href":"https:\/\/leiklist.is\/en\/wp-json\/wp\/v2\/posts\/6298","targetHints":{"allow":["GET"]}}],"collection":[{"href":"https:\/\/leiklist.is\/en\/wp-json\/wp\/v2\/posts"}],"about":[{"href":"https:\/\/leiklist.is\/en\/wp-json\/wp\/v2\/types\/post"}],"author":[{"embeddable":true,"href":"https:\/\/leiklist.is\/en\/wp-json\/wp\/v2\/users\/3"}],"replies":[{"embeddable":true,"href":"https:\/\/leiklist.is\/en\/wp-json\/wp\/v2\/comments?post=6298"}],"version-history":[{"count":0,"href":"https:\/\/leiklist.is\/en\/wp-json\/wp\/v2\/posts\/6298\/revisions"}],"wp:featuredmedia":[{"embeddable":true,"href":"https:\/\/leiklist.is\/en\/wp-json\/"}],"wp:attachment":[{"href":"https:\/\/leiklist.is\/en\/wp-json\/wp\/v2\/media?parent=6298"}],"wp:term":[{"taxonomy":"category","embeddable":true,"href":"https:\/\/leiklist.is\/en\/wp-json\/wp\/v2\/categories?post=6298"},{"taxonomy":"post_tag","embeddable":true,"href":"https:\/\/leiklist.is\/en\/wp-json\/wp\/v2\/tags?post=6298"}],"curies":[{"name":"wp","href":"https:\/\/api.w.org\/{rel}","templated":true}]}}