{"id":6200,"date":"2015-05-12T10:16:18","date_gmt":"2015-05-12T10:16:18","guid":{"rendered":"http:\/\/leiklist.is\/?p=6200"},"modified":"2020-03-08T14:45:20","modified_gmt":"2020-03-08T14:45:20","slug":"fundargerd-adalfundar-2-mai-2015","status":"publish","type":"post","link":"https:\/\/leiklist.is\/en\/fundargerd-adalfundar-2-mai-2015\/","title":{"rendered":"Fundarger\u00f0 a\u00f0alfundar 2. ma\u00ed 2015 \u00ed H\u00f6rg\u00e1rdal"},"content":{"rendered":"<p class=\"p1\"><b>Fundarger\u00f0 a\u00f0alfundar Bandalags \u00edslenskra leikf\u00e9laga<\/b><\/p>\n<p class=\"p1\"><b>haldinn a\u00f0 Melum \u00ed H\u00f6rg\u00e1rdal 2. ma\u00ed 2015<\/b><\/p>\n<p class=\"p3\"><b>1. Fundarsetning. Kosning 2ja fundarstj\u00f3ra og 2ja fundarritara, sem taka \u00feegar til starfa. L\u00f6gm\u00e6ti fundarins kanna\u00f0.<\/b><\/p>\n<p class=\"p3\">Gu\u00f0finna Gunnarsd\u00f3ttir, varforma\u00f0ur Bandalagsins, setti fundinn og stakk upp \u00e1 A\u00f0alsteini H. Hreinssyni og Stefan\u00edu E. Hallbj\u00f6rnsd\u00f3ttur fr\u00e1 Leikf\u00e9lagi H\u00f6rgd\u00e6la sem fundarstj\u00f3rum og \u00c1rmanni Gu\u00f0mundssyni, Leikf\u00e9laginu S\u00fdnir og Magn\u00fe\u00f3ru Kristj\u00e1nsd\u00f3ttur, Leikf\u00e9lagi \u00d6lfuss sem fundarriturum.<\/p>\n<p class=\"p3\">Sam\u00feykkt.<\/p>\n<p class=\"p3\"><b> 2. Kj\u00f6rnefnd afgrei\u00f0ir kj\u00f6rbr\u00e9f og afhendir atkv\u00e6\u00f0aspj\u00f6ld, sk\u00fdrir st\u00f6\u00f0u m\u00e1la var\u00f0andi stj\u00f3rnarkj\u00f6r og augl\u00fdsir eftir till\u00f6gum. <\/b><\/p>\n<p class=\"p3\">Kj\u00f6rnefnd afgreiddi kj\u00f6rbr\u00e9f og afhenti atkv\u00e6\u00f0aspj\u00f6ld. 19 f\u00e9l\u00f6g eiga atkv\u00e6\u00f0i \u00e1 fundinum. \u00dev\u00ed n\u00e6st kynntu fundargestir sig.<\/p>\n<p class=\"p3\">D\u00fdrleif J\u00f3nsd\u00f3ttir, kj\u00f6rnefndarfulltr\u00fai, sag\u00f0i fr\u00e1 stj\u00f3rnarkj\u00f6ri og \u00f3ska\u00f0i eftir frambo\u00f0um.<\/p>\n<p class=\"p3\"><b> 3. Menningarstefna Bandalagsins lesin og r\u00e6dd.<\/b><\/p>\n<p class=\"p3\">Embla Gu\u00f0mundsd\u00f3ttir, las Menningarstefnu Bandalagsins. Engar umr\u00e6\u00f0ur.<\/p>\n<p class=\"p3\"><b> 4. Sta\u00f0fest inntaka n\u00fdrra f\u00e9laga, f\u00e9l\u00f6g tekin af f\u00e9lagaskr\u00e1.<\/b><\/p>\n<p class=\"p3\">\u00der\u00e1inn Sigvaldason kynnti. Leikf\u00e9lagi\u00f0 Baldur s\u00f3tti um inng\u00f6ngu \u00ed Bandalagi\u00f0 og Leikf\u00e9lag Patreksfjar\u00f0ar sag\u00f0i sig \u00far \u00fev\u00ed.<\/p>\n<p class=\"p3\"><b> 5. Fundarger\u00f0 s\u00ed\u00f0asta a\u00f0alfundar afgreidd.<\/b><\/p>\n<p class=\"p3\">Fundarger\u00f0 s\u00ed\u00f0asta a\u00f0alfundar borin upp og sam\u00feykkt einr\u00f3ma.<\/p>\n<p class=\"p3\"><b> 6. Sk\u00fdrsla stj\u00f3rnar.<\/b><\/p>\n<p class=\"p3\">Sk\u00fdrslu stj\u00f3rnar flutti Gu\u00f0finna Gunnarsd\u00f3ttir \u00ed fjarveru \u00deorgeirs Tryggvasonar formanns.<\/p>\n<p class=\"p1\"><b>Sk\u00fdrsla stj\u00f3rnar \u00e1 a\u00f0alfundi <\/b><\/p>\n<p class=\"p1\"><b>Bandalags \u00edslenskra leikf\u00e9laga <\/b><\/p>\n<p class=\"p1\"><b>Melum \u00ed H\u00f6rg\u00e1rdal 2 \u2013 3. ma\u00ed 2015<\/b><\/p>\n<p class=\"p3\"><b>I \u2013 Stj\u00f3rn<\/b><\/p>\n<p class=\"p3\">\u00c1 starfs\u00e1rinu skipu\u00f0u stj\u00f3rn \u00feau:<\/p>\n<p class=\"p3\">\u00deorgeir Tryggvason, Reykjav\u00edk, forma\u00f0ur<\/p>\n<p class=\"p3\">Gu\u00f0finna Gunnarsd\u00f3ttir, Selfossi, varaforma\u00f0ur<\/p>\n<p class=\"p3\">\u00d3l\u00f6f \u00de\u00f3r\u00f0ard\u00f3ttir, Mosfellsb\u00e6, ritari<\/p>\n<p class=\"p3\">Bernhar\u00f0 Arnarson, H\u00f6rg\u00e1rdal, me\u00f0stj\u00f3rnandi<\/p>\n<p class=\"p3\">og \u00der\u00e1inn Sigvaldason, Borgarfir\u00f0i eystri, me\u00f0stj\u00f3rnandi<\/p>\n<p class=\"p3\">\u00cd varastj\u00f3rn s\u00e1tu Embla Gu\u00f0mundsd\u00f3ttir Umf. Reykd\u00e6la, G\u00edsli Bj\u00f6rn Heimisson, Leikf\u00e9lagi Hafnarfjar\u00f0ar, Salbj\u00f6rg Engilbertsd\u00f3ttir, Leikf\u00e9lagi H\u00f3lmav\u00edkur, Ylfa Mist Helgad\u00f3ttir, Leikf\u00e9lagi Bolungarv\u00edkur, og \u00der\u00fa\u00f0ur Sigur\u00f0ard\u00f3ttir, Leikf\u00e9lagi \u00d6lfuss.<\/p>\n<p class=\"p3\">Framkv\u00e6mdastj\u00f3ri og allt \u00ed \u00f6llu \u00ed \u00dej\u00f3nustumi\u00f0st\u00f6\u00f0inni er sem fyrr Vilborg \u00c1. Valgar\u00f0sd\u00f3ttir.<\/p>\n<p class=\"p3\">Stj\u00f3rn h\u00e9lt fj\u00f3ra fundi \u00e1 starfs\u00e1rinu. Einn \u00ed Vestmannaeyjum a\u00f0 afloknum a\u00f0alfundi en hina \u00ferj\u00e1 \u00ed \u00dej\u00f3nustumi\u00f0st\u00f6\u00f0inni \u00ed Reykjav\u00edk. Fjarfundab\u00fana\u00f0ur var n\u00fdttur til a\u00f0 koma \u00der\u00e1ni \u00ed samband vi\u00f0 fundi \u00ed tv\u00f6 skipti og gafst vel.<\/p>\n<p class=\"p3\">Stj\u00f3rnarm\u00f6nnum og starfsf\u00f3lki er \u00feakka\u00f0 fyrir g\u00f3\u00f0a og vinnusama fundi \u00e1 starfs\u00e1rinu.<\/p>\n<p class=\"p3\"><b>II \u2013 Starfsemi f\u00e9laganna<\/b><\/p>\n<p class=\"p3\">38 a\u00f0ildarf\u00e9l\u00f6g Bandalagsins sendu inn styrkums\u00f3knir fyrir alls 110 leiks\u00fdningar og leik\u00fe\u00e6tti, 20 n\u00e1mskei\u00f0 og 30 sk\u00f3lanemendur fyrir leik\u00e1ri\u00f0 2013\u201314. Fullur styrkur reyndist vera 256.301 kr\u00f3nur. \u00c1rsriti\u00f0 okkar inniheldur s\u00ed\u00f0an allar frekari uppl\u00fdsingar um starfsemina. Ekki liggja fyrir t\u00f6lur um umfang starfsins \u00e1 \u00feessu leik\u00e1ri en engin \u00e1st\u00e6\u00f0a til a\u00f0 \u00e6tla anna\u00f0 en \u00fea\u00f0 s\u00e9 svipa\u00f0 og veri\u00f0 hefur. F\u00e9l\u00f6gin \u00ed Bandalaginu eru n\u00fa 57 talsins.<\/p>\n<p class=\"p3\"><b>III \u2013 Starfs\u00e1\u00e6tlun<\/b><\/p>\n<p class=\"p3\">\u00c1 s\u00ed\u00f0asta a\u00f0alfundi var a\u00f0 venju sam\u00feykkt starfs\u00e1\u00e6tlun og ver\u00f0ur n\u00fa fari\u00f0 yfir hana og sagt fr\u00e1 hva\u00f0 gert var til a\u00f0 efna einstaka li\u00f0i hennar.<\/p>\n<p class=\"p3\"><i>Rekstur \u00fej\u00f3nustumi\u00f0st\u00f6\u00f0var, Leiklistarsk\u00f3la, Leiklistarvefsins og annarra fastra li\u00f0a \u00ed starfseminni.<\/i><\/p>\n<p class=\"p3\">Eftir umbrotat\u00edma \u00ed rekstrar- og fj\u00e1rm\u00e1lum mi\u00f0sv\u00f6\u00f0varinnar vir\u00f0ist n\u00fa loksins vera komi\u00f0 \u00e1 jafnv\u00e6gi, eins og reikningar sem framkv\u00e6mdastj\u00f3ri sk\u00fdrir s\u00ed\u00f0ar \u00e1 fundinum mun lei\u00f0a betur \u00ed lj\u00f3s.<\/p>\n<p class=\"p3\">Um sk\u00f3lann og vefinn munu fulltr\u00faar vi\u00f0komandi nefnda fjalla \u00ed s\u00ednum sk\u00fdrslum.<\/p>\n<p class=\"p3\"><i>Leita eftir h\u00e6kku\u00f0um framl\u00f6gum \u00far opinberum sj\u00f3\u00f0um og fr\u00e1 einkaa\u00f0ilum til starfsemi \u00e1hugaleikf\u00e9laganna og sameiginlegra verkefna.<\/i><\/p>\n<p class=\"p3\">Framlag til starfsemi \u00e1hugaleikf\u00e9laganna er n\u00fa 16.2 milj. kr. Til \u00fej\u00f3nustumi\u00f0st\u00f6\u00f0varinnar er framlagi\u00f0 5 milj. kr. \u00e1 \u00e1ri samkv\u00e6mt samningi sem gildir til loka \u00e1rsins 2015.<\/p>\n<p class=\"p3\">Samning okkar vi\u00f0 mennta- og menningarm\u00e1lar\u00e1\u00f0uneyti\u00f0 \u00fearf a\u00f0 endurn\u00fdja \u00e1 n\u00e6stu m\u00e1nu\u00f0um og h\u00f6fum vi\u00f0 \u00f3ska\u00f0 eftir a\u00f0 funda me\u00f0 r\u00e1\u00f0uneytisf\u00f3lki vi\u00f0 fyrsta t\u00e6kif\u00e6ri. Lj\u00f3st er a\u00f0 vi\u00f0 munum leita eftir h\u00e6kku\u00f0um framl\u00f6gum til a\u00f0 koma starfseminni \u00e1 \u00feann kj\u00f6l sem hann \u00fearf a\u00f0 vera til framt\u00ed\u00f0ar. \u00c1 s\u00ed\u00f0asta stj\u00f3rnarfundi var \u00e1kve\u00f0i\u00f0 a\u00f0 fara fram \u00e1 a\u00f0 styrkur til starfsemi Bandalagsins ver\u00f0i samb\u00e6rilegur og hann var fyrir hrun e\u00f0a 8,5 milj.<\/p>\n<p class=\"p3\">Um bar\u00e1ttu fyrir h\u00e6kkun styrks til starfsemi leikf\u00e9laganna er \u00fea\u00f0 a\u00f0 segja a\u00f0 r\u00edflega \u00e1rsgamalli bei\u00f0ni okkar um fund me\u00f0 r\u00e1\u00f0herra hefur ekki veri\u00f0 svara\u00f0.<\/p>\n<p class=\"p3\">S\u00e9rverkefni \u00e1rsins<\/p>\n<p class=\"p3\"><i>Skipuleggja stuttverkah\u00e1t\u00ed\u00f0 NEATA \u00e1 \u00cdslandi 4. okt\u00f3ber 2014.<\/i><\/p>\n<p class=\"p3\">\u00dea\u00f0 var komi\u00f0 \u00edskyggilega n\u00e6rri h\u00e1t\u00ed\u00f0inni \u00feegar skipulagsnefndin f\u00f3r \u00ed vettvangsfer\u00f0 \u00ed Hl\u00e9gar\u00f0 \u00fear sem til st\u00f3\u00f0 a\u00f0 halda h\u00e1t\u00ed\u00f0ina. Strax var\u00f0 lj\u00f3st a\u00f0 \u00fea\u00f0 myndi kosta \u00f3f\u00e1 handt\u00f6k a\u00f0 gera s\u00fdningara\u00f0st\u00f6\u00f0una noth\u00e6fa fyrir h\u00e1t\u00ed\u00f0 af \u00feessu tagi. \u00c1kve\u00f0i\u00f0 var \u00e1 sta\u00f0num a\u00f0 kanna a\u00f0ra m\u00f6guleika og stuttu s\u00ed\u00f0ar l\u00e1 fyrir a\u00f0 Leikf\u00e9lag K\u00f3pavogs g\u00e6ti h\u00fdst h\u00e1t\u00ed\u00f0ina \u00ed Leikh\u00fasinu s\u00ednu. Leikf\u00e9lag Mosfellssveitar t\u00f3k eftir sem \u00e1\u00f0ur a\u00f0 s\u00e9r a\u00f0 sj\u00e1 um h\u00e1t\u00ed\u00f0arkv\u00f6ldver\u00f0 sem \u00feau ger\u00f0u me\u00f0 miklum brav\u00f6r.<\/p>\n<p class=\"p3\">\u00dea\u00f0 reyndist miki\u00f0 heillaspor a\u00f0 f\u00e1 inni hj\u00e1 LK. \u00dear r\u00e1\u00f0a r\u00edkjum miklir skipulags- og t\u00e6knimeistarar og t\u00f3ku \u00feeir til \u00f3spilltra m\u00e1lanna a\u00f0 undirb\u00faa, kalla eftir uppl\u00fdsingum og gera kerin kl\u00e1r. Enda var \u00fatkoman hreint afbrag\u00f0. Fullur salur, en engum \u00feurfti a\u00f0 v\u00edsa fr\u00e1, snur\u00f0ulaust fl\u00e6\u00f0i \u00e1 \u00f6llu og d\u00fdr\u00f0legur kynnir \u00far r\u00f6\u00f0um K\u00f3pavogsmanna, tr\u00fa\u00f0urinn Sess\u00fd sem f\u00f3r \u00e1 kostum.<\/p>\n<p class=\"p3\">S\u00fdningarnar ur\u00f0u \u00e1 endanum 15, 3 fr\u00e1 F\u00e6reyjum og 12 fr\u00e1 7 \u00edslenskum leikf\u00e9l\u00f6gum. Allar afbrag\u00f0, um \u00fea\u00f0 voru \u00e1horfendur og gagr\u00fdnendur samm\u00e1la. Sem og tveir gestir h\u00e1t\u00ed\u00f0arinnar fr\u00e1 systursamt\u00f6kum Bandalagsins \u00ed Danm\u00f6rku, sem f\u00f3ru heim fullir eldm\u00f3\u00f0s og \u00e1forma um a\u00f0 hefja stuttverkav\u00e6\u00f0ingu vorrar g\u00f6mlu herra\u00fej\u00f3\u00f0ar hi\u00f0 snarasta.<\/p>\n<p class=\"p3\">Bandalag \u00edslenskra leikf\u00e9laga f\u00e6rir Leikf\u00e9lagi Mosfellssveitar og Leikf\u00e9lagi K\u00f3pavogs s\u00e9stakar \u00feakkir fyrir fr\u00e1b\u00e6ra og \u00f3eigingjarna vinnu og framlag vi\u00f0 \u00feessa fr\u00e1b\u00e6ru h\u00e1t\u00ed\u00f0.<\/p>\n<p class=\"p3\"><b>IV \u2013 \u00d6nnur m\u00e1l<\/b><\/p>\n<p class=\"p3\">Hugleikur var\u00f0 hlutskarpastur \u00ed samkeppni \u00dej\u00f3\u00f0leikh\u00fassins um Athyglisver\u00f0ustu \u00e1hugaleiks\u00fdningu s\u00ed\u00f0asta \u00e1rs og s\u00fdndi Stund milli str\u00ed\u00f0a eftir \u00de\u00f3runni Gu\u00f0mundsd\u00f3ttur \u00e1 st\u00f3ra svi\u00f0inu 7. j\u00fan\u00ed. \u00cd \u00e1r eru s\u00fdningarnar \u00e1tj\u00e1n sem vali\u00f0 ver\u00f0ur milli og mun fulltr\u00fai \u00dej\u00f3\u00f0leikh\u00fassins tilkynna um \u00fea\u00f0 undir bor\u00f0um h\u00e9r \u00ed kv\u00f6ld.<\/p>\n<p class=\"p3\">Af erlendum vettvangi m\u00e1 geta \u00feess a\u00f0 fulltr\u00faar okkar \u00e1 NEATA-h\u00e1t\u00ed\u00f0inni \u00ed Porvoo s\u00ed\u00f0asta sumar var Leikf\u00e9lagi\u00f0 S\u00fdnir sem bau\u00f0 upp \u00e1 hreint magna\u00f0a s\u00fdningu \u00e1 Sj\u00f6 sam\u00far\u00e6jum, me\u00f0 dyggri a\u00f0sto\u00f0 sk\u00f3gargu\u00f0a Finnlands sem sm\u00ed\u00f0u\u00f0u \u00f3tr\u00falega \u00fe\u00e9nuga leikmynd. Vilborg og \u00deorgeir s\u00f3ttu h\u00e1t\u00ed\u00f0ina \u00e1 eigin vegum og s\u00e1tu \u00e1rsfund NEATA. N\u00e6sti st\u00f3ri fundur er \u00ed sumar, \u00feegar IATA\/AITA al\u00fej\u00f3\u00f0ah\u00e1t\u00ed\u00f0in ver\u00f0ur haldin \u00ed Belg\u00edu. \u00dear mun \u00cdsland eiga fulltr\u00faa, en s\u00fdning Hugleiks, Hin einkar h\u00f6rmulega \u00f3pera um grimman dau\u00f0a P\u00edramusar og \u00deispu, var valin til s\u00fdningar. \u00de\u00e1tttakendur \u00ed s\u00fdningunni munu sitja \u00e1rsfund NEATA og a\u00f0alfund IATA\/AITA fyrir h\u00f6nd Bandalagsins, \u00e1 eigin kostna\u00f0 a\u00f0 venju.<\/p>\n<p class=\"p3\">A\u00f0 gefnu tilefni hafa m\u00e1l tengd h\u00f6fundar\u00e9tti komi\u00f0 til umr\u00e6\u00f0u hj\u00e1 stj\u00f3rn \u00ed tengslum vi\u00f0 \u00f3l\u00f6glegar uppsetningar \u00e1 verkum, \u00fe\u00f3 s\u00e9rstaklega s\u00f6ngleikjum. \u00d3l\u00f6glegar, segjum vi\u00f0 vegna \u00feess a\u00f0 engu leikf\u00e9lagi er heimilt a\u00f0 setja upp leikverk \u00e1n \u00feess a\u00f0 vera b\u00fai\u00f0 a\u00f0 tryggja s\u00e9r s\u00fdningarr\u00e9tt og grei\u00f0a fyrir h\u00f6funda- og \u00fe\u00fd\u00f0endalaun. Stj\u00f3rn hefur sent b\u00e6\u00f0i a\u00f0ildarf\u00e9l\u00f6gum og F\u00e9lagi leikstj\u00f3ra skilabo\u00f0, \u00fear sem \u00fea\u00f0 er \u00e1r\u00e9tta\u00f0 a\u00f0 styrkveitingar haldist \u00ed hendur vi\u00f0 s\u00fdningarr\u00e9tt. \u00dea\u00f0 er rangt og \u00e1byrg\u00f0arlaust af a\u00f0standendum leiks\u00fdninga a\u00f0 leggja af sta\u00f0 \u00ed uppsetningu \u00e1n \u00feess a\u00f0 b\u00fai\u00f0 s\u00e9 a\u00f0 tryggja og grei\u00f0a fyrir s\u00fdningarr\u00e9tt. Lj\u00f3st er a\u00f0 sl\u00edkir gj\u00f6rningar setja lj\u00f3tan blett \u00e1 gott og faglegt starf okkar f\u00e9laga sem vanda til verka. \u00deetta getur leitt til lei\u00f0inda togstreitu og Bandalagi\u00f0 bendla\u00f0 vi\u00f0 vond vinnubr\u00f6g\u00f0 f\u00e1rra. Vi\u00f0 ver\u00f0um \u00f6ll a\u00f0 standa v\u00f6r\u00f0 um r\u00e9tt h\u00f6funda og \u00fe\u00fd\u00f0enda.<\/p>\n<p class=\"p3\">Eins og gl\u00f6ggir fundarmenn hafa \u00e1tta\u00f0 sig \u00e1 er forma\u00f0ur Bandalagsins fjarri \u00feessu g\u00f3\u00f0a gamni. \u00deorgeir er staddur \u00ed Berl\u00edn og bi\u00f0ur fyrir g\u00f3\u00f0ar kve\u00f0jur, og \u00feessi lokaor\u00f0:<\/p>\n<p>\u201e\u00c9g hef n\u00fa seti\u00f0 sem forma\u00f0ur Bandalagsins \u00ed fj\u00f6gur kj\u00f6rt\u00edmabil og hef \u00e1kve\u00f0i\u00f0 a\u00f0 gefa ekki kost \u00e1 m\u00e9r til \u00e1framhaldandi setu. T\u00edmab\u00e6rt a\u00f0 breyta til, b\u00e6\u00f0i fyrir mig og hreyfinguna.<\/p>\n<p class=\"p3\">\u00deetta hafa veri\u00f0 erfi\u00f0 \u00e1r \u00ed s\u00f6gu Bandalagsins. Fj\u00e1rhagslegar \u00ferengingar, h\u00fasn\u00e6\u00f0issviptingar og gr\u00f3fur ni\u00f0urskur\u00f0ur \u00e1 opinberum stu\u00f0ningi hafa einkennt \u00feennan t\u00edma og \u00fea\u00f0 er annarra a\u00f0 d\u00e6ma um hversu vel okkur hefur gengi\u00f0 a\u00f0 spyrna vi\u00f0 f\u00e6ti og vinna \u00far \u00feeim afleitu spilum sem vi\u00f0 h\u00f6fum haft \u00e1 hendi, oftast n\u00e6r.<\/p>\n<p class=\"p3\">Mig langar a\u00f0 \u00feakka \u00fev\u00ed fr\u00e1b\u00e6ra f\u00f3lki sem barist hefur me\u00f0 m\u00e9r \u00ed stj\u00f3rn og varastj\u00f3rn fyrir fram\u00farskarandi samstarf. Einnig hinum \u00f6flugu fagnefndum og L\u00e9nsherranum s\u00e9rstaklega.<\/p>\n<p class=\"p3\">Og s\u00ed\u00f0ast en ekki s\u00edst starfsf\u00f3lki okkar. H\u00f6rmulegt var a\u00f0 missa \u00c1rmann \u00far li\u00f0inu og n\u00e1nast \u00f3hugsandi, nema fyrir \u00feann \u00f3tr\u00falega klett sem vi\u00f0 eigum \u00ed Vilborgu. Takk fyrir samstarfi\u00f0 m\u00edn k\u00e6ru.<\/p>\n<p class=\"p3\">\u00de\u00f3 illa \u00e1ri \u00ed peningum og umgj\u00f6r\u00f0 er leiklistin s\u00f6m vi\u00f0 sig. Ekkert hemur sk\u00f6punarkraft f\u00f3lksins, \u00feess sj\u00e1um vi\u00f0 endalaus d\u00e6mi um allt land, og h\u00f6fum alltaf s\u00e9\u00f0. Me\u00f0an svo er h\u00f6fum vi\u00f0 engar \u00e1hyggjur, nema r\u00e9tt svona til a\u00f0 br\u00fdna okkur til g\u00f3\u00f0ra verka og endurreisnar.<\/p>\n<p class=\"p3\">Leikum n\u00fana!\u201c<\/p>\n<p class=\"p3\"><i>\u00deorgeir Tryggvason og Gu\u00f0finna Gunnarsd\u00f3ttir<\/i><\/p>\n<p class=\"p3\"><b> 7. Framkv\u00e6mdastj\u00f3ri leggur fram endursko\u00f0a\u00f0a reikninga s\u00ed\u00f0asta \u00e1rs og sk\u00fdrir \u00fe\u00e1.<\/b><\/p>\n<p class=\"p3\">Vilborg Valgar\u00f0sd\u00f3ttir sk\u00fdr\u00f0i reikninga.<\/p>\n<p class=\"p3\">473.000 kr. tap var\u00f0 \u00e1 rekstrinum \u00e1ri\u00f0 2014. Reksturinn stendur enn \u00ed j\u00e1rnum \u00fe\u00f3tt skori\u00f0 hafi veri\u00f0 ni\u00f0ur \u00ed flestum li\u00f0um.<\/p>\n<p class=\"p3\"><b> 8. Umr\u00e6\u00f0ur um sk\u00fdrslu stj\u00f3rnar og afgrei\u00f0sla reikninga.<\/b><\/p>\n<p class=\"p3\">F. Elli Hafli\u00f0ason, Leikf\u00e9lagi Selfoss, spur\u00f0i hvernig gengi a\u00f0 r\u00e6\u00f0a vi\u00f0 stj\u00f3rnv\u00f6ld um h\u00e6kkun framlaga fr\u00e1 r\u00edkinu. Vilborg sag\u00f0i \u00fea\u00f0 ekki ganga neitt, \u00fer\u00e1tt fyrir marg\u00edtreka\u00f0ar tilraunir til a\u00f0 f\u00e1 fund me\u00f0 mennta- og menningarm\u00e1lar\u00e1\u00f0herra. Hins vegar v\u00e6ri samningur um framl\u00f6g til skrifstofu \u00fatrunninn og \u00fev\u00ed \u00feyrfti a\u00f0 funda.<\/p>\n<p class=\"p3\">Nanna Vilhelmsd\u00f3ttir, Hugleik, spur\u00f0i hvort h\u00e6tta v\u00e6ri \u00e1 framl\u00f6g fr\u00e1 r\u00edknu leg\u00f0ust me\u00f0 \u00f6llu af. Vilborg svara\u00f0i a\u00f0 \u00fev\u00ed v\u00e6ri \u00f3m\u00f6gulegt a\u00f0 svara, h\u00fan teldi \u00fe\u00f3 velvilja \u00ed gar\u00f0 Bandalagsins innan r\u00e1\u00f0uneytisins og \u00fea\u00f0 v\u00e6ri vonandi r\u00e9tt mat.<\/p>\n<p class=\"p3\">Sigr\u00ed\u00f0ur L\u00e1ra Sigurj\u00f3nsd\u00f3ttir, Leikf\u00e9lagi Flj\u00f3tsdalsh\u00e9ra\u00f0s, sag\u00f0i a\u00f0 \u00fear sem mennta- og menningarm\u00e1lar\u00e1\u00f0herrar hef\u00f0u sjaldnast t\u00edma e\u00f0a \u00e1huga til a\u00f0 kynna s\u00e9r starfsemi \u00e1hugaleikf\u00e9laga, v\u00e6ri ekki \u00far vegi a\u00f0 herja \u00e1 \u00feingmenn. Vilborg sag\u00f0ist binda vonir vi\u00f0 a\u00f0 n\u00favarandi r\u00e1\u00f0herra s\u00fdndi m\u00e1lum okkar skilning \u00fear sem h\u00fan vissi til \u00feess a\u00f0 hann \u00feekkti til starfsemi leikf\u00e9laga.<\/p>\n<p class=\"p3\">Nanna Vilhelmsd\u00f3ttir lag\u00f0i til a\u00f0 f\u00f3lk n\u00fdtti samf\u00e9lagsmi\u00f0la til a\u00f0 afla leikf\u00e9l\u00f6gunum stu\u00f0nings og auka me\u00f0vitund um \u00feau \u00ed samf\u00e9laginu.<\/p>\n<p class=\"p3\">F. Elli Hafli\u00f0ason sag\u00f0i a\u00f0 p\u00f3lit\u00edkusar v\u00e6ru \u00e1hugasamastir fyrir kosningar og \u00fev\u00ed l\u00e6gi \u00e1 a\u00f0 f\u00e1 kosningar sem fyrst. Hann sag\u00f0ist l\u00edka vilja \u00feakka stj\u00f3rn og framkv\u00e6mdastj\u00f3ra fyrir fr\u00e1b\u00e6rt starf \u00ed fj\u00e1rm\u00e1lum sl. \u00e1r.<\/p>\n<p class=\"p3\">\u00c1rsreikningur 2015 borinn undir atkv\u00e6\u00f0i og sam\u00feykktur samhlj\u00f3\u00f0a.<\/p>\n<p class=\"p3\"><b> 9. Sk\u00fdrslur nefnda og umr\u00e6\u00f0ur um \u00fe\u00e6r.<\/b><\/p>\n<p class=\"p1\"><b>Hrefna Fri\u00f0riksd\u00f3ttir flutti sk\u00fdrslu sk\u00f3lanefndar.<\/b><\/p>\n<p class=\"p1\"><b>Sk\u00fdrsla sk\u00f3lanefndar \u00e1 a\u00f0alfundi B\u00cdL 1.-3. ma\u00ed 2015<\/b><\/p>\n<p class=\"p3\">\u00cd j\u00fal\u00ed \u00e1ri\u00f0 2014 kv\u00f6ddum vi\u00f0 Gunnhildi Sv\u00f6nu Sigur\u00f0ard\u00f3ttur, fyrrverandi sk\u00f3lastj\u00f3ra Leiklistarsk\u00f3la Bandalagsins og nefndarkonu \u00ed sk\u00f3lanefnd. Vi\u00f0 sem \u00feekktum hana hugsum alltaf til hennar me\u00f0 miklum s\u00f6knu\u00f0i en um lei\u00f0 dj\u00fapu \u00feakkl\u00e6ti fyrir allt hennar \u00f3metanlega starf \u00ed \u00fe\u00e1gu sk\u00f3lans, vin\u00e1ttu og k\u00e6rleik.<\/p>\n<p class=\"p3\">\u00deekking Gunnhildar og reynsla af \u00e1hugaleiklist og almennu sk\u00f3lastarfi, kjarkur hennar, metna\u00f0ur, skipulagsh\u00e6fileikar, j\u00e1kv\u00e6\u00f0ni og hl\u00fdja \u00e1tti r\u00edkan \u00fe\u00e1tt \u00ed a\u00f0 sk\u00f3linn var\u00f0 a\u00f0 veruleika \u00ed \u00feeirri mynd sem hann hefur starfa\u00f0 til \u00feessa. Allir sem hafa komi\u00f0 a\u00f0 leiklistarsk\u00f3lanum \u00feekkja \u00feann sk\u00f3laanda sem Gunnhildur \u00e1tti svo r\u00edkan \u00fe\u00e1tt \u00ed a\u00f0 m\u00f3ta og framlag hennar ver\u00f0ur aldrei full\u00feakka\u00f0.<\/p>\n<p class=\"p3\">Gunnhildur var sk\u00f3last\u00fdra \u00e1samt Sigr\u00ed\u00f0i Karlsd\u00f3ttur fyrstu 10 starfs\u00e1r sk\u00f3lans og var \u00fe\u00e1 jafnframt forma\u00f0ur sk\u00f3lanefndar bandalagsins. H\u00fan sat \u00e1fram \u00ed sk\u00f3lanefndinni eftir a\u00f0 h\u00fan h\u00e6tti sem sk\u00f3last\u00fdra og vi\u00f0 sem st\u00f6rfu\u00f0um \u00fear me\u00f0 henni nutum reynslu hennar og mannkosta. H\u00fan starfa\u00f0i me\u00f0 okkur til hinsta dags \u00fer\u00e1tt fyrir erfi\u00f0 veikindi enda var Gunnhildur kona sem kunni \u00fe\u00e1 list a\u00f0 fanga og nj\u00f3ta l\u00edfsins l\u00ed\u00f0andi stunda.<\/p>\n<p class=\"p3\">Eftir fr\u00e1fall Gunnhildar var G\u00edsli Bj\u00f6rn Heimisson skipa\u00f0ur \u00ed sk\u00f3lanefnd og hefur unni\u00f0 \u00e1samt m\u00e9r, D\u00fdrleifi J\u00f3nsd\u00f3ttur, Herd\u00edsi \u00deorgeirsd\u00f3ttur og Hrund \u00d3lafsd\u00f3ttur. Sem fyrr ber sk\u00f3lanefndin h\u00f6fu\u00f0\u00e1byrg\u00f0 \u00e1 a\u00f0 skipuleggja starf leiklistarsk\u00f3la Bandalagsins og fundar reglulega allt \u00e1ri\u00f0. \u00c9g nota \u00feetta t\u00e6kif\u00e6ri til a\u00f0 \u00feakka \u00f6llu samnefndarf\u00f3lki m\u00ednu fyrir metna\u00f0arfullt og skemmtilegt samstarf.<\/p>\n<p class=\"p3\">Leiklistarsk\u00f3li Bandalagsins var settur \u00ed 18. sinn \u00feann 14. j\u00fan\u00ed 2014 a\u00f0 H\u00fanav\u00f6llum \u00ed H\u00fanavatnshreppi. \u00dear var teki\u00f0 vel \u00e1 m\u00f3ti h\u00f3pnum. Eins og undanfarin \u00e1r l\u00f6g\u00f0um vi\u00f0 sta\u00f0inn undir okkur og unnum \u00ed \u00f6llum hornum fr\u00e1 morgni til kv\u00f6lds \u00ed l\u00e6rd\u00f3m og leikaraskap.<\/p>\n<p class=\"p3\">Sk\u00f3lann \u00e1ri\u00f0 2014 s\u00f3ttu alls 49 nemendur. N\u00e1mskei\u00f0in voru:<\/p>\n<p class=\"p3\">1. Leiklist I &#8211; kennari \u00c1g\u00fasta Sk\u00falad\u00f3ttir.<\/p>\n<p class=\"p3\">2. Leikritun II &#8211; kennari Karl \u00c1g\u00fast \u00dalfsson.<\/p>\n<p class=\"p3\">3. S\u00e9rn\u00e1mskei\u00f0 fyrir leikara &#8211; kennari R\u00fanar Gu\u00f0brandsson.<\/p>\n<p class=\"p3\">Ni\u00f0urst\u00f6\u00f0ur vi\u00f0horfsk\u00f6nnunar bentu til almennrar \u00e1n\u00e6gju me\u00f0 sk\u00f3lastarfi\u00f0.<\/p>\n<p class=\"p3\">\u00deegar hafist var handa vi\u00f0 undirb\u00faning sk\u00f3la\u00e1rsins 2015 kom \u00ed lj\u00f3s a\u00f0 H\u00fanavatnshreppur haf\u00f0i augl\u00fdst eftir n\u00fdjum rekstrara\u00f0ila a\u00f0 H\u00fanav\u00f6llum. Okkur var mj\u00f6g l\u00e9tt \u00feegar vi\u00f0 h\u00f6f\u00f0um n\u00e1\u00f0 vi\u00f0unandi samningum vi\u00f0 n\u00fdjan rekstrara\u00f0ila. Vi\u00f0 hl\u00f6kkum til samstarfsins og vonum a\u00f0 allt gangi a\u00f0 \u00f3skum.<\/p>\n<p class=\"p3\">\u00c1ri\u00f0 2015 ver\u00f0ur leiklistarsk\u00f3linn settur a\u00f0 H\u00fanav\u00f6llum \u00feann 6. j\u00fan\u00ed.<span class=\"Apple-converted-space\">\u00a0 <\/span>Bo\u00f0i\u00f0 er upp \u00e1 \u00ferj\u00fa n\u00e1mskei\u00f0:<\/p>\n<p class=\"p3\">&#8211; R\u00fanar Gu\u00f0brandsson mun kenna Leikstj\u00f3rn I &#8211; \u00fear eru skr\u00e1\u00f0ir 14 nemendur og 2 \u00e1 bi\u00f0lista &#8211; vi\u00f0 erum a\u00f0 sko\u00f0a hvort \u00feeim ver\u00f0i b\u00e6tt \u00ed h\u00f3pinn<\/p>\n<p class=\"p3\">&#8211; \u00c1g\u00fasta Sk\u00falad\u00f3ttir mun kenna Leiklist II \u2013 \u00fear eru skr\u00e1\u00f0ir 15 nemendur og h\u00e6gt a\u00f0 taka einn \u00ed vi\u00f0b\u00f3t<\/p>\n<p class=\"p3\">&#8211; D\u00f3ra J\u00f3hannesd\u00f3ttir mun bj\u00f3\u00f0a upp \u00e1 s\u00e9rn\u00e1mskei\u00f0 fyrir leikara &#8211; n\u00e1nar tilteki\u00f0 n\u00e1mskei\u00f0 um langspuna me\u00f0 \u00e1herslu \u00e1 Haraldinn &#8211; \u00fear eru skr\u00e1\u00f0ir 10 nemendur og pl\u00e1ss fyrir fleiri.<\/p>\n<p class=\"p3\">\u00de\u00e1 bj\u00f3\u00f0um vi\u00f0 h\u00f6fundum a\u00f0 koma \u00ed heims\u00f3kn til a\u00f0 vinna a\u00f0 skrifum &#8211; alls hafa 4 s\u00f3tt um a\u00f0 koma.<\/p>\n<p class=\"p3\">N\u00e1mskei\u00f0sgjald h\u00e6kkar a\u00f0eins milli \u00e1ra &#8211; var kr. 78.000 kr. en er n\u00fa kr. 89.000 kr. \u00deetta m\u00e1 rekja til almennra h\u00e6kkana \u00ed samf\u00e9laginu, t.d. \u00e1 matarskatti, og fylgir l\u00edka samningum vi\u00f0 n\u00fdjan sta\u00f0arhaldara sem hefur gert einhverjar breytingar \u00e1 h\u00fasn\u00e6\u00f0inu. Vi\u00f0 treystum \u00fev\u00ed a\u00f0 kostna\u00f0i s\u00e9 haldi\u00f0 \u00ed l\u00e1gmarki og teljum \u00feetta gjald vi\u00f0unandi.<\/p>\n<p class=\"p3\">H\u00e9r l\u00fdkur \u00fe\u00e1 sk\u00fdrslu sk\u00f3lanefndar sem hlakkar til sk\u00f3la\u00e1rsins 2015.<\/p>\n<p class=\"p3\">Takk fyrir.<\/p>\n<p class=\"p3\"><i>Hrefna Fri\u00f0riksd\u00f3ttir<\/i><\/p>\n<p class=\"p3\">H\u00f6r\u00f0ur Sigur\u00f0arson flutti sk\u00fdrslu vefnefndar.<\/p>\n<p class=\"p1\"><b>Leiklistarvefurinn <\/b><\/p>\n<p class=\"p1\"><b>Sk\u00fdrsla vefnefndar 2015<\/b><\/p>\n<p class=\"p1\"><b>L\u00f6g\u00f0 fram \u00e1 a\u00f0alfundi B\u00cdL a\u00f0 Melum \u00ed H\u00f6rg\u00e1rdal 2. ma\u00ed 2015<\/b><\/p>\n<p class=\"p3\">\u00cd vefnefnd sitja undirrita\u00f0ur auk framkv\u00e6mdastj\u00f3ra. Sk\u00fdrsla vefnefndar hefur veri\u00f0 me\u00f0 svipu\u00f0u sni\u00f0i undanfarin \u00e1r. H\u00fan hefur einkennst mj\u00f6g af barl\u00f3mi yfir \u00fev\u00ed a\u00f0 ekki fengist fj\u00e1rmagn til a\u00f0 uppf\u00e6ra Leiklistarvefinn sem er v\u00e6gast sagt farinn a\u00f0 s\u00fdna ellim\u00f6rk. \u00ddmislegt hefur \u00fer\u00fdst \u00e1 um uppf\u00e6rslu m.a. hefur vefurinn dregist mj\u00f6g aftur \u00far hva\u00f0 \u00fatlit var\u00f0ar og einnig hann hefur heldur ekki fylgt fram\u00fer\u00f3un \u00ed vefm\u00e1lum, ekki s\u00edst \u00e1 t\u00edmum spjaldt\u00f6lva og annarra snjallt\u00e6kja. \u00de\u00e1 er mj\u00f6g fari\u00f0 a\u00f0 sl\u00e1 \u00ed hann \u00fat fr\u00e1 \u00f6ryggisj\u00f3narmi\u00f0um. \u00dea\u00f0 er \u00fev\u00ed l\u00f6ngu t\u00edmab\u00e6rt a\u00f0 uppf\u00e6ra vefinn og eftir nokkurra \u00e1ra betlig\u00f6ngu vefnefndar, veitti stj\u00f3rn loks s\u00ed\u00f0astli\u00f0i\u00f0 haust, vilyr\u00f0i fyrir fj\u00e1rmagni til a\u00f0 r\u00e1\u00f0ast \u00ed uppf\u00e6rslu. Ekki hefur \u00fe\u00f3 gefist t\u00edmi n\u00e9 a\u00f0st\u00e6\u00f0ur veri\u00f0 til a\u00f0 r\u00e1\u00f0ast \u00ed \u00fea\u00f0 verkefni, fyrr en n\u00fana. Vefnefnd er \u00fea\u00f0 miki\u00f0 gle\u00f0iefni a\u00f0 geta tilkynnt a\u00f0 uppf\u00e6rsla hefur n\u00fa sta\u00f0i\u00f0 yfir \u00ed nokkrar vikur og n\u00fdr og betri Leiklistarvefur ver\u00f0ur opna\u00f0ur formlega \u00e1 \u00feessu \u00feingi.<\/p>\n<p class=\"p3\">Gestir munu sj\u00e1 flj\u00f3tt a\u00f0 vefurinn hefur fengi\u00f0 n\u00fdtt \u00fatlit en mesta breytingin er \u00fe\u00f3 undirliggjandi, \u00fev\u00ed s\u00fa \u00e1kv\u00f6r\u00f0un var tekin a\u00f0 skipta um umsj\u00f3narkerfi. Vi\u00f0 h\u00f6fum notast vi\u00f0 Joomla-kerfi\u00f0 um margra \u00e1ra skei\u00f0 en h\u00f6fum n\u00fa skipt yfir \u00ed WordPress sem er sennilega \u00fea\u00f0 kerfi sem mestur v\u00f6xtur hefur veri\u00f0 \u00ed undanfarin \u00e1r. Vi\u00f0 vorum me\u00f0 \u00e6vaforna \u00fatg\u00e1fu af Joomla-kerfinu og \u00fea\u00f0 hef\u00f0i sennilega kosta\u00f0 mun meiri vinnu a\u00f0 uppf\u00e6ra \u00fea\u00f0 \u00ed n\u00fdjustu \u00fatg\u00e1fu heldur en a\u00f0 skipta yfir \u00ed WordPress. WordPress er auk \u00feess a\u00f0 flestu leyti einfaldara \u00ed sni\u00f0um, \u00fea\u00f0 fulln\u00e6gir okkar \u00fe\u00f6rfum og \u00fea\u00f0 er tr\u00fa okkar a\u00f0 \u00fea\u00f0 s\u00e9 einfaldara \u00ed vi\u00f0haldi og ums\u00fdslu.<\/p>\n<p class=\"p3\">A\u00f0 efni til ver\u00f0a ekki st\u00f3rv\u00e6gilegar breytingar \u00e1 vefnum. Helstu efnisflokkar eru fluttir \u00f3breyttir yfir og er \u00fear helst a\u00f0 nefna Leikritasafni\u00f0 sem \u00feurfti \u00fe\u00f3 a\u00f0 endurhanna a\u00f0 nokkru leyti en \u00e6tti n\u00fa a\u00f0 vera sk\u00fdrara og a\u00f0gengilegra. Vi\u00f0 h\u00f6fum einnig b\u00e6tt vi\u00f0 efnisflokki um leiklistarn\u00e1m, h\u00e9rlendis sem erlendis og v\u00e6ntum \u00feess a\u00f0 \u00fea\u00f0 muni n\u00fdtast vel \u00feeim mikla fj\u00f6lda sem leitar a\u00f0 n\u00e1mi \u00ed leiklist, hvort sem er styttra e\u00f0a lengra n\u00e1m, fyrir fullor\u00f0na sem og b\u00f6rn og unglinga. \u00deessi flokkur er \u00e1samt \u00f6\u00f0ru li\u00f0ur \u00ed n\u00fdrri stefnu vefnefndar sem gengur \u00fat \u00e1 a\u00f0 n\u00fdta vefinn betur til a\u00f0 t\u00e6la f\u00f3lk til fylgilags vi\u00f0 \u00e1hugaleiklistina. F\u00e9lagsm\u00f6nnum \u00ed \u00e1hugahreyfingunni hefur fari\u00f0 f\u00e6kkandi \u00e1 undanf\u00f6rnum \u00e1rum og \u00e1ratugum. Leiklistarvefinn \u00e1 a\u00f0 okkar mati a\u00f0 n\u00fdta m.a. til a\u00f0 kynna f\u00f3lki \u00e1hugaf\u00e9l\u00f6gin sem opin f\u00e9l\u00f6g sem taka fagnandi \u00e1 m\u00f3ti n\u00fdjum og \u00e1hugas\u00f6mum f\u00e9lagsm\u00f6nnum. \u00dev\u00ed eru f\u00e9l\u00f6gin t.d. hv\u00f6tt til a\u00f0 senda inn uppl\u00fdsingar um n\u00e1mskei\u00f0 sem \u00feau standa fyrir \u00feannig a\u00f0 h\u00e6gt s\u00e9 a\u00f0 augl\u00fdsa \u00feau \u00e1 vefnum. Einnig er mikilv\u00e6gt a\u00f0 f\u00e9l\u00f6gin g\u00e6ti \u00feess a\u00f0 uppl\u00fdsingar um \u00feau \u00e1 vefnum s\u00e9u uppf\u00e6r\u00f0ar og r\u00e9ttar.<\/p>\n<p class=\"p3\">St\u00e6rsta breytingin hva\u00f0 vefinn var\u00f0ar sem sn\u00fdr a\u00f0 gestum, er \u00fe\u00f3 hin n\u00fdja Leikh\u00fasb\u00fa\u00f0, \u00fev\u00ed loks er komin \u00e1 koppinn almennileg vefverslun \u00fear sem er a\u00f0 finna \u00edtarlegar uppl\u00fdsingar um v\u00f6rur og v\u00f6ruflokka. Vi\u00f0skiptavinir geta sko\u00f0a\u00f0 \u00farvali\u00f0 en einnig panta\u00f0 s\u00e9r v\u00f6rur \u00e1 vefnum og vali\u00f0 hvort \u00feeir s\u00e6kja p\u00f6ntunina \u00e1 sta\u00f0inn e\u00f0a l\u00e1ta senda. \u00d6ll framsetning \u00e1 v\u00f6rum er til mikilla b\u00f3ta og \u00fe\u00f3 \u00fea\u00f0 kosti au\u00f0vita\u00f0 vinnu a\u00f0 vi\u00f0halda \u00fev\u00ed \u00e6tti \u00fea\u00f0 einnig a\u00f0 spara vinnu \u00e1 \u00f6\u00f0rum svi\u00f0um. Kerfi\u00f0 b\u00fd\u00f0ur auk \u00feess upp \u00e1 gefa \u00fat afsl\u00e1ttarmi\u00f0a og er stefnt a\u00f0 \u00fev\u00ed a\u00f0 a\u00f0ildarf\u00e9l\u00f6gin f\u00e1 k\u00f3\u00f0a sem \u00feau geta nota\u00f0 til a\u00f0 f\u00e1 sinn venjubundna 20% afsl\u00e1tt \u00fe\u00f3tt panta\u00f0 s\u00e9 \u00e1 vefnum. Enn er nokkur vinna eftir \u00ed a\u00f0 uppf\u00e6ra v\u00f6ru\u00farvali\u00f0 \u00ed vefversluninni en innan skamms ver\u00f0a allar v\u00f6rur Leikh\u00fasb\u00fa\u00f0arinnar tilt\u00e6kar \u00e1 vefnum.<\/p>\n<p class=\"p3\">N\u00fdr vefur opnar sem s\u00e9 \u00ed dag en \u00fea\u00f0 m\u00e1 gera r\u00e1\u00f0 fyrir a\u00f0 p\u00fassa \u00feurfi eitt og anna\u00f0 til n\u00e6stu vikurnar og fram eftir sumri. Au\u00f0vita\u00f0 tekur vefnefnd s\u00ed\u00f0an af lj\u00fafmennsku vi\u00f0 \u00e1bendingum um vi\u00f0b\u00e6tur og \u00fea\u00f0 sem betur m\u00e1 fara. \u00deetta er st\u00f3r dagur fyrir Leiklistarvefinn og \u00feungu fargi afl\u00e9tt af L\u00e9nsherra sem \u00fearf n\u00fa ekki a\u00f0 standa gr\u00e1tandi \u00ed pontu \u00e1 Bandalags\u00feingi, a.m.k ekki n\u00e6stu \u00e1rin.<\/p>\n<p class=\"p3\">Ekki er \u00fe\u00f3 \u00e6tlunin a\u00f0 sl\u00e1 sl\u00f6ku vi\u00f0 \u00fev\u00ed vefnefnd hefur \u00feegar sett ni\u00f0ur n\u00e6sta verkefni sem yr\u00f0i f\u00e9l\u00f6gunum og \u00dej\u00f3nustumi\u00f0st\u00f6\u00f0inni til mikila hagsb\u00f3ta. Vi\u00f0 stefnum a\u00f0 \u00fev\u00ed a\u00f0 gera ums\u00f3knarey\u00f0ubl\u00f6\u00f0in fyrir r\u00edkisstyrkinn a\u00f0gengilegan \u00e1 vefnum \u00feannig a\u00f0 f\u00e9l\u00f6gin geti fyllt \u00fat og sent inn allar uppl\u00fdsingar \u00fear. \u00deetta \u00fe\u00fd\u00f0ir \u00ed fyrsta lagi a\u00f0 papp\u00edrshr\u00fagan minnkar umtalsvert og framkv\u00e6mdastj\u00f3ri vor \u00fearf ekki lengur a\u00f0 sitja sveittur vi\u00f0 a\u00f0 sl\u00e1 inn uppl\u00fdsingar \u00feegar \u00fe\u00e6r fara a\u00f0 berast me\u00f0 vorinu.<span class=\"Apple-converted-space\">\u00a0 <\/span>\u00deetta \u00fe\u00fd\u00f0ir l\u00edka a\u00f0 f\u00e9l\u00f6gin geta \u00e1 au\u00f0veldan m\u00e1ta gengi\u00f0 fr\u00e1 ums\u00f3knum fyrir tiltekin verkefni um lei\u00f0 og \u00feeim l\u00fdkur og \u00feannig dreift vinnunni yfir lengri t\u00edma. Enn er \u00feessi hugmynd ekki nema blik \u00ed auga L\u00e9nsherra og enn nokku\u00f0 \u00ed a\u00f0 vinna vi\u00f0 verki\u00f0 hefjist. \u00deessi vinna mun auk \u00feess kosta okkur nokkurt f\u00e9 og fyrsta skrefi\u00f0 a\u00f0 f\u00e1 mat \u00e1 \u00feann kostna\u00f0. Ef lausn finnst \u00e1 fj\u00e1rhagshli\u00f0inni \u00e6tti ekki a\u00f0 vera neitt \u00fev\u00ed til fyrirst\u00f6\u00f0u a\u00f0 koma \u00feessari hugmynd \u00ed framkv\u00e6md \u00e1 n\u00e6sta leik\u00e1ri.<\/p>\n<p class=\"p3\">f.h. Vefnefndar,<\/p>\n<p class=\"p3\"><i>H\u00f6r\u00f0ur Sigur\u00f0arson, L\u00e9nsherra<\/i><\/p>\n<p class=\"p3\">\u00c1rmann Gu\u00f0mundsson flutti sk\u00fdrslu handritsafnsnefndar:<\/p>\n<p class=\"p1\"><b>Sk\u00fdrsla handritasafnsnefndar 2015<\/b><\/p>\n<p class=\"p1\"><b>Flutt \u00e1 a\u00f0alfundi Bandalags \u00edslenskra leikf\u00e9laga 2. ma\u00ed 2015<\/b><\/p>\n<p class=\"p3\">Nefndina skipa \u00c1rmann Gu\u00f0mundsson, Hrefna Fri\u00f0riksd\u00f3ttir og \u00d6rn Alexandersson.<\/p>\n<p class=\"p3\">Nefndin funda\u00f0i einu sinni \u00e1 leik\u00e1rinu. \u00dear var m.a. r\u00e6dd s\u00fa sta\u00f0a sem komin er upp me\u00f0 handritasafni\u00f0 eftir a\u00f0 skorin var ni\u00f0ur sta\u00f0a ritara \u00fej\u00f3nustumi\u00f0st\u00f6\u00f0var Bandalagins en eitt af hans hlutverkum hans var umsj\u00f3n handritasafnsins og a\u00f0f\u00f6ng fyrir \u00fea\u00f0. \u00dear sem a\u00f0dr\u00e1ttur handrita var s\u00e9rstakt \u00e1hugam\u00e1l fyrrverandi ritara, sem gjarnan st\u00f6kk \u00e1 leiksk\u00e1ld og kraf\u00f0i um handrit ef \u00feau \u00e1ttu erindi \u00ed \u00fej\u00f3nustumi\u00f0st\u00f6\u00f0ina, og \u00fear sem \u00f6\u00f0rum verkum sem hv\u00edla \u00e1 framkv\u00e6mdastj\u00f3ra fj\u00f6lga\u00f0i vi\u00f0 ni\u00f0urskur\u00f0inn, hefur e\u00f0lilega dregi\u00f0 \u00far \u00feeim fj\u00f6lda handrita sem safninu hefur borist. Eina umtalsver\u00f0a vi\u00f0b\u00f3tin, fyrir utan verk uppsett hj\u00e1 Bandalagsleikf\u00e9l\u00f6gum, var heildarsafn verka eftir leiksk\u00e1ldi\u00f0 Gunnar M. Magn\u00fass sem afkomendur hans afhentu safninu, en Gunnar var \u00e1g\u00e6tlega afkastamiki\u00f0 leiksk\u00e1ld upp \u00far mi\u00f0ri s\u00ed\u00f0ustu \u00f6ld. Handritasafn Bandalagsins telur n\u00fa t\u00e6plega 3.800 titla.<\/p>\n<p class=\"p3\">Handritasafnsnefnd er samm\u00e1la um a\u00f0 \u00e1st\u00e6\u00f0a s\u00e9 til a\u00f0 breg\u00f0ast vi\u00f0 \u00feessum minnkandi a\u00f0f\u00f6ngum og a\u00f0 \u00fea\u00f0 \u00feurfi a\u00f0 gera \u00e1tak \u00ed a\u00f0 afla eldri verka, \u00fear sem h\u00fan l\u00edtur svo \u00e1 a\u00f0 markmi\u00f0i\u00f0 me\u00f0 safninu eigi a\u00f0 vera a\u00f0 \u00fear s\u00e9u a\u00f0gengileg \u00f6ll leikhandrit sem sett hafi veri\u00f0 upp h\u00e9rlendis, \u00fe\u00f3 svo a\u00f0 vissulega s\u00e9 \u00fea\u00f0 h\u00e1leitt og fjarl\u00e6gt markmi\u00f0 eins og sta\u00f0an er \u00ed dag. Me\u00f0 hverju \u00e1rinu sem l\u00ed\u00f0ur aukast l\u00edkur \u00e1 a\u00f0 handrit glatist, hvort heldur \u00feau eru a\u00f0eins til \u00ed papp\u00edrs e\u00f0a \u00e1 t\u00f6lvu leiksk\u00e1ldsins. Til \u00feess a\u00f0 sl\u00edkt \u00e1tak s\u00e9 h\u00e6gt a\u00f0 gera \u00feyrfti a\u00f0 r\u00e1\u00f0a manneskju \u00ed a.m.k. hlutastarf vi\u00f0 a\u00f0 hafa upp \u00e1 leikritum og koma \u00feeim \u00ed safni\u00f0 og \u00fear sem \u00fea\u00f0 er daglj\u00f3st a\u00f0 Bandalagi\u00f0 hefur ekki fj\u00e1rmagn til frekari mannar\u00e1\u00f0ninga yr\u00f0i \u00fea\u00f0 a\u00f0 koma annars sta\u00f0ar fr\u00e1 og \u00fev\u00ed \u00feyrfti a\u00f0 s\u00e6kja um styrki til sl\u00edks verks. Til a\u00f0 gera sl\u00edka styrkums\u00f3kn sterkari telur nefndin a\u00f0 leita \u00e6tti eftir stu\u00f0ningi fr\u00e1 \u00f6llum helstu samt\u00f6kum og stofnunum \u00edslenkrar leiklistar, \u00fe.m.t. F\u00e9lagi leiksk\u00e1lda og handritsh\u00f6funda, Sj\u00e1lfst\u00e6\u00f0u leikh\u00fasunum, st\u00f3ru leikh\u00fasunum o.fl. a\u00f0ilum, t.d. \u00ed formi \u00e1skorunar \u00e1 stj\u00f3rnv\u00f6ld a\u00f0 styrkja \u00feetta verkefni. Einnig m\u00e6tti hugsa s\u00e9r a\u00f0 \u00ed sta\u00f0inn k\u00e6mi einhvers konar samstarf vi\u00f0 Landsb\u00f3kasafn sem me\u00f0 r\u00e9ttu \u00e6tti a\u00f0 hafa \u00fea\u00f0 hlutverk me\u00f0 hendi a\u00f0 safna \u00edslenskum leikhandritum en gerir ekki \u00fear sem leikrit eru almennt ekki formlega gefin \u00fat og \u00fev\u00ed ekki skilaskylda \u00e1 \u00feeim l\u00edkt og me\u00f0 prenta\u00f0 efni.<\/p>\n<p class=\"p3\">Hugmyndir \u00feessar eru ekki miki\u00f0 lengra \u00e1 veg komnar og t.d. hefur stj\u00f3rn Bandalagsins ekki fjalla\u00f0 um \u00fe\u00e6r en \u00fea\u00f0 er hugur \u00ed handritasafnsnefnd a\u00f0 l\u00e1ta \u00e1 \u00fe\u00e6r reyna \u00e1 n\u00e6sta leik\u00e1ri ef sam\u00feykki fyrir \u00fev\u00ed f\u00e6st.<\/p>\n<p class=\"p3\">f.h. handritasafnsnefndar<\/p>\n<p class=\"p3\"><i>\u00c1rmann Gu\u00f0mundsson<\/i><\/p>\n<p class=\"p3\">F. Elli Hafli\u00f0ason lag\u00f0i fram spurningar til sk\u00f3lanefndar var\u00f0andi h\u00e6kkun \u00e1 sk\u00f3lagj\u00f6ldum og hvort von v\u00e6ri \u00e1 frekari h\u00e6kkunum, hvort sami\u00f0 hef\u00f0i veri\u00f0 \u00e1fram vi\u00f0 sta\u00f0arhaldara og hvort \u00edhuga\u00f0 hef\u00f0i veri\u00f0 a\u00f0 sko\u00f0a a\u00f0rar sta\u00f0setningar \u00e1 sk\u00f3lanum. Hann beindi spurningum til handritasafnsnefndar um hvort handrit yr\u00f0u ekki \u00f6rugglega \u00e1fram skr\u00e1\u00f0 \u00fer\u00e1tt fyrir ni\u00f0urskur\u00f0 \u00e1 skrifstofu. Einnig spur\u00f0i hann hvort \u00fea\u00f0 v\u00e6ri hugmynd a\u00f0 halda einhverskonar s\u00fdningu \u00e1 handritum til a\u00f0 kynna \u00feau.<\/p>\n<p class=\"p3\">Vilborg Valgar\u00f0sd\u00f3ttir kom \u00ed pontu og svara\u00f0i a\u00f0 \u00f6ll handrit yr\u00f0u \u00e1fram skr\u00e1\u00f0 eins og veri\u00f0 hefur.<\/p>\n<p class=\"p3\">Hrefna Fri\u00f0riksd\u00f3ttir svara\u00f0i fyrir h\u00f6nd sk\u00f3lanefndar og sag\u00f0i a\u00f0 sko\u00f0a\u00f0ir hef\u00f0u veri\u00f0 nokkrir sta\u00f0ir fyrir sk\u00f3lann ef svo f\u00e6ri a\u00f0 ekki yr\u00f0i \u00e1fram raunh\u00e6ft a\u00f0 halda hann a\u00f0 H\u00fanav\u00f6llum. \u00dea\u00f0 er jafnvel \u00ed kortunum a\u00f0 breyta \u00feurfi sta\u00f0setningunni \u00fear sem fl\u00f3ki\u00f0 er fyrir sta\u00f0arhaldara a\u00f0 taka vi\u00f0 sk\u00f3lanum \u00ed \u00feeirri mynd sem veri\u00f0 hefur. Sami\u00f0 var til eins \u00e1rs \u00ed \u00feetta sinn.<\/p>\n<p class=\"p3\">\u00c1rmann Gu\u00f0mundsson svara\u00f0i F. Ella og benti \u00e1 a\u00f0 s\u00fdning \u00e1 handritum v\u00e6ri sennilega ekki f\u00fdsilegur kostur \u00fear sem \u00feau eru almennt fremur \u00f3spennandi fyrir auga\u00f0. \u00deessi hugmynd hef\u00f0i \u00fev\u00ed ekki komi\u00f0 upp \u00e1\u00f0ur.<\/p>\n<p class=\"p3\">Sigr\u00ed\u00f0ur L\u00e1ra Sigurj\u00f3nsd\u00f3ttir andm\u00e6lti \u00c1rmanni har\u00f0lega og sag\u00f0i leikhandrit s\u00ed\u00f0ur en svo \u00f3spennandi. H\u00fan taldi a\u00f0 til s\u00e9 n\u00e6gt efni \u00ed s\u00fdningu fyrir \u00fe\u00e1 sem hafa \u00e1huga. Lag\u00f0i til a\u00f0 handritasafnsnefnd athuga\u00f0i m\u00e1li\u00f0.<\/p>\n<p class=\"p3\"><b> 10. Dr\u00f6g a\u00f0 starfs\u00e1\u00e6tlun n\u00e6sta \u00e1rs kynnt og skipa\u00f0 \u00ed starfsh\u00f3pa.<\/b><\/p>\n<p class=\"p3\"><b>Gu\u00f0finna kynnti dr\u00f6gin og skipa\u00f0i \u00ed h\u00f3pa.<\/b><\/p>\n<p class=\"p3\">H\u00f6r\u00f0ur Sigur\u00f0arson kynnti hugmynd a\u00f0 umr\u00e6\u00f0u \u00ed starfsh\u00f3pum. Leikf\u00e9lag K\u00f3pavogs hefur r\u00e6tt a\u00f0 bj\u00f3\u00f0a\u00a0Bandalaginu a\u00f0 flytja \u00ed h\u00fasn\u00e6\u00f0i sitt \u00ed Funalind \u00ed K\u00f3pavogi \u00ed 2-3 \u00e1r \u00ed \u00feeim tilgangi a\u00f0 spara h\u00fasaleigu sem er n\u00fana 1,1 milj. kr. \u00e1 \u00e1ri. Bandalagi\u00f0 myndi ekki borga leigu en taka \u00fe\u00e1tt \u00ed rekstrarkostna\u00f0i h\u00fassins.<\/p>\n<p class=\"p3\">\u00c1rmann Gu\u00f0mundsson ba\u00f0 h\u00f3pstj\u00f3ra um a\u00f0 skila ni\u00f0urst\u00f6\u00f0um \u00e1 t\u00f6lvut\u00e6ku formi og muna eftir \u00fev\u00ed a\u00f0 skr\u00e1 alla me\u00f0limi h\u00f3panna.<\/p>\n<p class=\"p3\">Sigr\u00ed\u00f0ur Hafsteinsd\u00f3ttir, Leikf\u00e9lagi Selfoss, benti \u00e1 a\u00f0 \u00fe\u00f3tt leiklist s\u00e9 komin inn \u00ed a\u00f0aln\u00e1mskr\u00e1 grunnsk\u00f3la v\u00e6ri \u00fea\u00f0 \u00ed valdi sk\u00f3lastj\u00f3ra hvort h\u00fan s\u00e9 \u00e1 stundaskr\u00e1.<\/p>\n<p class=\"p3\">Sigr\u00ed\u00f0ur L\u00e1ra Sigurj\u00f3nsd\u00f3ttir sag\u00f0i fr\u00e1 verkefni sem unni\u00f0 er \u00e1 hennar heimasl\u00f3\u00f0um \u00fear sem bo\u00f0i\u00f0 er upp \u00e1 n\u00e1mskei\u00f0 fyrir kennara til a\u00f0 gera \u00fe\u00e1 f\u00e6rari um a\u00f0 innlei\u00f0a leiklist \u00ed kennslu. H\u00fan benti \u00e1 a\u00f0 sm\u00e6rri sk\u00f3lar \u00e6ttu margir erfitt me\u00f0 a\u00f0 setja leiklistina inn \u00ed stundaskr\u00e1.<\/p>\n<p class=\"p3\"><b>Ni\u00f0urst\u00f6\u00f0ur h\u00f3pa<\/b><\/p>\n<p class=\"p3\"><b>H\u00f3pur 1<\/b><\/p>\n<p class=\"p3\">H\u00f3pstj\u00f3ri: Dan\u00edel Freyr J\u00f3nsson, Freyvangsleikh\u00fasinu<\/p>\n<p class=\"p3\">G\u00edsli Bj\u00f6rn Heimisson, Leikf\u00e9lagi Hafnarfjar\u00f0ar<\/p>\n<p class=\"p3\">Anna Mar\u00eda Hj\u00e1lmarsd\u00f3ttir, Freyvangsleikh\u00fasinu<\/p>\n<p class=\"p3\">Salbj\u00f6rg Engilbertsd\u00f3ttir, Leikf\u00e9lagi H\u00f3lmav\u00edkur<\/p>\n<p class=\"p3\">Sigr\u00ed\u00f0ur L\u00e1ra Sigurj\u00f3nsd\u00f3ttir, Leikf\u00e9lagi Flj\u00f3tsdalsh\u00e9ra\u00f0s<\/p>\n<p class=\"p3\">R\u00fanar Gunnarsson, Leikf\u00e9lagi Sey\u00f0isfjar\u00f0ar<\/p>\n<p class=\"p3\">Hulda Gunnarsd\u00f3ttir, Leikf\u00e9lagi \u00d6lfuss<\/p>\n<p class=\"p3\">Brynhildur Sveinsd\u00f3ttir, Leikf\u00e9lagi Mosfellssveitar<\/p>\n<p class=\"p3\"><i>Almenn starfsemi<\/i><\/p>\n<p>1. Rekstur \u00fej\u00f3nustumi\u00f0st\u00f6\u00f0var, Leiklistarsk\u00f3la, Leiklistarvefsins og annarra fastra li\u00f0a \u00ed starfseminni.<\/p>\n<p class=\"p3\">R\u00e6dd var um rekstur \u00fej\u00f3nustumi\u00f0st\u00f6\u00f0var og yfirf\u00e6rslu \u00ed n\u00fdjan vef. G\u00edsli sk\u00fdr\u00f0i \u00e1st\u00e6\u00f0ur fyrir yfirf\u00e6rslu \u00ed n\u00fdjan vef.<\/p>\n<p class=\"p3\">M\u00e6lt me\u00f0 a\u00f0 fari\u00f0 ver\u00f0i \u00ed samstarf vi\u00f0 \u00dej\u00f3\u00f0skjalasafni\u00f0 frekar en Landsb\u00f3kasafni\u00f0.<\/p>\n<p class=\"p3\">Sigr\u00ed\u00f0ur L\u00e1ra velti upp \u00feeirri hugmynd a\u00f0 skilgreina og skr\u00e1 handritasafni\u00f0 sem skjalasafn (opinbert) sem myndi au\u00f0velda lei\u00f0ir til a\u00f0 \u00e6skja eftir styrkjum.<\/p>\n<p class=\"p3\">Athuga me\u00f0 uppt\u00f6kur \u00e1 verkum, eru \u00fe\u00e6r geymdar rafr\u00e6nt? \u00de\u00e6r eru einnig mikilv\u00e6g heimild sem ekki m\u00e1 glatast.<span class=\"Apple-converted-space\">\u00a0 <\/span>Uppt\u00f6kusafn \u00f6\u00f0ru nafni. Stofna var\u00f0veislunefnd<\/p>\n<p class=\"p3\"><i>2. Leita eftir h\u00e6kku\u00f0um framl\u00f6gum \u00far opinberum sj\u00f3\u00f0um og fr\u00e1 einkaa\u00f0ilum til starfsemi \u00e1hugaleikf\u00e9laganna og sameiginlegra verkefna.<\/i><\/p>\n<p class=\"p3\">Hugmynd varpa\u00f0 fram um a\u00f0 leikf\u00e9l\u00f6gin komi inn \u00ed l\u00f6gbundna menntun (kennara) \u00e1 leiklistarsvi\u00f0um grunnsk\u00f3la. \u00dev\u00ed yr\u00f0i b\u00e6tt vi\u00f0 starfsemi leiklistarsk\u00f3la Bandalagsins.<span class=\"Apple-converted-space\">\u00a0 <\/span>Einnig a\u00f0 skipa\u00f0ur yr\u00f0i \u201efr\u00e6\u00f0slufulltr\u00fai Bandalagsins\u201c, r\u00e1\u00f0gjafi fyrir leiklistardeildir grunnsk\u00f3lanna vegna leiklistarkennslu, sem veitti \u00feeim a\u00f0gang a\u00f0 handritum og s\u00e9rfr\u00e6\u00f0i\u00feekkingu vegna \u00feess.<\/p>\n<p class=\"p3\">Lagt til a\u00f0 s\u00f3tt ver\u00f0i um styrki fr\u00e1 einkaa\u00f0ilum til afmarka\u00f0ra verkefna innan f\u00e9lagsins, frekar en a\u00f0 f\u00e1 styrk fyrir almenna starfsemi. \u00dea\u00f0 skipti m\u00e1li hva\u00f0a fyrirt\u00e6ki \u00fea\u00f0 eru.<\/p>\n<p class=\"p3\">Betra er a\u00f0 h\u00e6kka gj\u00f6ld f\u00e9laga til Bandalagsins jafnt og \u00fe\u00e9tt frekar en \u00ed f\u00e1um st\u00f3rum skrefum.<\/p>\n<p class=\"p3\">Fara \u00fearf<span class=\"Apple-converted-space\">\u00a0 <\/span>\u00ed marka\u00f0s\u00e1tak til a\u00f0 auka s\u00fdnileika og s\u00f6lu Bandalagsverslunarinnar, s\u00e9rstaklega \u00ed lj\u00f3si \u00feess a\u00f0 n\u00fa er komin vefverslun \u00e1 Leiklistarvefinn.<\/p>\n<p class=\"p3\">Flutningur Bandalagsins \u00ed Funalind til a\u00f0 minnka leigukostna\u00f0.<\/p>\n<p class=\"p3\">H\u00f3purinn treystir d\u00f3mgreind Har\u00f0ar og Vilborgar og ef \u00feau segja a\u00f0 \u00feetta s\u00e9 gerlegt \u00fe\u00e1 er \u00fea\u00f0 hi\u00f0 besta m\u00e1l, en vi\u00f0 myndum samt vilja fr\u00e1 frekar \u00fatlistun \u00e1 \u00fev\u00ed hvernig t.d. eigi a\u00f0 koma handritasafninu fyrir \u00ed Litla leikh\u00fasinu, e\u00f0a hvort \u00fea\u00f0 fari \u00fe\u00e1 \u00ed geymslu.<\/p>\n<p class=\"p3\">B\u00cdL-b\u00edllinn \u2013 Vilborg og bandalagsskrifstofan ver\u00f0i ger\u00f0 hreyfanleg og \u00fej\u00f3nustumi\u00f0st\u00f6\u00f0in ver\u00f0i sett \u00ed r\u00fatu sem fer\u00f0ist um landi\u00f0 og haldi\u00f0 heimakynningar, g\u00e6ti teki\u00f0 upp f\u00f3lk \u00e1 lei\u00f0inni \u00e1 Bandalags\u00feing o.fl. Teknar ver\u00f0i saman 65 mest uppsettu s\u00fdningarnar hj\u00e1 \u00e1hugaleikf\u00e9lagunum og \u00fe\u00e6r s\u00fdndar umhverfis landi\u00f0. Einnig fer\u00f0ist B\u00cdL-b\u00edllinn \u00e1 allar b\u00e6jarh\u00e1t\u00ed\u00f0ir og selji \u00fear smink og far\u00f0i h\u00e1t\u00ed\u00f0argesti, l\u00edkt og a\u00f0rir vins\u00e6lir b\u00edlar eins og Br\u00fa\u00f0ub\u00edllinn, \u00cdsb\u00edllinn og Part\u00fdb\u00edllinn. Fara \u00ed samstarf vi\u00f0 Bl\u00f3\u00f0bankann.<\/p>\n<p class=\"p3\"><i>S\u00e9rverkefni \u00e1rsins<\/i><\/p>\n<p class=\"p3\"><i>1. Skipuleggja stuttverkah\u00e1t\u00ed\u00f0 \u00e1 leik\u00e1rinu.<\/i><\/p>\n<p class=\"p3\"><i>2. Vekja athygli \u00e1 65 \u00e1ra afm\u00e6li Bandalags \u00edslenskra leikf\u00e9laga.<\/i><\/p>\n<p class=\"p3\">Vekja athygli \u00e1 65 \u00e1ra afm\u00e6li Bandalagsins me\u00f0 \u00fev\u00ed a\u00f0 safna saman sta\u00f0reyndum um Bandalagi\u00f0 og f\u00e9l\u00f6gin innan \u00feess: \u00c1 65 \u00e1rum h\u00f6fum vi\u00f0&#8230;<\/p>\n<p class=\"p3\">Stuttverkah\u00e1t\u00ed\u00f0 og 65 \u00e1ra afm\u00e6lish\u00e1t\u00ed\u00f0 \u00ed tengslum vi\u00f0 haustfund.<\/p>\n<p class=\"p3\">B\u00faa til minis\u00fdningu og b\u00faa til stemmingu \u00e1 stuttverkah\u00e1t\u00ed\u00f0um og \u00f6\u00f0rum samkomum Bandalagsins me\u00f0 \u00fev\u00ed a\u00f0 einhverjir komi me\u00f0 muni \u00far sinni v\u00f6rslu sem hafa s\u00f6gulegt gildi.<\/p>\n<p class=\"p3\"><b>H\u00f3pur 2<\/b><\/p>\n<p class=\"p3\">H\u00f3pstj\u00f3ri: Nanna Vilhelmsd\u00f3ttir, Hugleik<\/p>\n<p class=\"p3\">\u00c1sta G\u00edslad\u00f3ttir, Hugleik<\/p>\n<p class=\"p3\">Halld\u00f3ra Vilhj\u00e1lmsd\u00f3ttir, Freyvangsleikh\u00fasinu<\/p>\n<p class=\"p3\">Mar\u00eda Gu\u00f0mundsd\u00f3ttir, Leikf\u00e9lag Mosfellssveitar<\/p>\n<p class=\"p3\">Oddfreyja H. Oddfreysd\u00f3ttir, Leikf\u00e9lagi \u00d6lfuss<\/p>\n<p class=\"p3\">\u00de\u00f3r\u00f0ur Vilhelm Steind\u00f3rsson, Leikf\u00e9lagi H\u00f6rgd\u00e6la<\/p>\n<p class=\"p3\">J\u00f3hanna \u00c1sa Einarsd\u00f3ttir, Litla leikkl\u00fabbnum<\/p>\n<p class=\"p3\">Sn\u00e6var \u00d6rn \u00d3lafsson, Leikf\u00e9lagi Dalv\u00edkur<\/p>\n<p class=\"p3\"><i>Almenn starfsemi<\/i><\/p>\n<p>1. Rekstur \u00fej\u00f3nustumi\u00f0st\u00f6\u00f0var, Leiklistarsk\u00f3la, Leiklistarvefsins og annarra fastra li\u00f0a \u00ed starfseminni.<\/p>\n<p class=\"p3\">&#8211; A\u00f0 f\u00e6ra leikf\u00e9lagi\u00f0 til LK \u2013 g\u00f3\u00f0 hugmynd \u2013 g\u00e6ti mynda\u00f0 svigr\u00fam fyrir hlutastarf ritara.<\/p>\n<p class=\"p3\">&#8211; Spurning hvort h\u00e6gt s\u00e9 a\u00f0 finna samb\u00e6rilega a\u00f0st\u00f6\u00f0u hj\u00e1 \u00f6\u00f0rum.<\/p>\n<p class=\"p3\">&#8211; Fyrst og fremst \u00e1kv\u00f6r\u00f0un Vilborgar, s\u00e9 h\u00fan sam\u00feykk \u00fev\u00ed.<\/p>\n<p class=\"p3\">&#8211; Ums\u00fdslugjald fyrir innsend handrit.<\/p>\n<p class=\"p3\">&#8211; Uppsetning \u00e1 rafr\u00e6num ey\u00f0ubl\u00f6\u00f0um \u2013 rukka f\u00e9l\u00f6g fyrir \u00feann kostna\u00f0 5.000-10.000 \u2013 f\u00e9l\u00f6gum er frj\u00e1lst a\u00f0 senda meira. \u00c1bending til stj\u00f3rnar.<\/p>\n<p class=\"p3\">&#8211; B\u00e6ta vi\u00f0 \u00ed vefumsj\u00f3narnefnd til a\u00f0 dreifa \u00e1lagi. \u00c1bending til stj\u00f3rnar.<\/p>\n<p class=\"p3\">&#8211; B\u00e6ta upplausn mynda \u00e1 vefnum, hafa g\u00f3\u00f0ar myndir.<\/p>\n<p class=\"p3\">&#8211; Sk\u00f3li \u2013 hvernig gengur a\u00f0 senda f\u00f3lk \u00ed sk\u00f3la?<span class=\"Apple-converted-space\">\u00a0 <\/span>Gengur misvel en allir \u00feekkja sk\u00f3lann. Veltur svol\u00edti\u00f0 \u00e1 \u00fev\u00ed hversu dugleg leikf\u00e9l\u00f6gin eru a\u00f0 styrkja nemendur.<\/p>\n<p class=\"p3\">&#8211; Hvetja f\u00f3lk til a\u00f0 senda inn \u00f3uppsett verk til Bandalagsins.<\/p>\n<p class=\"p3\"><i>2. Leita eftir h\u00e6kku\u00f0um framl\u00f6gum \u00far opinberum sj\u00f3\u00f0um og fr\u00e1 einkaa\u00f0ilum til starfsemi \u00e1hugaleikf\u00e9laganna og sameiginlegra verkefna.<\/i><\/p>\n<p class=\"p3\">&#8211; Auka s\u00fdnileika Bandalagsins \u2013 m.a. me\u00f0 handrita\/leikmunas\u00fdningu (m\u00f6gulegt samstaf vi\u00f0 leikmunadeild e\u00f0a leikh\u00fasin, setja upp brot \u00far verkum o.\u00fe.h.)<\/p>\n<p class=\"p3\">&#8211; Tala vi\u00f0 f\u00e9lag handritsh\u00f6funda, f\u00e9lag leikstj\u00f3ra, \u00dej\u00f3\u00f0minjasafn, \u00dej\u00f3\u00f0arb\u00f3khl\u00f6\u00f0u \u2013 finna eitthva\u00f0 samstarf.<\/p>\n<p class=\"p3\">&#8211; F\u00e1 atvinnuleikara og leikstj\u00f3ra til a\u00f0 segja fr\u00e1 uppruna s\u00ednum og tengslum vi\u00f0 \u00e1hugaleikf\u00e9l\u00f6g og tengja vi\u00f0 stuttverkah\u00e1t\u00ed\u00f0ina (t.d. leikara vikunnar \u00e1 leiklist.is).<\/p>\n<p class=\"p3\"><i>S\u00e9rverkefni \u00e1rsins<\/i><\/p>\n<p class=\"p3\"><i>1. Skipuleggja stuttverkah\u00e1t\u00ed\u00f0 \u00e1 leik\u00e1rinu.<\/i><\/p>\n<p class=\"p3\">&#8211; Hvernig gengur a\u00f0 setja upp stuttverk?<span class=\"Apple-converted-space\">\u00a0 <\/span>Flestir me\u00f0 eitthva\u00f0.<\/p>\n<p class=\"p3\">&#8211; Freyvangur var me\u00f0 stuttverkas\u00fdningu fyrir nokkrum \u00e1rum. Karl \u00c1g\u00fast var me\u00f0 n\u00e1mskei\u00f0 \u00ed vetur.<\/p>\n<p class=\"p3\">&#8211; H\u00f6rgd\u00e6lir \u2013 l\u00edti\u00f0 \u2013 a\u00f0allega \u00fea\u00f0 sem Stefan\u00eda El\u00edsabet hefur unni\u00f0 \u00e1 n\u00e1mskei\u00f0um \u2013 Betan 2013.<\/p>\n<p class=\"p3\">&#8211; Litli Leikkl\u00fabburinn \u2013 haldin var handritasmi\u00f0ja, \u00feau \u00e6tla a\u00f0 gera eitthva\u00f0 vi\u00f0 afraksturinn \u00ed haust<\/p>\n<p class=\"p3\">&#8211; Leikf\u00e9lag Mosfellssveitar &#8211; Hafa haldi\u00f0 nokkrar suttverkadagskr\u00e1r<\/p>\n<p class=\"p3\">&#8211; Hugleikur heldur a.m.k. eina stuttverkadagskr\u00e1 \u00e1 \u00e1ri. Oft tv\u00e6r.<\/p>\n<p class=\"p3\">&#8211; Leikf\u00e9lag Dalv\u00edkur \u2013 hefur ekki sett upp stuttverkadagskr\u00e1r s\u00ed\u00f0ustu \u00e1r nema \u00ed samstarfi vi\u00f0 grunnsk\u00f3lann. \u00c6tla a\u00f0 hafa hitting og b\u00faa til h\u00f6fundasmi\u00f0ju.<\/p>\n<p class=\"p3\">&#8211; Hvetja leikf\u00e9l\u00f6g til a\u00f0 taka \u00fe\u00e1tt. Senda inn a.m.k. eitt verk.<\/p>\n<p class=\"p3\">&#8211; Athuga endurteki\u00f0 samstarf vi\u00f0 Borgarleikh\u00fasi\u00f0. E\u00f0a flytja \u00feetta \u00fat \u00e1 land og tala vi\u00f0 Leikf\u00e9lag Akureyrar e\u00f0a Menningarh\u00fasi\u00f0 Hof.<\/p>\n<p class=\"p3\"><i>2. Vekja athygli \u00e1 65 \u00e1ra afm\u00e6li Bandalags \u00edslenskra leikf\u00e9laga.<\/i><\/p>\n<p class=\"p3\">&#8211; \u00cd samhengi vi\u00f0 \u00feetta: kynning hvers f\u00e9lags fyrir sig, \u00e1 vef sveitarf\u00e9lagsins. S\u00e9rstaklega \u00fear sem er l\u00edtill \u00e1hugi, voru afi og amma \u00ed leikf\u00e9lagi? Hva\u00f0 var s\u00fdnt? Hven\u00e6r? Hvar? Fr\u00f3\u00f0leiksmoli vikunnar. Virkja heimab\u00e6inn. Elska\u00f0u f\u00e9lagi\u00f0 \u00feitt, er eitthvert seleb \u00far b\u00e6num?<\/p>\n<p class=\"p3\">&#8211; Br\u00fdna fyrir leikf\u00e9l\u00f6gum a\u00f0 auka s\u00fdnileika \u00feeirra \u00e1 opinberum vefjum.<\/p>\n<p class=\"p3\">Hugmynd fr\u00e1 \u00d3l\u00f6fu: \u00dej\u00f3\u00f0leikur fyrir fullor\u00f0na, allir s\u00fdna sama verki\u00f0 um allt land \u00e1 sama t\u00edma. Heimsvi\u00f0bur\u00f0ur!<\/p>\n<p class=\"p3\">&#8211; G\u00f3\u00f0 hugmynd.<\/p>\n<p class=\"p3\">&#8211; Passa a\u00f0 \u00fea\u00f0 s\u00e9 ekki of mannmargt svo \u00fea\u00f0 s\u00e9 gerlegt fyrir sm\u00e6rri f\u00e9l\u00f6g.<\/p>\n<p class=\"p3\">&#8211; Og n\u00f3gu langur fyrirvari.<\/p>\n<p class=\"p3\">&#8211; Verkefnisvalnefnd? Leggjum til \u00feriggja manna nefnd.<\/p>\n<p class=\"p3\"><b>H\u00f3pur 3<\/b><\/p>\n<p class=\"p3\">Halla R\u00fan Tryggvad\u00f3ttir, Leikf\u00e9lagi H\u00fasav\u00edkur<\/p>\n<p class=\"p3\">A\u00f0alsteinn J\u00f3hannsson, Leikf\u00e9lagi \u00d6lfuss<\/p>\n<p class=\"p3\">Fanney Valsd\u00f3ttir, Leikf\u00e9lagi H\u00f6rgd\u00e6la<\/p>\n<p class=\"p3\">H\u00e1kon Svavarsson, Leikf\u00e9lagi \u00d6lfuss<\/p>\n<p class=\"p3\">Sesselja Ing\u00f3lfsd\u00f3ttir, Leikf\u00e9lagi H\u00f6rgd\u00e6la<\/p>\n<p class=\"p3\">Gu\u00f0bj\u00f6rg Anna \u00d3lad\u00f3ttir, Leikf\u00e9lagi Dalv\u00edkur<\/p>\n<p class=\"p3\">Gu\u00f0r\u00fan Esther \u00c1rnad\u00f3ttir, Leikf\u00e9lagi Mosfellssveitar<\/p>\n<p class=\"p3\">Ing\u00f3lfur \u00de\u00f3rsson, Freyvangsleikh\u00fasinu<\/p>\n<p class=\"p3\"><i>Almenn starfsemi<\/i><\/p>\n<p>1. Rekstur \u00fej\u00f3nustumi\u00f0st\u00f6\u00f0var, Leiklistarsk\u00f3la, Leiklistarvefsins og annarra fastra li\u00f0a \u00ed starfseminni.<\/p>\n<p class=\"p3\">Hugmynd Har\u00f0ar um flutning \u00fej\u00f3nustumi\u00f0st\u00f6\u00f0var \u00ed Leikh\u00fasi\u00f0 \u00ed K\u00f3pavogi mj\u00f6g g\u00f3\u00f0 og um a\u00f0 gera a\u00f0 sko\u00f0a \u00feetta n\u00e1nar.<\/p>\n<p class=\"p3\">Leiklistarsk\u00f3linn. Erum almennt mj\u00f6g \u00e1n\u00e6g\u00f0 me\u00f0 sk\u00f3lann og hann m\u00e1 endilega vera \u00e1fram eins og hann hefur veri\u00f0. Sk\u00f3linn er heilsuh\u00e6li leikara.<\/p>\n<p class=\"p3\">Leiklistarvefurinn. Erum mj\u00f6g spennt a\u00f0 sj\u00e1 n\u00fdja vefinn. Skemmtilegt \u00feegar birtir eru leikd\u00f3mar \u00e1 vefnum. Hugmynd um rafr\u00e6n ey\u00f0ubl\u00f6\u00f0 t\u00e6r snilld.<\/p>\n<p class=\"p3\"><i>2. Leita eftir h\u00e6kku\u00f0um framl\u00f6gum \u00far opinberum sj\u00f3\u00f0um og fr\u00e1 einkaa\u00f0ilum til starfsemi \u00e1hugaleikf\u00e9laganna og sameiginlegra verkefna.<\/i><\/p>\n<p class=\"p3\">J\u00e1 au\u00f0vita\u00f0 viljum vi\u00f0 leita eftir h\u00e6kku\u00f0um framl\u00f6gum og f\u00e1 meiri peninga. H\u00e6gt a\u00f0 herja \u00e1 \u00feingmenn sem vi\u00f0 h\u00e9r inni \u00feekkjum eins og gert var um \u00e1ri\u00f0.<\/p>\n<p class=\"p3\"><i>S\u00e9rverkefni \u00e1rsins<\/i><\/p>\n<p class=\"p3\"><i>1. Skipuleggja stuttverkah\u00e1t\u00ed\u00f0 \u00e1 leik\u00e1rinu.<\/i><\/p>\n<p class=\"p3\"><i>2. Vekja athygli \u00e1 65 \u00e1ra afm\u00e6li Bandalags \u00edslenskra leikf\u00e9laga.<\/i><\/p>\n<p class=\"p3\">Endilega a\u00f0 halda stuttverkah\u00e1t\u00ed\u00f0, t.d. \u00ed tengslum vi\u00f0 n\u00e6sta a\u00f0alfund. R\u00e6ddum h\u00e1t\u00ed\u00f0ina sem var \u00ed Borgarleikh\u00fasinu um \u00e1ri\u00f0, er m\u00f6guleiki a\u00f0 kanna sl\u00edkt samstarf \u00e1 \u00feessu \u00e1ri? \u00cd tilefni afm\u00e6lisins a\u00f0 hafa st\u00f3ra f\u00edna h\u00e1t\u00ed\u00f0 \u00ed Borgarleikh\u00fasinu, kanna \u00fea\u00f0. Um a\u00f0 gera ef \u00e1hugi er fyrir stuttverkum a\u00f0 hafa h\u00e1t\u00ed\u00f0.<\/p>\n<p class=\"p3\">Hugmynd um a\u00f0 halda haustfund e\u00f0a afm\u00e6li \u00ed haust. Hafa 65 stuttverk, eitt fyrir hvert \u00e1r. E\u00f0a \u00f6rverk. Halda upp \u00e1 afm\u00e6li\u00f0 me\u00f0 einhverjum h\u00e6tti. Stofna afm\u00e6lisnefnd sem skipuleggur afm\u00e6li\u00f0. Nota afm\u00e6li\u00f0<span class=\"Apple-converted-space\">\u00a0 <\/span>til a\u00f0 koma Bandalaginu \u00e1 framf\u00e6ri \u00ed fj\u00f6lmi\u00f0lum.<\/p>\n<p class=\"p3\"><b>H\u00f3pur 4<\/b><\/p>\n<p class=\"p3\">H\u00f3pstj\u00f3ri: Axel Vatnsdal, Leikf\u00e9lagi H\u00f6rgd\u00e6la<\/p>\n<p class=\"p3\">B\u00e1ra Einarsd\u00f3ttir, Umf. Reykd\u00e6la<\/p>\n<p class=\"p3\">Au\u00f0ur J\u00f3nasd\u00f3ttir, Leikf\u00e9lagi H\u00fasav\u00edkur<\/p>\n<p class=\"p3\">Ger\u00f0ur Halld\u00f3ra Sigur\u00f0ard\u00f3ttir, Leikf\u00e9lagi Selfoss<\/p>\n<p class=\"p3\">Ingibj\u00f6rg L\u00e1rusd\u00f3ttir, Leikf\u00e9lagi Sey\u00f0isfjar\u00f0ar<\/p>\n<p class=\"p3\">Bjarki Ingason, Leikf\u00e9lagi Nor\u00f0fjar\u00f0ar<\/p>\n<p class=\"p3\">Jenn\u00fd D\u00f6gg Hei\u00f0arsd\u00f3ttir, Leikf\u00e9lagi Dalv\u00edkur<\/p>\n<p class=\"p3\">Stef\u00e1n Steinar J\u00f3nsson, Litla leikkl\u00fabbnum<\/p>\n<p class=\"p3\"><i>Almenn starfsemi<\/i><\/p>\n<p>1. Rekstur \u00fej\u00f3nustumi\u00f0st\u00f6\u00f0var, Leiklistarsk\u00f3la, Leiklistarvefsins og annarra fastra li\u00f0a \u00ed starfseminni.<\/p>\n<p class=\"p3\">V\u00edsum til stj\u00f3rnar og framkv\u00e6mdastj\u00f3ra a\u00f0 sko\u00f0a hvort h\u00fasn\u00e6\u00f0i Leikf\u00e9lags K\u00f3pavogs henti undir skrifstofu Bandalagsins. Mj\u00f6g \u00e1n\u00e6g\u00f0 me\u00f0 fj\u00e1rhaldsstj\u00f3rn og \u00fatsj\u00f3narsemi \u00ed rekstri Bandalagsins. Viljum l\u00fdsa mikilli \u00e1n\u00e6gju me\u00f0 vefinn og l\u00e9nsherrann og vonumst til a\u00f0 h\u00e6gt ver\u00f0i a\u00f0 finna lei\u00f0ir til a\u00f0 halda honum betur vi\u00f0 framvegis. Vi\u00f0bur\u00f0adagatal? Sk\u00f3linn. J\u00e1. Halda \u00e1fram g\u00f3\u00f0u starfi. Big l\u00e6k. J\u00e1 og n\u00e1mskei\u00f0 tengd t\u00f3nlist \u00ed leiks\u00fdningum?<\/p>\n<p class=\"p3\"><i>2. Leita eftir h\u00e6kku\u00f0um framl\u00f6gum \u00far opinberum sj\u00f3\u00f0um og fr\u00e1 einkaa\u00f0ilum til starfsemi \u00e1hugaleikf\u00e9laganna og sameiginlegra verkefna.<\/i><\/p>\n<p class=\"p3\">Bara halda \u00e1fram a\u00f0 reyna. Senda \u00e1lyktun a\u00f0alfundar til r\u00e1\u00f0uneytis um mikilv\u00e6gi skrifstofunnar fyrir starfsemi leikf\u00e9laganna?<\/p>\n<p class=\"p3\"><i>S\u00e9rverkefni \u00e1rsins<\/i><\/p>\n<p class=\"p3\"><i>1. Skipuleggja stuttverkah\u00e1t\u00ed\u00f0 \u00e1 leik\u00e1rinu.<\/i><\/p>\n<p class=\"p3\"><i>2. Vekja athygli \u00e1 65 \u00e1ra afm\u00e6li Bandalags \u00edslenskra leikf\u00e9laga.<\/i><\/p>\n<p class=\"p3\">65 \u00e1ra bandalagsafm\u00e6lis-\u00fej\u00f3\u00f0leiks-stuttverkah\u00e1t\u00ed\u00f0 me\u00f0 viku fyrirvara og handritas\u00fdningu.<\/p>\n<p class=\"p3\"><b>H\u00f3pur 5<\/b><\/p>\n<p class=\"p3\">H\u00f3pstj\u00f3ri: Elli Hafli\u00f0ason, Leikf\u00e9lagi Selfoss<\/p>\n<p class=\"p3\">Vilhj\u00e1lmur J\u00f3n Gu\u00f0j\u00f3nsson, Halaleikh\u00f3pnum<\/p>\n<p class=\"p3\">Svanur Kristj\u00e1nsson,\u00a0Leikf\u00e9lagi H\u00f3lmav\u00edkur<\/p>\n<p class=\"p3\">Helga \u00d3sk Sn\u00e6dal \u00de\u00f3rormsd\u00f3ttir, Leikf\u00e9lagi Nor\u00f0fjar\u00f0ar<\/p>\n<p class=\"p3\">Eygl\u00f3 Bjorg J\u00f3hannsd\u00f3ttir, Leikf\u00e9lagi Sey\u00f0isfjar\u00f0ar<\/p>\n<p class=\"p3\">Sigr\u00ed\u00f0ur Hafsteinsd\u00f3ttir, Leikf\u00e9lagi Selfoss<\/p>\n<p class=\"p3\">Inga H\u00f3lmfr\u00ed\u00f0ur Gunnarsd\u00f3tir, Umf. Skallagr\u00edmi<\/p>\n<p class=\"p3\"><i>Almenn starfsemi<\/i><\/p>\n<p>1. Rekstur \u00fej\u00f3nustumi\u00f0st\u00f6\u00f0var, Leiklistarsk\u00f3la, Leiklistarvefsins og annarra fastra li\u00f0a \u00ed starfseminni.<\/p>\n<p class=\"p3\">\u00dej\u00f3nustumi\u00f0st\u00f6\u00f0 er mest n\u00fdtt fyrir verslunina, handrit, styrki og \u00fdmis samskipti vi\u00f0 \u00fe\u00fd\u00f0endur og h\u00f6funda. Vilborg er h\u00e6gri h\u00f6nd allra, \u00f3tr\u00falega gott a\u00f0 eiga hana a\u00f0. Fr\u00e1b\u00e6rt a\u00f0 \u00fea\u00f0 s\u00e9 a\u00f0 koma netverslun fyrir v\u00f6rur. Kemur s\u00e9r s\u00e9rstaklega vel fyrir leikf\u00e9l\u00f6g \u00fati \u00e1 landi<\/p>\n<p class=\"p3\">\u00c1bending: \u00dea\u00f0 vantar uppl\u00fdsingar \u00e1 s\u00ed\u00f0una fyrir n\u00fdtt f\u00f3lk um hvar ma\u00f0ur setur inn handrit sem ma\u00f0ur hefur veri\u00f0 a\u00f0 gera og er b\u00fainn a\u00f0 s\u00fdna.<\/p>\n<p class=\"p3\">Um a\u00f0 gera a\u00f0 deila leiklistars\u00ed\u00f0unni n\u00fdju svo fleiri viti af \u00fej\u00f3nustunni sem er \u00ed bo\u00f0. B\u00fa\u00f0in er fyrir alla, tilvali\u00f0 a\u00f0 minna \u00e1 hana fyrir hrekkjav\u00f6ku, vi\u00f0 grunnsk\u00f3la og fleiri.<\/p>\n<p class=\"p3\">Fr\u00e1b\u00e6rt ef h\u00e6gt v\u00e6ri a\u00f0 komast \u00ed h\u00fasn\u00e6\u00f0i hj\u00e1 Leikf\u00e9lagi K\u00f3pavogs. Sta\u00f0a h\u00fasn\u00e6\u00f0ism\u00e1la hefur samt sjaldan veri\u00f0 betri en n\u00fa svo \u00fea\u00f0 er spurning hvort \u00fea\u00f0 myndi borga sig fyrir Bandalagi\u00f0 a\u00f0 flytja sig \u00ed h\u00fasn\u00e6\u00f0i Leikf\u00e9lags K\u00f3pavogs. Full \u00e1st\u00e6\u00f0a fyrir stj\u00f3rnina a\u00f0 sko\u00f0a \u00feessi m\u00e1l n\u00e1nar b\u00e6\u00f0i kosti \u00feess og galla. Vi\u00f0 vitum hva\u00f0 vi\u00f0 h\u00f6fum en hva\u00f0 gerist eftir 2 til 3 \u00e1r me\u00f0 h\u00fasn\u00e6\u00f0i hj\u00e1 Leikf\u00e9lagi K\u00f3pavogs?<\/p>\n<p class=\"p3\">Leiklistarsk\u00f3linn hefur umbreytt \u00f6llu leiklistarstarfi um allt land, f\u00f3lk finnur fyrir meira \u00f6ryggi, reynslu og \u00feekkingu, hittir f\u00f3lk \u00ed s\u00f6mu huglei\u00f0ingum. Sk\u00f3linn hefur skila\u00f0 mj\u00f6g miklum metna\u00f0i \u00ed leikf\u00e9l\u00f6gin. \u00dea\u00f0 \u00fearf a\u00f0 n\u00e1 til fleiri leikf\u00e9laga \u00fati \u00e1 landi. Gott v\u00e6ri a\u00f0 kynna hann betur \u00fat \u00e1 vi\u00f0.<\/p>\n<p class=\"p3\">Tillaga um a\u00f0 sko\u00f0a hvort s\u00e9 a\u00f0 finna \u00f3d\u00fdrara h\u00fasn\u00e6\u00f0i fyrir Leiklistarsk\u00f3lann, \u00ed \u00fea\u00f0 minnsta a\u00f0 fylgjast me\u00f0 \u00fer\u00f3un m\u00e1la. Gott a\u00f0 sko\u00f0a hvernig fyrsta \u00e1ri\u00f0 me\u00f0 n\u00fdjum rekstrara\u00f0ilum reynist. Spurning um Laugarger\u00f0i og Varmaland?<\/p>\n<p class=\"p3\"><i>2. Leita eftir h\u00e6kku\u00f0um framl\u00f6gum \u00far opinberum sj\u00f3\u00f0um og fr\u00e1 einkaa\u00f0ilum til starfsemi \u00e1hugaleikf\u00e9laganna og sameiginlegra verkefna.<\/i><\/p>\n<p class=\"p3\">\u00deyrfti a\u00f0 koma \u00e1lyktun af fundinum til r\u00e1\u00f0herra um auki\u00f0 framlag. Leikf\u00e9l\u00f6gin g\u00e6tu sent br\u00e9f \u00e1 alla \u00feingmenn \u00ed hverju umd\u00e6mi fyrir sig. V\u00e6ri gott ef br\u00e9f v\u00e6ri sami\u00f0 og allir myndu senda \u00fea\u00f0 sama. Tillaga a\u00f0 stj\u00f3rn og framkv\u00e6mdastj\u00f3ri hafi samband vi\u00f0 menntam\u00e1lar\u00e1\u00f0herra og r\u00e6\u00f0i vi\u00f0 hann um framt\u00ed\u00f0 Bandalagsins. H\u00f6ldum \u00e1fram a\u00f0 leita a\u00f0 h\u00e6rri framl\u00f6gum.<\/p>\n<p class=\"p3\"><i>S\u00e9rverkefni \u00e1rsins<\/i><\/p>\n<p class=\"p3\"><i>1. Skipuleggja stuttverkah\u00e1t\u00ed\u00f0 \u00e1 leik\u00e1rinu.<\/i><\/p>\n<p class=\"p3\"><i>2. Vekja athygli \u00e1 65 \u00e1ra afm\u00e6li Bandalags \u00edslenskra leikf\u00e9laga.<\/i><\/p>\n<p class=\"p3\">Mj\u00f6g g\u00f3\u00f0 hugmynd a\u00f0 leikf\u00e9l\u00f6gin \u00ed landinu sameinist og vinni me\u00f0 sama verki\u00f0 \u00ed tilefni afm\u00e6lish\u00e1t\u00ed\u00f0arinnar. Myndi skapa mikla athygli \u00fat\u00e1vi\u00f0. Handritsf\u00f3lki\u00f0 okkar g\u00e6ti skrifa\u00f0 handrit. Me\u00f0 \u00feessu eru leikritah\u00f6fundar \u00e1 sv\u00e6\u00f0inu virkja\u00f0ir, leikf\u00e9l\u00f6gin tengd saman og \u00fea\u00f0 v\u00e6ri gaman a\u00f0 sj\u00e1 hva\u00f0 a\u00f0rir eru a\u00f0 gera.<\/p>\n<p class=\"p3\">Tillaga til stj\u00f3rnar um a\u00f0 sko\u00f0a m\u00f6guleika \u00e1 \u00feessari hugmynd og sameina stuttverkah\u00e1t\u00ed\u00f0, afm\u00e6li og s\u00fdningu sem v\u00e6ri \u00ed svipu\u00f0u formi og \u00dej\u00f3\u00f0leikur. Nau\u00f0synlegt a\u00f0 hafa g\u00f3\u00f0a fr\u00e9ttaumfj\u00f6llun um \u00feennan vi\u00f0bur\u00f0.<\/p>\n<p class=\"p3\">\u00d6nnur hugmynd er a\u00f0 hafa handritakeppni \u00ed anda Uppsprettunnar. \u00d6llum frj\u00e1lst a\u00f0 senda inn handrit. H\u00e6gt v\u00e6ri a\u00f0 velja s\u00ed\u00f0an 3-4 verk (e\u00f0a bara eitt) sem v\u00e6ri s\u00ed\u00f0an h\u00e6gt a\u00f0 s\u00fdna \u00e1 sama t\u00edma \u00ed \u00f6llum landshlutum.<\/p>\n<p class=\"p3\">Stuttverkah\u00e1t\u00ed\u00f0ir \u00ed hverjum landshluta fyrir sig v\u00e6ri hentugra til a\u00f0 fleiri leikf\u00e9l\u00f6g g\u00e6tu teki\u00f0 \u00fe\u00e1tt og fer\u00f0al\u00f6g myndu ekki hamla \u00fe\u00e1ttt\u00f6ku um of.<\/p>\n<p class=\"p3\"><b>H\u00f3pur 6<\/b><\/p>\n<p class=\"p3\">H\u00f3pstj\u00f3ri: \u00c1rn\u00fd Leifsd\u00f3ttir, Leikf\u00e9lag \u00d6lfuss<\/p>\n<p class=\"p3\">\u00c1sta \u00de\u00f3risd\u00f3ttir, Leikf\u00e9lagi H\u00f3lmav\u00edkur<\/p>\n<p class=\"p3\">\u00c1sa Hildur Gu\u00f0j\u00f3nsd\u00f3ttir, Halaleikh\u00f3pnum<\/p>\n<p class=\"p3\">J\u00f3nhei\u00f0ur \u00cdsleifsd\u00f3ttir, Leikf\u00e9lagi Selfoss<\/p>\n<p class=\"p3\">J\u00f3nas \u00deorkelsson, Umf. Skallagr\u00edmi<\/p>\n<p class=\"p3\">Stef\u00e1n H. J\u00f3hannsson, Leikf\u00e9lagi Hafnarfjar\u00f0ar<\/p>\n<p class=\"p3\">\u00c1g\u00fast Freyr Magn\u00fasson, Leikf\u00e9lagi Sey\u00f0isfjar\u00f0ar<\/p>\n<p class=\"p3\"><i>Almenn starfsemi<\/i><\/p>\n<p>1. Rekstur \u00fej\u00f3nustumi\u00f0st\u00f6\u00f0var, Leiklistarsk\u00f3la, Leiklistarvefsins og annarra fastra li\u00f0a \u00ed starfseminni.<\/p>\n<p class=\"p3\">\u00dej\u00f3nustumi\u00f0st\u00f6\u00f0 &#8211; Almenn \u00e1n\u00e6gja var me\u00f0 starfsemi \u00fej\u00f3nustumi\u00f0st\u00f6\u00f0var og \u00feegar kom a\u00f0 umr\u00e6\u00f0um um flutning \u00fe\u00e1 vorum a\u00f0 vi\u00f0 samm\u00e1la um a\u00f0 \u00fea\u00f0 v\u00e6ri hugmynd sem vert v\u00e6ri a\u00f0 sko\u00f0a ef m\u00f6guleiki v\u00e6ri a\u00f0 samr\u00e6ma starfsemi Leikf\u00e9lags K\u00f3pavogs og \u00fej\u00f3nustmi\u00f0st\u00f6\u00f0varinnar. \u00cd \u00fev\u00ed samhengi \u00fearf a\u00f0 sko\u00f0a t\u00edmaramma \u00fe.e. til hve langs t\u00edma er veri\u00f0 a\u00f0 flytja, \u00fea\u00f0 borgar sig kannski ekki til skamms t\u00edma og einnig \u00fearf a\u00f0 kanna hvort \u00f6ryggi lagers og handritasafns s\u00e9 tryggt.<\/p>\n<p class=\"p3\">\u00de\u00e1 var r\u00e6tt um sk\u00f3lann og hve mikilv\u00e6gt v\u00e6ri a\u00f0 hann h\u00e9ldi \u00e1fram \u00ed n\u00faverandi mynd og viljum vi\u00f0 hvetja \u00f6ll leikf\u00e9l\u00f6g a\u00f0 sty\u00f0ja vi\u00f0 baki\u00f0 \u00e1 \u00feeim sem vilja s\u00e6kja sk\u00f3lann og kynna hann fyrir leikf\u00e9l\u00f6gum s\u00ednum.<span class=\"Apple-converted-space\">\u00a0 <\/span>Einnig \u00e1 sk\u00f3lanefnd hr\u00f3s skili\u00f0 fyrir a\u00f0 hafa n\u00e1\u00f0 a\u00f0 halda kostna\u00f0i \u00fe\u00f3 \u00feetta l\u00e1gum (undir 100 \u00fe\u00fas) fyrir 10 daga n\u00e1mskei\u00f0, f\u00e6\u00f0i og h\u00fasn\u00e6\u00f0i. \u00de\u00e1 kom fram s\u00fa hugmynd a\u00f0 Bandalagi\u00f0 g\u00e6ti sta\u00f0i\u00f0 fyrir styttri t\u00e6knin\u00e1mskei\u00f0um og \u00f6rfyrirlestrum og \u00fe\u00e1 s\u00e9rstaklega um t\u00e6knim\u00e1l (b\u00faninga, lj\u00f3s, hlj\u00f3\u00f0, leikgerfi, smink, leikmyndah\u00f6nnun og sm\u00ed\u00f0i). Einnig var kalla\u00f0 eftir n\u00e1mskei\u00f0i \u00ed kynningarm\u00e1lum, fj\u00e1r\u00f6flun, styrkjum og \u00f6flun n\u00fdrra f\u00e9laga og var bent \u00e1 \u00ed umr\u00e6\u00f0um a\u00f0 nota facebook og landsneti\u00f0 \u00ed svolei\u00f0is umr\u00e6\u00f0ur. Einnig kom fram a\u00f0 komin v\u00e6ri t\u00edmi \u00e1 n\u00e1mskei\u00f0 \u00ed stj\u00f3rnun leikf\u00e9laga sem tekur \u00e1 m\u00f6rgum \u00feessara \u00fe\u00e1tta.<\/p>\n<p class=\"p3\">\u00de\u00e1 var r\u00e6tt um n\u00fdjan vef og mikilv\u00e6gi \u00feess a\u00f0 n\u00fdta hann vel. Hafa g\u00f3\u00f0ar uppl\u00fdsingar um hvar h\u00e6gt er a\u00f0 s\u00e6kja styrki t.d. til leikfer\u00f0a og einnig m\u00e6tti b\u00e6ta inn meiri uppl\u00fdsingum um a\u00f0ildarf\u00e9l\u00f6gin en a\u00f0 sj\u00e1lfs\u00f6g\u00f0u er \u00fea\u00f0 \u00e1 \u00feeirra \u00e1byrg\u00f0 a\u00f0 halda uppl\u00fdsingum um sig uppf\u00e6r\u00f0um \u00e1 s\u00ed\u00f0unni og linka \u00e1 vefi og facebook s\u00ed\u00f0ur. Upp kom hugmynd um hvort v\u00e6ri h\u00e6gt a\u00f0 selja augl\u00fdsingar \u00e1 vefnum.<\/p>\n<p class=\"p3\"><i>2. Leita eftir h\u00e6kku\u00f0um framl\u00f6gum \u00far opinberum sj\u00f3\u00f0um og fr\u00e1 einkaa\u00f0ilum til starfsemi \u00e1hugaleikf\u00e9laganna og sameiginlegra verkefna.<\/i><\/p>\n<p class=\"p3\">J\u00e1 \u00fea\u00f0 \u00e1 endilega a\u00f0 vinna \u00ed a\u00f0 s\u00e6kja auki\u00f0 fj\u00e1rmagn \u00ed starfsemi Bandalagsins og styrki til leikf\u00e9lagana. Vi\u00f0 \u00feurfum a\u00f0 vinna \u00ed \u00fev\u00ed a\u00f0 vera s\u00fdnileg. Kynna Bandalagi\u00f0 og mikilv\u00e6gi \u00feess \u00ed menningarstarfi landsins, s\u00e9rstaklega \u00ed minni samf\u00e9l\u00f6gum \u00fati \u00e1 landi. N\u00fdta 65 \u00e1ra afm\u00e6li\u00f0 til a\u00f0 gera kynningar\u00e1tak, f\u00e1 fj\u00f6lmi\u00f0la umf\u00f6llum og skrifa sj\u00e1lf greinar \u00ed bl\u00f6\u00f0in. \u00dea\u00f0 v\u00e6ri gott a\u00f0 f\u00e1 standard texta um Bandalagi\u00f0, s\u00e9rstaklega til a\u00f0 setja \u00ed leikskr\u00e1r \u00fev\u00ed vi\u00f0 \u00feurfum a\u00f0 sj\u00e1lfs\u00f6g\u00f0u a\u00f0 vera dugleg a\u00f0 kynna Bandalagi\u00f0.<\/p>\n<p class=\"p3\"><i>S\u00e9rverkefni \u00e1rsins<\/i><\/p>\n<p class=\"p3\"><i>1. Skipuleggja stuttverkah\u00e1t\u00ed\u00f0 \u00e1 leik\u00e1rinu.<\/i><\/p>\n<p class=\"p3\"><i>2. Vekja athygli \u00e1 65 \u00e1ra afm\u00e6li Bandalags \u00edslenskra leikf\u00e9laga.<\/i><\/p>\n<p class=\"p3\">Vi\u00f0 r\u00e6ddum s\u00e9rverkefni 1 og 2 saman og vildum stinga upp \u00e1 \u00fev\u00ed a\u00f0 haldin yr\u00f0i stuttverka samkeppni \u00fear sem valin yr\u00f0u 3-4 verk sem leikf\u00e9l\u00f6g g\u00e6tu vali\u00f0 \u00far og sett upp eitt e\u00f0a fleiri og svo yr\u00f0u haldnar leiklistarh\u00e1t\u00ed\u00f0ir \u00ed hverjum landsfj\u00f3r\u00f0ungi \u00e1 sama t\u00edma \u00ed tengslum vi\u00f0 65 \u00e1ra afm\u00e6li\u00f0. Vi\u00f0 leggjum til a\u00f0 reyna a\u00f0 gera miki\u00f0 \u00far \u00feessu og bj\u00f3\u00f0a merki f\u00f3lki \u00e1 h\u00e1t\u00ed\u00f0arnar og skipa afm\u00e6lisnefnd til a\u00f0 sj\u00e1 um undirb\u00faning \u00e1samt stj\u00f3rn. Einnig leggjum vi\u00f0 til a\u00f0 Menntam\u00e1lar\u00e1\u00f0herra ver\u00f0i afhent b\u00f3kin Allt fyrir andann, me\u00f0 vi\u00f0h\u00f6fn.<\/p>\n<p class=\"p3\"><i>Umr\u00e6\u00f0ur:<\/i><\/p>\n<p class=\"p3\">H\u00f6r\u00f0ur Sigur\u00f0arson f\u00f3r yfir nokkur atri\u00f0i sem komu fram \u00ed h\u00f3pastarfinu var\u00f0andi vefinn. Mikilv\u00e6gt a\u00f0 f\u00e9l\u00f6gin sendi inn myndir \u00ed g\u00f3\u00f0ri upplausn svo \u00fe\u00e6r skili s\u00e9r sem best. Vi\u00f0bur\u00f0adagatal er vel framkv\u00e6manleg hugmynd og hefur veri\u00f0 reynt en \u00fe\u00f3tti of frekt \u00e1 t\u00edma starfsf\u00f3lks. Bi\u00f0la\u00f0i til f\u00e9laganna a\u00f0 fara yfir uppl\u00fdsingar var\u00f0andi sitt f\u00e9lag \u00e1 vefnum og b\u00e6ta vi\u00f0 ef \u00fe\u00f6rf v\u00e6ri \u00e1. Uppl\u00fdsingas\u00ed\u00f0a \u00e1 vefnum er til en \u00fea\u00f0 m\u00e1 b\u00e6ta vi\u00f0 uppl\u00fdsingum. T\u00f3k vel \u00ed a\u00f0 setja inn standard texta um Bandalagi\u00f0 inn \u00e1 vefinn fyrir f\u00e9l\u00f6g til a\u00f0 setja \u00ed leikskr\u00e1.<\/p>\n<p class=\"p3\">Eygl\u00f3 Bjorg J\u00f3hannsd\u00f3ttir stakk upp \u00e1 a\u00f0 sent yr\u00f0i br\u00e9f til menntam\u00e1lar\u00e1\u00f0uneytis og \u00feingmanna og \u00fev\u00ed fylgt eftir til a\u00f0 kynna Bandalagi\u00f0.<\/p>\n<p class=\"p3\">F. Elli Hafli\u00f0ason l\u00fdsti yfir \u00e1n\u00e6gju sinni me\u00f0 hugmynd um a\u00f0 f\u00e1 atvinnuleikh\u00fasf\u00f3lk til a\u00f0 segja fr\u00e1 reynslu sinni af \u00e1hugaleikh\u00fasi. Benti \u00e1 gagnsemi n\u00e1mskei\u00f0a og \u00fe\u00e1 s\u00e9rstaklega \u00ed stj\u00f3rnun leikf\u00e9laga. Hann stakk upp \u00e1 a\u00f0 \u00fatb\u00fainn yr\u00f0i listi me\u00f0 lei\u00f0beinendum \u00ed leiklist, samb\u00e6rilegt vi\u00f0 leikstj\u00f3ralistann.<\/p>\n<p class=\"p3\">Nanna Vilhelmsd\u00f3ttir b\u00e6tti vi\u00f0 umr\u00e6\u00f0u \u00far h\u00f3pastarfinu sem gleymdist a\u00f0 nefna, um a\u00f0 halda \u00e6tti stuttverkah\u00e1t\u00ed\u00f0 t.d. fyrir nor\u00f0an. Ekki alltaf \u00e1 h\u00f6fu\u00f0borgarsv\u00e6\u00f0inu.<\/p>\n<p class=\"p3\">Hrefna Fri\u00f0riksd\u00f3tir sag\u00f0ist taka \u00f6llum hugmyndum var\u00f0andi sk\u00f3lann fagnandi og \u00fe\u00e6r yr\u00f0u sko\u00f0a\u00f0ar. Benti f\u00f3lki \u00e1 a\u00f0 nota Facebookh\u00f3pinn (Landsneti\u00f0) til a\u00f0 kynna hugmyndir og gefa g\u00f3\u00f0 r\u00e1\u00f0 t.d. var\u00f0andi \u00f6flun f\u00e9laga og a\u00f0ra fr\u00e6\u00f0slu.<\/p>\n<p class=\"p3\">J\u00f3nhei\u00f0ur \u00cdsleifsd\u00f3ttir og Hulda Gunnarsd\u00f3ttir hv\u00f6ttu f\u00f3lk til a\u00f0 nota Facebook-h\u00f3pinn meira.<\/p>\n<p class=\"p3\">Embla Gu\u00f0mundsd\u00f3ttir \u00feakka\u00f0i h\u00f3pum fyrir margar g\u00f3\u00f0ar hugmyndir.<\/p>\n<p class=\"p3\">Gu\u00f0finna Gunnarsd\u00f3ttir steig \u00ed pontu og \u00e1r\u00e9tta\u00f0i a\u00f0 r\u00e6\u00f0a \u00feyrfti vi\u00f0 mennta- og menningarm\u00e1lar\u00e1\u00f0herrann og kn\u00fdja fram \u00farb\u00e6tur var\u00f0andi Bandalagi\u00f0 og h\u00e6kkun styrkja vi\u00f0 f\u00e9l\u00f6gin og \u00fej\u00f3nustumi\u00f0st\u00f6\u00f0.<\/p>\n<p class=\"p3\">Bernhar\u00f0 Arnarsson benti \u00e1 a\u00f0 \u00ed starfs\u00e1\u00e6tlun vanta\u00f0i li\u00f0inn um samstarf vi\u00f0 \u00dej\u00f3\u00f0leikh\u00fasi\u00f0 og v\u00e6ri \u00fea\u00f0 af \u00e1settu r\u00e1\u00f0i \u00fear sem allir hafa veri\u00f0 samm\u00e1la um a\u00f0 \u00fea\u00f0 haldi \u00e1fram.<\/p>\n<p class=\"p3\">\u00c1rmann Gu\u00f0mundsson b\u00e6tti vi\u00f0 \u00fea\u00f0 sem Gu\u00f0finna tala\u00f0i um var\u00f0andi mennta- og menningarm\u00e1lar\u00e1\u00f0uneyti\u00f0 a\u00f0 einnig \u00feyrfti a\u00f0f\u00e1 sk\u00fdringu \u00e1 hvers vegna ekki v\u00e6ru lengur veittir styrkir til f\u00e9laga sem fara me\u00f0 leiks\u00fdningar til annarra landa.<\/p>\n<p class=\"p3\">F. Elli Hafli\u00f0ason benti \u00e1 a\u00f0 li\u00f0urinn var\u00f0andi \u00dej\u00f3\u00f0leikh\u00fasi\u00f0 v\u00e6ri ekki \u00ed h\u00f6ndum Bandalagsins heldur alfari\u00f0 \u00e1 \u00dej\u00f3\u00f0leikh\u00fassins vegum og \u00fev\u00ed \u00f3\u00fearfi a\u00f0 r\u00e6\u00f0a hann \u00e1 a\u00f0alfundi.<\/p>\n<p class=\"p3\">Vilborg Valgar\u00f0sd\u00f3ttir sag\u00f0i fr\u00e1 \u00fev\u00ed a\u00f0 h\u00fan hef\u00f0i gert athugasemd vi\u00f0 mennta- og menningarm\u00e1lar\u00e1\u00f0uneyti\u00f0 var\u00f0andi styrkveitingar til utanfer\u00f0a leikf\u00e9laga og h\u00fan f\u00e9kk \u00feau sv\u00f6r a\u00f0 sj\u00f3\u00f0urinn hef\u00f0i veri\u00f0 t\u00e6mdur \u00feegar Leikf\u00e9lagi\u00f0 S\u00fdnir s\u00f3tti um. Leikf\u00e9l\u00f6gin yr\u00f0u a\u00f0 s\u00e6kja um t\u00edmanlega, helst um lei\u00f0 og fyrir l\u00e6gi a\u00f0 \u00feau v\u00e6ru a\u00f0 fara.<\/p>\n<p class=\"p3\">Hrefna Fri\u00f0riksd\u00f3ttir stakk upp \u00e1 \u00fev\u00ed a\u00f0 tala\u00f0 yr\u00f0i vi\u00f0 sj\u00f3nvarpi\u00f0 \u00ed tengslum vi\u00f0 65 \u00e1ra afm\u00e6li Bandalagsins og \u00fea\u00f0 fengi\u00f0 til a\u00f0 gera \u00fe\u00e1tt um starf leikf\u00e9laganna \u00ed gegnum t\u00ed\u00f0ina, t.d. s\u00fdna brot \u00far uppsetningum.<\/p>\n<p class=\"p3\">Dan\u00edel Freyr J\u00f3nsson l\u00fdsti yfir hrifningu me\u00f0 hugmynd Hrefnu og taldi l\u00edklegt a\u00f0 h\u00e6gt v\u00e6ri a\u00f0 selja sj\u00f3nvarpinu \u00feessa hugmynd \u00fev\u00ed \u00fea\u00f0 g\u00e6ti \u00fearna framleitt mj\u00f6g \u00f3d\u00fdra \u00fe\u00e6tti \u00fear sem efni\u00f0 s\u00e9 a\u00f0 mestu til.<\/p>\n<p class=\"p3\">H\u00f6r\u00f0ur Sigur\u00f0arson r\u00e6ddi h\u00f6funda- og \u00fe\u00fd\u00f0endalaun og nefndi a\u00f0 stuttir leik\u00fe\u00e6ttir v\u00e6ru hlutfallslega d\u00fdrari en lengri \u00ed uppsetningu \u00fear sem skv. samningi \u00feyrfti alltaf a\u00f0 grei\u00f0a fyrir a\u00f0 l\u00e1gmarki 8 s\u00fdningar fyrir hvern \u00fe\u00e1tt. Hann rifja\u00f0i upp a\u00f0 hann hef\u00f0i be\u00f0i\u00f0 stj\u00f3rn um a\u00f0 reyna a\u00f0 semja um \u00feetta upp \u00e1 n\u00fdtt vi\u00f0 F\u00e9lag leiksk\u00e1lda og handritsh\u00f6funda \u00e1 a\u00f0alfundi fyrir tveimur \u00e1rum en ekkert hef\u00f0i gerst \u00ed \u00feessum m\u00e1lum.<\/p>\n<p class=\"p3\">Vilborg Valgar\u00f0sd\u00f3ttir svara\u00f0i Her\u00f0i a\u00f0 \u00feetta hef\u00f0i veri\u00f0 r\u00e6tt \u00ed stj\u00f3rn en ekkert veri\u00f0 a\u00f0hafst. Ef \u00feetta k\u00e6mi inn sem li\u00f0ur \u00e1 starfs\u00e1\u00e6tlun yr\u00f0i stj\u00f3rn a\u00f0 taka m\u00e1li\u00f0 fyrir.<\/p>\n<p class=\"p3\">Ingvar Gu\u00f0ni Brynj\u00f3lfsson, Leikf\u00e9lagi Selfoss, sag\u00f0i fr\u00e1 hugmyndum s\u00ednum um a\u00f0 b\u00e6ta starfsumhverfi t\u00e6knif\u00f3lks \u00ed leikh\u00fasum. T\u00e6knif\u00f3lk v\u00e6ri oft einangra\u00f0 \u00ed s\u00ednu starfi \u00feegar settar eru upp s\u00fdningar og finnst honum a\u00f0 \u00fea\u00f0 vanti einhverskonar stu\u00f0ningsnet. Hann stofna\u00f0i h\u00f3p \u00e1 Facebook fyrir t\u00e6knif\u00f3lk \u00fear sem h\u00e6gt er a\u00f0 mi\u00f0la uppl\u00fdsingum og kynnast og v\u00e6ri til \u00ed a\u00f0 s\u00e1 h\u00f3pur yr\u00f0i st\u00e6rri og virkari. Hann lag\u00f0i til a\u00f0 haldin yr\u00f0u t\u00e6knin\u00e1mskei\u00f0 samhli\u00f0a uppsetningu valinna s\u00fdninga \u00fear sem fari\u00f0 yr\u00f0i yfir \u00f6ll \u00feau atri\u00f0i er t\u00e6knim\u00e1l var\u00f0a. Hann \u00f3ska\u00f0i eftir \u00fev\u00ed a\u00f0 f\u00e1 f\u00f3lk \u00ed li\u00f0 me\u00f0 s\u00e9r til a\u00f0 gera hugmyndina a\u00f0 veruleika.<\/p>\n<p class=\"p3\"><b> 11. Kj\u00f6rnefnd tilkynnir ni\u00f0urst\u00f6\u00f0ur s\u00ednar og m\u00e6lir me\u00f0 a.m.k. 1 a\u00f0ila \u00ed hvert s\u00e6ti sem kj\u00f3sa skal \u00ed.<\/b><\/p>\n<p class=\"p3\">Ger\u00f0ur Sigur\u00f0ard\u00f3ttir kynnti st\u00f6\u00f0una \u00ed frambo\u00f0sm\u00e1lum.<\/p>\n<p class=\"p3\"><b> 12. Lagabreytingar.<\/b><\/p>\n<p class=\"p3\">Engar lagabreytingatill\u00f6gur l\u00e1gu fyrir fundinum.<\/p>\n<p class=\"p3\"><b> 13. Till\u00f6gur lag\u00f0ar fyrir fundinn.<\/b><\/p>\n<p class=\"p3\">\u00d3l\u00f6f \u00de\u00f3r\u00f0ard\u00f3ttir bar upp eftirfarndi till\u00f6gu stj\u00f3rnar:<\/p>\n<p class=\"p3\">Stj\u00f3rn Bandalags \u00edslenskra leikf\u00e9laga leggur til a\u00f0 1 m. kr. af verkefnastyrk<\/p>\n<p class=\"p3\">a\u00f0ildarf\u00e9laganna ver\u00f0i l\u00e1tin ganga til rekstrar \ufb01j\u00f3nustumi\u00f0st\u00f6\u00f0var Bandalagsins.<\/p>\n<p class=\"p3\">Fh. stj\u00f3rnar,<\/p>\n<p class=\"p3\">\u00d3l\u00f6f \u00de\u00f3r\u00f0ard\u00f3ttir<\/p>\n<p class=\"p3\">Brynhildur Sveinsd\u00f3ttir lag\u00f0i fram breytingartill\u00f6gu um a\u00f0 h\u00e6kka upph\u00e6\u00f0ina \u00ed 1,5 m.kr.<\/p>\n<p class=\"p3\">\u00d3l\u00f6f benti \u00e1 a\u00f0 mi\u00f0a\u00f0 vi\u00f0 a\u00f0 38 leikf\u00e9l\u00f6g settu upp verk \u00ed fyrra \u00ed fyrra mundi tillaga Brynhildar \u00fe\u00fd\u00f0a a\u00f0 styrkur leikf\u00e9laga l\u00e6kka\u00f0i um 13.000 kr. \u00e1 leikf\u00e9lag ef hvert \u00feeirra setti upp eitt verk \u00e1 n\u00e6sta leik\u00e1ri.<\/p>\n<p class=\"p3\">Tillaga Brynhildar borin upp og sam\u00feykkt einr\u00f3ma.<\/p>\n<p class=\"p3\"><b> 14. Starfs\u00e1\u00e6tlun afgreidd.<\/b><\/p>\n<p class=\"p3\">H\u00f6r\u00f0ur Sigur\u00f0arson lag\u00f0i fram eftirfarandi vi\u00f0b\u00f3tartill\u00f6gu vi\u00f0 starfs\u00e1\u00e6tlun:<\/p>\n<p class=\"p3\">Stj\u00f3rn beiti s\u00e9r fyrir endursko\u00f0un \u00e1 taxta h\u00f6fundar- og \u00fe\u00fd\u00f0endalauna (me\u00f0 \u00fea\u00f0 fyrir augum a\u00f0 n\u00e1 fram l\u00e6kkun \u00e1 gjaldi fyrir styttri verk).<\/p>\n<p class=\"p3\">\u00c1rmann Gu\u00f0mundsson, benti \u00e1 a\u00f0 ef fari\u00f0 yr\u00f0i fram \u00e1 a\u00f0 opna\u00f0ur yr\u00f0i einn \u00fe\u00e1ttur samninga vi\u00f0 F\u00e9lag leiksk\u00e1lda og handritsh\u00f6funda yr\u00f0u menn a\u00f0 vera vi\u00f0b\u00fanir \u00fev\u00ed a\u00f0 samningsa\u00f0ilinn mundi m\u00f6gulega vilja sko\u00f0a fleiri li\u00f0i og \u00fev\u00ed \u00feyrfti a\u00f0 meta \u00fea\u00f0 hvort \u00fea\u00f0 v\u00e6ri \u00feess vir\u00f0i. Hann t\u00f3k \u00fea\u00f0 fram a\u00f0 hann s\u00e6ti sj\u00e1lfur \u00ed stj\u00f3rn \u00feess f\u00e9lags \u00feannig a\u00f0 hann v\u00e6ri b\u00e1\u00f0um megin bor\u00f0sins \u00ed \u00feessu m\u00e1li. Hann sag\u00f0ist ekki vita til \u00feess a\u00f0 nokkurt leikf\u00e9lag hef\u00f0i borga\u00f0 fyrir 8 s\u00fdningar \u00e1 stuttverki ef s\u00fdndar hef\u00f0u veri\u00f0 1-3 eins og er algengast me\u00f0 \u00edslensk stuttverk.<\/p>\n<p class=\"p3\">H\u00f6r\u00f0ur sag\u00f0i \u00e1kv\u00e6\u00f0i\u00f0 um a\u00f0 alltaf skuli grei\u00f0a fyrir 8 s\u00fdningar s\u00e9 n\u00f3g til a\u00f0 endursko\u00f0a samningana. Hann saka\u00f0i \u00c1rmann um blyg\u00f0unarlausa hagsmunag\u00e6slu, \u00ed h\u00e1lfk\u00e6ringi \u00fe\u00f3.<\/p>\n<p class=\"p3\">F. Elli Hafli\u00f0ason spur\u00f0i hvort h\u00e6tta v\u00e6ri \u00e1 a\u00f0 F\u00e9lag leiksk\u00e1lda og handritsh\u00f6funda seg\u00f0i upp samningum einhli\u00f0a svipa\u00f0 og Bandalagi\u00f0 ger\u00f0i me\u00f0 leikstj\u00f3rasamninga \u00e1 s\u00ednum t\u00edma.<\/p>\n<p class=\"p3\">Vilborg Valgar\u00f0sd\u00f3ttir sag\u00f0i a\u00f0 \u00fea\u00f0 v\u00e6ri sitthva\u00f0 h\u00f6fundalaun og verktakasamningar eins og ger\u00f0ir eru vi\u00f0 leikstj\u00f3ra.<\/p>\n<p class=\"p3\">\u00c1rmann taldi a\u00f0 ekki \u00feyrfti a\u00f0 \u00f3ttast upps\u00f6gn samninga fr\u00e1 hendi F\u00e9lagi leiksk\u00e1lda og handritsh\u00f6funda.<\/p>\n<p class=\"p3\">H\u00f6r\u00f0ur sag\u00f0i a\u00f0 \u00feetta v\u00e6ri einfalt, hann leg\u00f0i til a\u00f0 fari\u00f0 v\u00e6ri fram \u00e1 \u00fea\u00f0 vi\u00f0 F\u00e9lag leiksk\u00e1lda og handritsh\u00f6funda a\u00f0 tekinn yr\u00f0i upp li\u00f0urinn um 8 s\u00fdninga l\u00e1gmark \u00e1 stuttverkum, engu \u00f6\u00f0ru. Hann ba\u00f0 f\u00f3lk um l\u00e1ta ekki hr\u00e6\u00f0slu\u00e1r\u00f3\u00f0ur \u00c1rmanns hafa \u00e1hrif \u00e1 sig.<\/p>\n<p class=\"p3\">Tillagan borin upp og sam\u00feykkt me\u00f0 15 atkv\u00e6\u00f0um gegn 1.<\/p>\n<p class=\"p3\">Starfs\u00e1\u00e6tlun borin upp me\u00f0 vi\u00f0b\u00f3tartill\u00f6gu Har\u00f0ar og h\u00fan sam\u00feykkt samhlj\u00f3\u00f0a og er \u00fev\u00ed svona:<\/p>\n<p class=\"p1\"><b>Starfs\u00e1\u00e6tlun <\/b><\/p>\n<p class=\"p1\"><b>Bandalags \u00edslenskra leikf\u00e9laga\u00a0<\/b><\/p>\n<p class=\"p1\"><b>leik\u00e1ri\u00f0 2015-2016<\/b><\/p>\n<p class=\"p3\">Almenn starfsemi<\/p>\n<p class=\"p3\">1. Rekstur \u00fej\u00f3nustumi\u00f0st\u00f6\u00f0var, Leiklistarsk\u00f3la, Leiklistarvefsins og annarra fastra li\u00f0a \u00ed starfseminni.<\/p>\n<p class=\"p3\">2. Leita eftir h\u00e6kku\u00f0um framl\u00f6gum \u00far opinberum sj\u00f3\u00f0um og fr\u00e1 einkaa\u00f0ilum til starfsemi \u00e1hugaleikf\u00e9laganna og sameiginlegra verkefna.<\/p>\n<p class=\"p3\">S\u00e9rverkefni \u00e1rsins<\/p>\n<p class=\"p3\">1. Skipuleggja stuttverkah\u00e1t\u00ed\u00f0 \u00e1 leik\u00e1rinu<\/p>\n<p class=\"p3\">2. Vekja athygli \u00e1 65 \u00e1ra afm\u00e6li Bandalags \u00edslenskra leikf\u00e9laga<\/p>\n<p class=\"p3\">3. Stj\u00f3rn beiti s\u00e9r fyrir endursko\u00f0un \u00e1 taxta h\u00f6fundar- og \u00fe\u00fd\u00f0endalauna (me\u00f0 \u00fea\u00f0 fyrir augum a\u00f0 n\u00e1 fram l\u00e6kkun \u00e1 gjaldi fyrir styttri verk).<\/p>\n<p class=\"p3\"><b> 15. Stj\u00f3rnarkj\u00f6r.<\/b><\/p>\n<p class=\"p3\">\u00deorgeir Tryggvason gaf ekki kost \u00e1 s\u00e9r til \u00e1framhaldandi formennsku Bandalagsins. Gu\u00f0finna Gunnarsd\u00f3ttir gaf ein kost \u00e1 s\u00e9r \u00ed formannsst\u00f6\u00f0una og var sj\u00e1lfkj\u00f6rin.<\/p>\n<p class=\"p3\">G\u00edsli Bj\u00f6rn Heimison gaf einn kost \u00e1 s\u00e9r til stj\u00f3rnar til tveggja \u00e1ra og var sj\u00e1lfkj\u00f6rinn.<\/p>\n<p class=\"p3\">\u00d3l\u00f6f \u00de\u00f3r\u00f0ard\u00f3ttir gaf ein kost \u00e1 s\u00e9r til stj\u00f3rnar til eins \u00e1rs og var sj\u00e1lfkj\u00f6rin.<\/p>\n<p class=\"p3\">\u00der\u00fa\u00f0ur Sigur\u00f0ar, Embla Gu\u00f0mundsd\u00f3ttir og Salbj\u00f6rg Engilbertsd\u00f3ttir g\u00e1fu kost \u00e1 s\u00e9r til varastj\u00f3rnar \u00ed tv\u00f6 \u00e1r og voru sj\u00e1lfkj\u00f6rnar.<\/p>\n<p class=\"p3\">\u00c1g\u00fast T. Magn\u00fasson gaf einn kost \u00e1 s\u00e9r til setu \u00ed varastj\u00f3rn til eins \u00e1rs og var sj\u00e1lfkj\u00f6rinn.<\/p>\n<p class=\"p3\"><b> 16. a. Kosning 3ja manna kj\u00f6rnefndar og eins varamanns til eins \u00e1rs.<\/b><\/p>\n<p class=\"p3\">D\u00fdrleif J\u00f3nsd\u00f3ttir, Sigr\u00ed\u00f0ur L\u00e1ra Sigurj\u00f3nsd\u00f3ttir og Ger\u00f0ur H. Sigur\u00f0ard\u00f3ttir g\u00e1fu kost \u00e1 s\u00e9r til \u00e1framhaldandi kj\u00f6rnefndarsettu og voru sj\u00e1lfkj\u00f6rnar og Erna B. H. Einarsd\u00f3ttir var endurkj\u00f6rin til vara.<\/p>\n<p class=\"p3\"><b> b. Kosning 2ja sko\u00f0unarmanna reikninga og eins til vara til eins \u00e1rs.<\/b><\/p>\n<p class=\"p3\">Anna J\u00f3runn Stef\u00e1nsd\u00f3ttir, Leikf\u00e9lagi Hverager\u00f0is og Hrefna Fri\u00f0riksd\u00f3ttir voru endurkj\u00f6rnar sem sko\u00f0unarmenn reikninga og J\u00fal\u00eda Hannam, Hugleik, til vara.<\/p>\n<p class=\"p3\"><b> 17. \u00c1kve\u00f0i\u00f0 \u00e1rgjald til Bandalagsins.<\/b><\/p>\n<p class=\"p3\">Bernhar\u00f0 Arnarson lag\u00f0i fram till\u00f6gu stj\u00f3rnar um \u00e1rgjald:<\/p>\n<p class=\"p1\"><b>Tillaga stj\u00f3rnar a\u00f0 \u00e1rgjaldi 2015-2016<\/b><\/p>\n<p class=\"p3\">Stj\u00f3rn Bandalags \u00edslenskra leikf\u00e9laga leggur til a\u00f0 \u00e1rgj\u00f6ld a\u00f0ildarf\u00e9laga fyrir leik\u00e1ri\u00f0 2015-2016 ver\u00f0i kr. 65.000.<\/p>\n<p class=\"p3\">F\u00e9l\u00f6g sem setja upp tv\u00e6r styrkh\u00e6far s\u00fdningar \u00e1 leik\u00e1rinu borgi eitt og h\u00e1lft gjald e\u00f0a 97.500 og f\u00e9l\u00f6g sem setja upp \u00ferj\u00e1r s\u00fdningar e\u00f0a fleiri borgi tv\u00f6falt gjald e\u00f0a kr. 130.000.<\/p>\n<p class=\"p3\">F\u00e9l\u00f6g sem setja ekki upp styrkh\u00e6fa s\u00fdningu \u00e1 leik\u00e1rinu borgi h\u00e1lft \u00e1rgjald e\u00f0a kr. 32.500.<\/p>\n<p class=\"p3\">F. Elli Hafli\u00f0ason ba\u00f0 um r\u00f6kstu\u00f0ning fyrir h\u00e6kkuninni.<\/p>\n<p class=\"p3\">\u00d3l\u00f6f \u00de\u00f3r\u00f0ard\u00f3ttir sag\u00f0i a\u00f0 \u00fear sem samningurinn vi\u00f0 mennta- og menningarm\u00e1lar\u00e1\u00f0uneyti\u00f0 v\u00e6ri laus vissum vi\u00f0 ekki hva\u00f0 vi\u00f0 fengjum til rekstrar Bandalagsins n\u00e6stu \u00e1rin. Uppsetningum verka hef\u00f0i fari\u00f0 f\u00e6kkandi, \u00fatlit v\u00e6ri fyrir a\u00f0 s\u00fa \u00fer\u00f3un h\u00e9ldi \u00e1fram og \u00fea\u00f0 \u00fe\u00fdddi tekjumissi fyrir Bandalagi\u00f0.<\/p>\n<p class=\"p3\">Vilborg Valgar\u00f0sd\u00f3ttir sag\u00f0i \u00feetta vera litla h\u00e6kkun fyrir leikf\u00e9l\u00f6gin \u00ed kr\u00f3num tali\u00f0 en muna\u00f0i miklu fyrir Bandalagi\u00f0.<\/p>\n<p class=\"p3\"><b> 18. \u00d6nnur m\u00e1l<\/b><\/p>\n<p class=\"p3\">Bernhar\u00f0 Arnarson og \u00der\u00e1inn Sigvaldason l\u00f6g\u00f0u fram eftirfarandi \u00e1lyktun fyrir fundinn:<\/p>\n<p class=\"p3\">A\u00f0alfundur Bandalags \u00edslenskra leikf\u00e9laga, haldinn a\u00f0 Melum \u00ed H\u00f6rg\u00e1rdal laugardaginn 2. ma\u00ed 2015, skorar \u00e1 r\u00e1\u00f0uneyti mennta- og menningarm\u00e1la a\u00f0 h\u00e6kka framlag r\u00e1\u00f0uneytisins til Bandalags \u00edslenskra leikf\u00e9laga \u00feannig a\u00f0 \u00fea\u00f0 ver\u00f0i a.m.k. 8.5 milj.kr. \u00e1 \u00e1ri n\u00e6stu 3 \u00e1rin. Me\u00f0 \u00fev\u00ed s\u00e9 liti\u00f0 svo \u00e1 a\u00f0 veri\u00f0 s\u00e9 a\u00f0 lei\u00f0r\u00e9tta sker\u00f0ingu \u00e1 framl\u00f6gum til rekstrar Bandalagsins fr\u00e1 \u00e1rinu 2008.<\/p>\n<p class=\"p3\">Sam\u00feykkt einr\u00f3ma.<\/p>\n<p class=\"p3\">Stefan\u00eda E. Hallbj\u00f6rnsd\u00f3ttir, fundaratj\u00f3ri, las yfirl\u00fdsingu fr\u00e1 Leikf\u00e9lagi Vestmannaeyja:<\/p>\n<p class=\"p3\">K\u00e6ru f\u00e9lagar,<\/p>\n<p class=\"p3\">Stj\u00f3rn Leikf\u00e9lags Vestmannaeyja \u00feykir afar mi\u00f0ur a\u00f0 geta ekki veri\u00f0 me\u00f0 ykkur \u00e1 \u00feinginu og skilum vi\u00f0 k\u00e6rum kve\u00f0jum til ykkar og vonum vi\u00f0 a\u00f0 \u00fei\u00f0 skemmti\u00f0 ykkur vel.<\/p>\n<p class=\"p3\">En \u00e1st\u00e6\u00f0a \u00feess a\u00f0 vi\u00f0 viljum koma sm\u00e1 yfirl\u00fdsingu fr\u00e1 okkur er vegna \u00feessa lei\u00f0inlega m\u00e1ls sem vi\u00f0 h\u00f6fum veri\u00f0 a\u00f0 vinna a\u00f0 \u00ed \u00fe\u00f3 nokkurn t\u00edma, sem \u00fei\u00f0 fengu\u00f0 vitneskju um \u00ed vefp\u00f3sti sem a\u00f0 Vilborg hj\u00e1 Bandalaginu sendi fr\u00e1 s\u00e9r um ranns\u00f3knina \u00e1 Leikf\u00e9lagi Vestmannaeyja tengt h\u00f6fundar- og s\u00fdningarr\u00e9tti.<\/p>\n<p class=\"p3\">Vi\u00f0 viljum einnig l\u00e1ta koma fram a\u00f0 nokkur verk sem tala\u00f0 er um \u00ed br\u00e9finu fr\u00e1 Nordiska voru greidd og \u00feeir h\u00f6f\u00f0u ekki fengi\u00f0 vitneskju um \u00fea\u00f0 af einhverjum \u00e1st\u00e6\u00f0um, en vi\u00f0 erum a\u00f0 leysa \u00feessi m\u00e1l \u00ed samstarfi me\u00f0 Nordiska. En hin verkin sem ekki var fengi\u00f0 leyfi fyrir aftur \u00e1 m\u00f3ti erum vi\u00f0 a\u00f0 fara yfir og munum vi\u00f0 a\u00f0 sj\u00e1lfs\u00f6g\u00f0u grei\u00f0a fyrir \u00fea\u00f0 sem okkur ber.<\/p>\n<p class=\"p3\">Langar okkur stj\u00f3rninni a\u00f0 koma \u00feessum skilabo\u00f0um fr\u00e1 okkur:<\/p>\n<p class=\"p3\">Stj\u00f3rnin sem n\u00fa situr hefur \u00fea\u00f0 a\u00f0 markmi\u00f0i s\u00ednu a\u00f0 vinna af hei\u00f0arleika og hvetur a\u00f0rar stj\u00f3rnir a\u00f0 gera sl\u00edkt hi\u00f0 sama.<\/p>\n<p class=\"p3\">Vi\u00f0 eigum ekki a\u00f0 \u00feurfa a\u00f0 \u00fer\u00edfa upp kl\u00fa\u00f0ur sem a\u00f0rir forverar okkar \u00ed stj\u00f3rnum leikf\u00e9lagana okkar taka \u00e1kvar\u00f0anir um.<\/p>\n<p class=\"p3\">Vi\u00f0 hj\u00e1 Leikf\u00e9lagi Vestmannaeyja h\u00f6fum \u00feurft a\u00f0 vinna a\u00f0 mj\u00f6g alvarlegum m\u00e1lum \u00e1 s\u00ed\u00f0astli\u00f0na \u00e1ri t.d. kynfer\u00f0isbrotam\u00e1li gagnvart f\u00e9l\u00f6gum okkar og einnig h\u00f6fundar- og s\u00fdningarr\u00e9ttarm\u00e1linu, \u00e1samt minni m\u00e1lum.<\/p>\n<p class=\"p3\">Og t\u00f6kum vi\u00f0 mj\u00f6g alvarlega \u00e1 \u00feessum m\u00e1lum, til a\u00f0 mynda h\u00f6fum vi\u00f0 \u00e1samt F\u00e9lagsm\u00e1la\u00fej\u00f3nustu Vestmannaeyjab\u00e6jar unni\u00f0 a\u00f0 ger\u00f0 si\u00f0areglna, sem vi\u00f0 vinnum n\u00fa samkv\u00e6mt innan leikf\u00e9lagsins og n\u00fa \u00feurfa allir me\u00f0limir okkar 18 \u00e1ra og eldri a\u00f0 veita sam\u00feykki um a\u00f0 heimilt s\u00e9 a\u00f0 F\u00e9lagsm\u00e1la\u00fej\u00f3nustan f\u00e1i a\u00f0 l\u00edta \u00e1 sakavottor\u00f0 vi\u00f0komandi a\u00f0ila ef \u00feess \u00fearf. Me\u00f0 \u00fev\u00ed erum vi\u00f0 a\u00f0 vonast til a\u00f0 sporna vi\u00f0 \u00fev\u00ed a\u00f0 \u00f3pr\u00fattnir a\u00f0ilar s\u00e9u a\u00f0 ganga til li\u00f0s vi\u00f0 leikf\u00e9lagi\u00f0 okkar.<\/p>\n<p class=\"p3\">Vi\u00f0 h\u00f6fum \u00e1kve\u00f0i\u00f0 a\u00f0 \u00e1 n\u00e6sta a\u00f0alfundi leikf\u00e9lagsins, sem ver\u00f0ur n\u00fa \u00ed haust, ver\u00f0i tekin upp lagabreyting \u00fear sem mun segja, a\u00f0 \u00feeir sem sitja \u00ed stj\u00f3rn f\u00e9lagsins s\u00e6ti pers\u00f3nulegri fj\u00e1rhagslegri \u00e1byrg\u00f0 ef vi\u00f0komandi stj\u00f3rn \u00e1kve\u00f0ur a\u00f0 brj\u00f3ta \u00e1 l\u00f6gum um h\u00f6fundar og s\u00fdningarr\u00e9tt.<\/p>\n<p class=\"p3\">Og hvetjum vi\u00f0 \u00f6nnur a\u00f0ildarf\u00e9l\u00f6g a\u00f0 huga a\u00f0 \u00feessum m\u00e1lum innan s\u00edns f\u00e9lags til a\u00f0 sporna vi\u00f0 \u00fev\u00ed a\u00f0 \u00feurfa a\u00f0 takst \u00e1 vi\u00f0 svona \u00e1l\u00edka m\u00e1l eins og vi\u00f0 h\u00f6fum \u00feurft a\u00f0 gera.<\/p>\n<p class=\"p3\">Vi\u00f0 vitum a\u00f0 Leikf\u00e9lag Vestmannaeyja hefur \u00f3or\u00f0 \u00e1 s\u00e9r vegna \u00feessara m\u00e1la, en vi\u00f0 sem sitjum \u00ed n\u00faverandi stj\u00f3rn getum ekki bori\u00f0 endalausa \u00e1byrg\u00f0 \u00e1 \u00fev\u00ed sem fyrrum stj\u00f3rnarme\u00f0limir hafa teki\u00f0 \u00e1kvar\u00f0anir um.<\/p>\n<p class=\"p3\">Einnig hvetjum vi\u00f0 til \u00feess a\u00f0 skipu\u00f0 ver\u00f0i nefnd e\u00f0a fundin lausn \u00e1 \u00fev\u00ed, a\u00f0 mynda eftirlit gegn stuld \u00e1 h\u00f6fundar og s\u00fdningarr\u00e9tti. \u00dev\u00ed \u00feetta er ekkert anna\u00f0 en stuldur og vi\u00f0 eigum ekki a\u00f0 l\u00ed\u00f0a \u00fea\u00f0.<\/p>\n<p class=\"p3\">A\u00f0 lokum vonumst vi\u00f0 til a\u00f0 nafn Leikf\u00e9lags Vestmannaeyja ver\u00f0i n\u00fa hreinsa\u00f0 af \u00feessum \u00f3s\u00f3ma og eigi eftir a\u00f0 starfa hreint um \u00f3komna t\u00ed\u00f0.<\/p>\n<p class=\"p3\">Takk fyrir \u00e1heyrnina og megi \u00e1hugaleikf\u00e9l\u00f6g landsins lengi lifa.<\/p>\n<p class=\"p3\">K\u00e6r kve\u00f0ja<\/p>\n<p class=\"p3\">stj\u00f3rn Leikf\u00e9lags Vestmannaeyja<\/p>\n<p class=\"p3\">Gu\u00f0finna Gunnarsd\u00f3ttir \u00feakka\u00f0i fyrir formannskosninguna og sag\u00f0ist hlakka til a\u00f0 vinna a\u00f0 spennandi verkefnum me\u00f0 \u00fev\u00ed g\u00f3\u00f0a f\u00f3lki sem starfar fyrir Bandalagi\u00f0. H\u00fan sag\u00f0i \u00e1n\u00e6gjulegt a\u00f0 Leikf\u00e9lag Vetmannaeyja hef\u00f0i teki\u00f0 \u00e1 s\u00ednum m\u00e1lum og \u00f6nnur leikf\u00e9l\u00f6g m\u00e6ttu sko\u00f0a hvort \u00fea\u00f0 v\u00e6ri eitthva\u00f0 \u00ed \u00feessum a\u00f0ger\u00f0um sem \u00feau g\u00e6tu n\u00fdtt s\u00e9r \u00ed s\u00ednu starfi.<\/p>\n<p class=\"p3\">F. Elli Hafli\u00f0ason spur\u00f0i hvort a\u00f0 eitthva\u00f0 v\u00e6ri vita\u00f0 um hvort fleiri \u00fej\u00f3\u00f0ir hafi l\u00fdst \u00e1huga \u00e1 a\u00f0 taka \u00fe\u00e1tt \u00ed \u00edslensk-f\u00e6reysku stuttverkah\u00e1ti\u00f0inni. Hann spur\u00f0i l\u00edka hva\u00f0a \u00fe\u00e6ttir \u00fej\u00f3nustumi\u00f0st\u00f6\u00f0var hef\u00f0u skerst vi\u00f0 ni\u00f0urskur\u00f0 og hvort f\u00f3sturf\u00e9lagakerfi\u00f0 v\u00e6ri enn vi\u00f0 l\u00fd\u00f0i. Einnig langa\u00f0i hann a\u00f0 vita hvort einhver leikf\u00e9l\u00f6g hef\u00f0u \u00e1huga \u00e1 a\u00f0 vera \u00ed samfloti me\u00f0 Leikf\u00e9lagi Selfoss \u00ed t\u00e6kjakaupum sem \u00fea\u00f0 hygg\u00f0ist fara \u00ed, upp \u00e1 a\u00f0 f\u00e1 betra ver\u00f0.<\/p>\n<p class=\"p3\">Vilborg Valgar\u00f0sd\u00f3ttir svara\u00f0i honum \u00fev\u00ed a\u00f0 danir hef\u00f0u \u00e1huga \u00e1 stuttverkah\u00e1t\u00ed\u00f0inni en \u00f3v\u00edst v\u00e6ri um framhald hennar. H\u00fan sag\u00f0i a\u00f0 \u00fea\u00f0 eina sem h\u00fan g\u00e6ti bent \u00e1 a\u00f0 hef\u00f0i skerst \u00ed \u00fej\u00f3nustu \u00fej\u00f3nustumi\u00f0st\u00f6\u00f0var v\u00e6ri a\u00f0f\u00f6ng handrita. H\u00fan sag\u00f0i a\u00f0 f\u00f3sturf\u00e9lagakerfi\u00f0 v\u00e6ri enn vi\u00f0 l\u00ed\u00f0i en sag\u00f0ist ekki gera svara\u00f0 neinu um t\u00e6kjakaup.<\/p>\n<p class=\"p3\">Bernhar\u00f0 Arnarson sag\u00f0i a\u00f0 magninnkaup \u00e1 t\u00e6kjab\u00fana\u00f0i v\u00e6ri kl\u00e1rlega eitthva\u00f0 sem augl\u00fdsa \u00e6tti \u00e1 landsneti \u00e1hugaleikara \u00e1 facebook.<\/p>\n<p class=\"p3\">\u00d3l\u00f6f \u00de\u00f3r\u00f0ard\u00f3ttir l\u00fdsti yfir \u00e1n\u00e6gju me\u00f0 framtak Leikf\u00e9lags Vestmannaeyja en sag\u00f0i \u00fea\u00f0 alls ekki r\u00e1\u00f0legt a\u00f0 einstaklingar \u00ed stj\u00f3rn gengju \u00ed pers\u00f3nulega fj\u00e1rhagslega \u00e1byrg\u00f0 \u00e1 uppsetningum leikf\u00e9laga, \u00fea\u00f0 v\u00e6ri v\u00e6gast samt varasamt.<\/p>\n<p class=\"p3\">H\u00f6r\u00f0ur Sigur\u00f0arson hvatti stj\u00f3rn til a\u00f0 uppf\u00e6ra hi\u00f0 snarasta f\u00f3sturf\u00e9lagakerfi\u00f0 og setja \u00e1 n\u00fdja vefinn. Hann sag\u00f0i sitt leikf\u00e9lag \u00e1hugasamt um a\u00f0 taka \u00fe\u00e1tt \u00ed magninnkaupum \u00e1 t\u00e6kjab\u00fana\u00f0i. Hann l\u00fdsti samstarfi leikf\u00e9laga \u00e1 SV-horninu, sem m.a. er f\u00f3lgi\u00f0 \u00ed afsl\u00e6tti \u00e1 s\u00fdningar, og hvatti \u00f6nnur leikf\u00e9l\u00f6g til a\u00f0 koma \u00e1 svipu\u00f0um samb\u00f6ndum. Hann rifja\u00f0i upp a\u00f0 hann hef\u00f0i bo\u00f0ist til a\u00f0 halda\u00a0n\u00e1mskei\u00f0 \u00ed notkun Qlab hugb\u00fana\u00f0arins, sem er t\u00f3l til a\u00f0 setja upp og keyra hlj\u00f3\u00f0 og (hreyfi)myndir \u00e1 leiks\u00fdningum. Hann fyrirhugar a\u00f0 halda n\u00e1mskei\u00f0i\u00f0 \u00ed lok ma\u00ed \u00ed h\u00fasn\u00e6\u00f0i Leikf\u00e9lags K\u00f3pavogs.<\/p>\n<p class=\"p3\"><b> 19. N\u00e6sti a\u00f0alfundur, hugmyndir reifa\u00f0ar um sta\u00f0 og stund. <\/b><\/p>\n<p class=\"p3\">\u00c1g\u00fast T. Magn\u00fasson l\u00fdsti yfir \u00e1huga Leikf\u00e9lags Sey\u00f0sifjar\u00f0ar \u00e1 a\u00f0 halda n\u00e6sta a\u00f0alfund.<\/p>\n<p class=\"p3\">Gu\u00f0finna Gunnarsd\u00f3ttir \u00feakka\u00f0i \u00c1g\u00fasti og Leikf\u00e9lagi Sey\u00f0isfjar\u00f0ar fyrir gott bo\u00f0, fundargestum fyrir g\u00f3\u00f0an og afkastamikinn fund, \u00deorgeiri fyrir fr\u00e1b\u00e6rt starf sem forma\u00f0ur undanfarin 8 \u00e1r og sleit \u00fev\u00ed n\u00e6st fundi.<\/p>\n<p class=\"p3\"><i>Fundarger\u00f0 ritu\u00f0u<\/i><\/p>\n<p class=\"p3\"><i>\u00c1rmann Gu\u00f0mundsson og Magn\u00fe\u00f3ra Kristj\u00e1nsd\u00f3ttir.<\/i><\/p>","protected":false},"excerpt":{"rendered":"<p>Fundarger\u00f0 a\u00f0alfundar Bandalags \u00edslenskra leikf\u00e9laga haldinn a\u00f0 Melum \u00ed H\u00f6rg\u00e1rdal 2. ma\u00ed 2015 1. Fundarsetning. Kosning 2ja fundarstj\u00f3ra og 2ja fundarritara, sem taka \u00feegar til starfa. L\u00f6gm\u00e6ti fundarins kanna\u00f0. Gu\u00f0finna Gunnarsd\u00f3ttir, varforma\u00f0ur Bandalagsins, setti fundinn og stakk upp \u00e1 A\u00f0alsteini H. Hreinssyni og Stefan\u00edu E. Hallbj\u00f6rnsd\u00f3ttur fr\u00e1 Leikf\u00e9lagi H\u00f6rgd\u00e6la sem fundarstj\u00f3rum og \u00c1rmanni Gu\u00f0mundssyni, Leikf\u00e9laginu [&hellip;]<\/p>\n","protected":false},"author":3,"featured_media":5817,"comment_status":"closed","ping_status":"open","sticky":false,"template":"","format":"standard","meta":{"_et_pb_use_builder":"","_et_pb_old_content":"","_et_gb_content_width":"","footnotes":""},"categories":[206,202,213],"tags":[],"class_list":["post-6200","post","type-post","status-publish","format-standard","has-post-thumbnail","hentry","category-adalfundargerdir","category-bandalagi","category-vikupostur","et-has-post-format-content","et_post_format-et-post-format-standard"],"_links":{"self":[{"href":"https:\/\/leiklist.is\/en\/wp-json\/wp\/v2\/posts\/6200","targetHints":{"allow":["GET"]}}],"collection":[{"href":"https:\/\/leiklist.is\/en\/wp-json\/wp\/v2\/posts"}],"about":[{"href":"https:\/\/leiklist.is\/en\/wp-json\/wp\/v2\/types\/post"}],"author":[{"embeddable":true,"href":"https:\/\/leiklist.is\/en\/wp-json\/wp\/v2\/users\/3"}],"replies":[{"embeddable":true,"href":"https:\/\/leiklist.is\/en\/wp-json\/wp\/v2\/comments?post=6200"}],"version-history":[{"count":0,"href":"https:\/\/leiklist.is\/en\/wp-json\/wp\/v2\/posts\/6200\/revisions"}],"wp:featuredmedia":[{"embeddable":true,"href":"https:\/\/leiklist.is\/en\/wp-json\/"}],"wp:attachment":[{"href":"https:\/\/leiklist.is\/en\/wp-json\/wp\/v2\/media?parent=6200"}],"wp:term":[{"taxonomy":"category","embeddable":true,"href":"https:\/\/leiklist.is\/en\/wp-json\/wp\/v2\/categories?post=6200"},{"taxonomy":"post_tag","embeddable":true,"href":"https:\/\/leiklist.is\/en\/wp-json\/wp\/v2\/tags?post=6200"}],"curies":[{"name":"wp","href":"https:\/\/api.w.org\/{rel}","templated":true}]}}