{"id":5759,"date":"2015-05-04T10:40:34","date_gmt":"2015-05-04T10:40:34","guid":{"rendered":"http:\/\/leiklist.is\/?p=5759"},"modified":"2020-03-02T10:03:33","modified_gmt":"2020-03-02T10:03:33","slug":"tvo-dansverk-synd-i-tjarnarbioi-3-mai","status":"publish","type":"post","link":"https:\/\/leiklist.is\/en\/tvo-dansverk-synd-i-tjarnarbioi-3-mai\/","title":{"rendered":"Tv\u00f6 dansverk s\u00fdnd \u00ed Tjarnarb\u00ed\u00f3i 3. ma\u00ed"},"content":{"rendered":"<p><a href=\"https:\/\/leiklist.is\/wp-content\/uploads\/2015\/05\/machoman.jpg\"><img loading=\"lazy\" decoding=\"async\" class=\"alignright wp-image-5762 size-full\" src=\"https:\/\/leiklist.is\/wp-content\/uploads\/2015\/05\/machoman.jpg\" alt=\"machoman\" width=\"200\" height=\"150\" \/><\/a>Sunnudaginn 3. ma\u00ed hyggst Katr\u00edn Gunnarsd\u00f3ttir dansh\u00f6fundur sko\u00f0a l\u00e1na\u00f0a l\u00edkama \u00ed tveimur \u00f3l\u00edkum s\u00f3l\u00f3dansverkum. Macho Man er s\u00f3l\u00f3verk fyrir danslistakonuna S\u00f6gu Sigur\u00f0ard\u00f3ttur. Kafa\u00f0 er ofan \u00ed sveitta undirheima bardaga\u00ed\u00fer\u00f3tta, Macho dansst\u00edla og fitnesskeppna. S\u00fdningin er afrakstur vinnustofu \u00e1 Dansverkst\u00e6\u00f0inu og er styrkt af Hla\u00f0varpanum, menningarsj\u00f3\u00f0i kvenna. \u00cd Saving History er \u00fatgangspunkturinn pers\u00f3nuleg danssaga Katr\u00ednar s\u00ed\u00f0ustu 15 \u00e1rin og \u00fe\u00e1 s\u00e9rstaklega samband hennar vi\u00f0 l\u00e1na\u00f0 efni fr\u00e1 \u00f6\u00f0rum dansh\u00f6fundum. Verki\u00f0 var frums\u00fdnt vi\u00f0 fr\u00e1b\u00e6rar vi\u00f0t\u00f6kur \u00e1 Reykjav\u00edk Dance Festival \u00ed \u00e1g\u00fast 2014.<\/p>\n<p>Katr\u00edn Gunnarsd\u00f3ttir (f. 1986) l\u00e6r\u00f0i dans vi\u00f0 Listah\u00e1sk\u00f3la \u00cdslands og k\u00f3re\u00f3graf\u00edu vi\u00f0 ArtEZ listah\u00e1sk\u00f3lann \u00ed Hollandi. Eftir \u00fatskrift hefur h\u00fan unni\u00f0 v\u00ed\u00f0a sem dansari og h\u00f6fundur. Sem dansari hefur Katr\u00edn unni\u00f0 me\u00f0 S\u00f6gu Sigur\u00f0ard\u00f3ttur, Ernu \u00d3marsd\u00f3ttur og Kris Verdonck \u00e1samt fleirum. Katr\u00edn hefur einnig starfa\u00f0 me\u00f0 sj\u00e1lfst\u00e6\u00f0um svi\u00f0slistah\u00f3pum, sinnt danskennslu og sami\u00f0 svi\u00f0shreyfingar fyrir leikh\u00fas. H\u00fan er forma\u00f0ur Dansh\u00f6fundaf\u00e9lags \u00cdslands. Katr\u00edn er einnig me\u00f0 MS-gr\u00e1\u00f0u \u00ed heilsuhagfr\u00e6\u00f0i og vinnur sj\u00e1lfst\u00e6tt sem s\u00e9rfr\u00e6\u00f0ingur og vi\u00f0 ranns\u00f3knir.<\/p>\n<p>Saga Sigur\u00f0ard\u00f3ttir (f. 1982) er dansari, dansh\u00f6fundur og gu\u00f0fr\u00e6\u00f0inemi fr\u00e1 Reykjav\u00edk. Eftir n\u00fat\u00edmadansn\u00e1m vi\u00f0 Listdanssk\u00f3la \u00cdslands nam h\u00fan danssm\u00ed\u00f0i vi\u00f0 ArtEZ listah\u00e1sk\u00f3lann \u00ed Hollandi hva\u00f0an h\u00fan \u00fatskrifa\u00f0ist 2006. Saga hefur s\u00ed\u00f0an starfa\u00f0 sem dansari og h\u00f6fundur me\u00f0 fj\u00f6lm\u00f6rgum listam\u00f6nnum og svi\u00f0slistakollekt\u00edfum h\u00e9rlendis og erlendis og hloti\u00f0 ver\u00f0laun og vi\u00f0urkenningar fyrir. Fyrr \u00e1 \u00feessu \u00e1ri var BL\u00ddKUFL, fyrsta verk S\u00f6gu fyrir \u00cdslenska dansflokkinn, frums\u00fdndur \u00ed Borgarleikh\u00fasinu og eins var Minnisvar\u00f0i 16 elskenda, sem Saga er li\u00f0sma\u00f0ur \u00ed, frums\u00fdndur \u00ed Tjarnarb\u00ed\u00f3i \u00e1 G\u00f3unni. Saga kennir reglulega vi\u00f0 svi\u00f0slistadeild LH\u00cd og hefur um \u00e1rabil veri\u00f0 stj\u00f3rnarme\u00f0limur Reykjavik Dance Festival og Dansverkst\u00e6\u00f0isins.<\/p>\n<p>Mi\u00f0asala er hafin \u00e1 Mi\u00f0i.is.<br \/>\nVerki\u00f0 er styrkt af Reykjav\u00edkurborg og Dansverkst\u00e6\u00f0inu.<br \/>\nN\u00e1nari uppl\u00fdsingar \u00e1: www.katringunnars.com.<\/p>","protected":false},"excerpt":{"rendered":"<p>Sunnudaginn 3. ma\u00ed hyggst Katr\u00edn Gunnarsd\u00f3ttir dansh\u00f6fundur sko\u00f0a l\u00e1na\u00f0a l\u00edkama \u00ed tveimur \u00f3l\u00edkum s\u00f3l\u00f3dansverkum. Macho Man er s\u00f3l\u00f3verk fyrir danslistakonuna S\u00f6gu Sigur\u00f0ard\u00f3ttur. Kafa\u00f0 er ofan \u00ed sveitta undirheima bardaga\u00ed\u00fer\u00f3tta, Macho dansst\u00edla og fitnesskeppna. S\u00fdningin er afrakstur vinnustofu \u00e1 Dansverkst\u00e6\u00f0inu og er styrkt af Hla\u00f0varpanum, menningarsj\u00f3\u00f0i kvenna. \u00cd Saving History er \u00fatgangspunkturinn pers\u00f3nuleg danssaga Katr\u00ednar s\u00ed\u00f0ustu [&hellip;]<\/p>\n","protected":false},"author":3,"featured_media":5762,"comment_status":"closed","ping_status":"open","sticky":false,"template":"","format":"standard","meta":{"_et_pb_use_builder":"","_et_pb_old_content":"","_et_gb_content_width":"","footnotes":""},"categories":[187,213],"tags":[],"class_list":["post-5759","post","type-post","status-publish","format-standard","has-post-thumbnail","hentry","category-allar-frir","category-vikupostur","et-has-post-format-content","et_post_format-et-post-format-standard"],"_links":{"self":[{"href":"https:\/\/leiklist.is\/en\/wp-json\/wp\/v2\/posts\/5759","targetHints":{"allow":["GET"]}}],"collection":[{"href":"https:\/\/leiklist.is\/en\/wp-json\/wp\/v2\/posts"}],"about":[{"href":"https:\/\/leiklist.is\/en\/wp-json\/wp\/v2\/types\/post"}],"author":[{"embeddable":true,"href":"https:\/\/leiklist.is\/en\/wp-json\/wp\/v2\/users\/3"}],"replies":[{"embeddable":true,"href":"https:\/\/leiklist.is\/en\/wp-json\/wp\/v2\/comments?post=5759"}],"version-history":[{"count":0,"href":"https:\/\/leiklist.is\/en\/wp-json\/wp\/v2\/posts\/5759\/revisions"}],"wp:featuredmedia":[{"embeddable":true,"href":"https:\/\/leiklist.is\/en\/wp-json\/"}],"wp:attachment":[{"href":"https:\/\/leiklist.is\/en\/wp-json\/wp\/v2\/media?parent=5759"}],"wp:term":[{"taxonomy":"category","embeddable":true,"href":"https:\/\/leiklist.is\/en\/wp-json\/wp\/v2\/categories?post=5759"},{"taxonomy":"post_tag","embeddable":true,"href":"https:\/\/leiklist.is\/en\/wp-json\/wp\/v2\/tags?post=5759"}],"curies":[{"name":"wp","href":"https:\/\/api.w.org\/{rel}","templated":true}]}}