{"id":574,"date":"2006-03-21T09:34:26","date_gmt":"2006-03-21T09:34:26","guid":{"rendered":"http:\/\/wp.leiklist.is\/?p=574"},"modified":"2006-03-21T09:34:26","modified_gmt":"2006-03-21T09:34:26","slug":"dimmalimm-seikhu","status":"publish","type":"post","link":"https:\/\/leiklist.is\/en\/dimmalimm-seikhu\/","title":{"rendered":"Dimmalimm s\u00fdnt \u00ed M\u00f6guleikh\u00fasinu"},"content":{"rendered":"<p><img loading=\"lazy\" decoding=\"async\" src=\"http:\/\/www.leiklist.is\/10\/images\/stories\/Leikhus_Leikhopar\/Komediuleikhusid\/dimmalimm.jpg\" width=\"200\" height=\"276\" style=\"float: right;\" hspace=\"6\" alt=\"Image\" title=\"Image\" border=\"0\" \/>Einleikurinn Dimmalimm ver&eth;ur s\u00fdndur \u00ed M&ouml;guleikh\u00fasinu vi&eth; Hlemm sunnudaginn 26. mars. Leikurinn ver&eth;ur s\u00fdndur tv\u00edvegis \u00e1 sunnudag kl. 14. og 16. og ver&eth;a &thorn;etta einu almennu s\u00fdningarnar \u00ed Reykjav\u00edk. &THORN;a&eth; er K\u00f3med\u00eduleikh\u00fasi&eth; \u00e1 \u00cdsafir&eth;i sem setur Dimmalimm \u00e1 svi&eth; og hafa s\u00fdningar veri&eth; s\u00ed&eth;ustu vikur \u00ed leiksk\u00f3lum \u00e1 h&ouml;fu&eth;borgarsv&aelig;&eth;inu vi&eth; g\u00f3&eth;ar undirtektir. <\/p>\n<p> Leikurinn er bygg&eth;ur \u00e1 samnefndu &aelig;vint\u00fdri eftir Mugg og hefur noti&eth; g\u00edfurlegra vins&aelig;lda allt fr\u00e1 &thorn;v\u00ed &aelig;vint\u00fdri&eth; kom fyrst \u00fat \u00e1 b\u00f3k \u00e1ri&eth; 1942. &AElig;vint\u00fdri&eth; fjallar um prins sem ver&eth;ur fyrir &thorn;v\u00ed \u00f3l\u00e1ni a&eth; ver&eth;a breytt \u00ed svan af norninni Bauju. &THORN;egar Dimmalimm prinsessa kemur til s&ouml;gunnar tekur sagan \u00e1 sig &aelig;vint\u00fdralegar myndir enda getur allt gerst \u00ed &aelig;vint\u00fdrunum. <\/p>\n<p> H&ouml;fundar leiksins eru &thorn;eir Elfar Logi Hannesson og Sigur&thorn;\u00f3r A. Heimisson. Logi leikur og Sigur&thorn;\u00f3r leikst\u00fdrir. Leikmynd er eftir Kristj\u00e1n Gunnarsson, Marsibil G. Kristj\u00e1nsd\u00f3ttur og Sigur&thorn;\u00f3r. Br\u00fa&eth;uger&eth; annast &thorn;&aelig;r m&aelig;g&eth;ur Alda Veiga Sigur&eth;ard\u00f3ttir og Marsibil. Alda s&eacute;r einnig um b\u00faninga. J\u00f3nas T\u00f3masson, t\u00f3nsk\u00e1ld, er h&ouml;fundur lagsins Dimmalimm sem er sami&eth; vi&eth; Dimmalimm lj\u00f3&eth;i&eth; fr&aelig;ga. En lagi&eth; er s&eacute;rstaklega sami&eth; fyrir &thorn;essa s\u00fdningu. <\/p>\n<p> Mi&eth;aver&eth; er 1.500.- kr. og mi&eth;apantanir eru \u00ed M&ouml;guleikh\u00fasinu \u00ed s\u00edma: 5625060.<br \/> N\u00e1nari uppl\u00fdsingar \u00e1 heimas\u00ed&eth;u K\u00f3med\u00eduleikh\u00fassins www.komedia.is<\/p>","protected":false},"excerpt":{"rendered":"<p>Einleikurinn Dimmalimm ver&eth;ur s\u00fdndur \u00ed M&ouml;guleikh\u00fasinu vi&eth; Hlemm sunnudaginn 26. mars. Leikurinn ver&eth;ur s\u00fdndur tv\u00edvegis \u00e1 sunnudag kl. 14. og 16. og ver&eth;a &thorn;etta einu almennu s\u00fdningarnar \u00ed Reykjav\u00edk. &THORN;a&eth; er K\u00f3med\u00eduleikh\u00fasi&eth; \u00e1 \u00cdsafir&eth;i sem setur Dimmalimm \u00e1 svi&eth; og hafa s\u00fdningar veri&eth; s\u00ed&eth;ustu vikur \u00ed leiksk\u00f3lum \u00e1 h&ouml;fu&eth;borgarsv&aelig;&eth;inu vi&eth; g\u00f3&eth;ar undirtektir. Leikurinn er bygg&eth;ur [&hellip;]<\/p>\n","protected":false},"author":3,"featured_media":0,"comment_status":"open","ping_status":"open","sticky":false,"template":"","format":"standard","meta":{"_et_pb_use_builder":"","_et_pb_old_content":"","_et_gb_content_width":"","footnotes":""},"categories":[187],"tags":[],"class_list":["post-574","post","type-post","status-publish","format-standard","hentry","category-allar-frir","et-doesnt-have-format-content","et_post_format-et-post-format-standard"],"_links":{"self":[{"href":"https:\/\/leiklist.is\/en\/wp-json\/wp\/v2\/posts\/574","targetHints":{"allow":["GET"]}}],"collection":[{"href":"https:\/\/leiklist.is\/en\/wp-json\/wp\/v2\/posts"}],"about":[{"href":"https:\/\/leiklist.is\/en\/wp-json\/wp\/v2\/types\/post"}],"author":[{"embeddable":true,"href":"https:\/\/leiklist.is\/en\/wp-json\/wp\/v2\/users\/3"}],"replies":[{"embeddable":true,"href":"https:\/\/leiklist.is\/en\/wp-json\/wp\/v2\/comments?post=574"}],"version-history":[{"count":0,"href":"https:\/\/leiklist.is\/en\/wp-json\/wp\/v2\/posts\/574\/revisions"}],"wp:attachment":[{"href":"https:\/\/leiklist.is\/en\/wp-json\/wp\/v2\/media?parent=574"}],"wp:term":[{"taxonomy":"category","embeddable":true,"href":"https:\/\/leiklist.is\/en\/wp-json\/wp\/v2\/categories?post=574"},{"taxonomy":"post_tag","embeddable":true,"href":"https:\/\/leiklist.is\/en\/wp-json\/wp\/v2\/tags?post=574"}],"curies":[{"name":"wp","href":"https:\/\/api.w.org\/{rel}","templated":true}]}}