{"id":540,"date":"2006-02-23T11:45:25","date_gmt":"2006-02-23T11:45:25","guid":{"rendered":"http:\/\/wp.leiklist.is\/?p=540"},"modified":"2006-02-23T11:45:25","modified_gmt":"2006-02-23T11:45:25","slug":"sakamvi","status":"publish","type":"post","link":"https:\/\/leiklist.is\/en\/sakamvi\/","title":{"rendered":"Sakam\u00e1l \u00e1 svi\u00f0!"},"content":{"rendered":"<p><img loading=\"lazy\" decoding=\"async\" src=\"http:\/\/www.leiklist.is\/10\/images\/stories\/Menntun\/s.holmes.jpg\" width=\"110\" height=\"136\" style=\"float: right;\" hspace=\"6\" alt=\"Image\" title=\"Image\" border=\"0\" \/>Borgarleikh\u00fasi&eth; efnir til samkeppni um \u00edslenskt sakam\u00e1laleikrit.<\/p>\n<p> Opinn umr&aelig;&eth;ufundur, um \u00edslensk sakam\u00e1l og \u00edslenska d&aelig;gurmenningu, ver&eth;ur haldin \u00ed tengslum vi&eth; Samkeppni um \u00edslenskt sakam\u00e1laleikrit sem Borgarleikh\u00fasi&eth; stendur fyrir um &thorn;essar mundir.<\/p>\n<p> Fundurinn ver&eth;ur haldinn &THORN;ri&eth;judagskv&ouml;ld 28.febr\u00faar kl.20 \u00ed forsal Borgarleikh\u00fassins og er opinn &ouml;llum.<\/p>\n<p> Af hverju eru sakam\u00e1l svona vins&aelig;l \u00e1 \u00edslandi \u00ed dag?<\/p>\n<p> Eru \u00edslensk sakam\u00e1l fr\u00e1brug&eth;in sakam\u00e1lum annarra landa?<\/p>\n<p> Eiga sakam\u00e1l erindi upp \u00e1 \u00edslensk leiksvi&eth;?<\/p>\n<p> &THORN;etta eru nokkrar spurningar sem Dav\u00ed&eth; &THORN;\u00f3r J\u00f3nsson, &thorn;\u00fd&eth;andi, Katr\u00edn Jakobsd\u00f3ttir, \u00edslenskufr&aelig;&eth;ingur, &AElig;var &Ouml;rn J\u00f3sepsson, sakam\u00e1lah&ouml;fundur og Anna R&ouml;gnvaldsd\u00f3ttir kvikmyndaleikstj\u00f3ri, munu svara og velta fyrir s&eacute;r \u00e1samt fundargestum.<\/p>\n<p> Samkeppnin er &ouml;llum opin og eiga dr&ouml;g a&eth; sakam\u00e1laleikverki a&eth; berast Borgarleikh\u00fasinu fyrir 31.ma\u00ed.<br \/> &nbsp;<\/p>","protected":false},"excerpt":{"rendered":"<p>Borgarleikh\u00fasi&eth; efnir til samkeppni um \u00edslenskt sakam\u00e1laleikrit. Opinn umr&aelig;&eth;ufundur, um \u00edslensk sakam\u00e1l og \u00edslenska d&aelig;gurmenningu, ver&eth;ur haldin \u00ed tengslum vi&eth; Samkeppni um \u00edslenskt sakam\u00e1laleikrit sem Borgarleikh\u00fasi&eth; stendur fyrir um &thorn;essar mundir. Fundurinn ver&eth;ur haldinn &THORN;ri&eth;judagskv&ouml;ld 28.febr\u00faar kl.20 \u00ed forsal Borgarleikh\u00fassins og er opinn &ouml;llum. Af hverju eru sakam\u00e1l svona vins&aelig;l \u00e1 \u00edslandi \u00ed dag? Eru [&hellip;]<\/p>\n","protected":false},"author":3,"featured_media":0,"comment_status":"open","ping_status":"open","sticky":false,"template":"","format":"standard","meta":{"_et_pb_use_builder":"","_et_pb_old_content":"","_et_gb_content_width":"","footnotes":""},"categories":[187],"tags":[],"class_list":["post-540","post","type-post","status-publish","format-standard","hentry","category-allar-frir","et-doesnt-have-format-content","et_post_format-et-post-format-standard"],"_links":{"self":[{"href":"https:\/\/leiklist.is\/en\/wp-json\/wp\/v2\/posts\/540","targetHints":{"allow":["GET"]}}],"collection":[{"href":"https:\/\/leiklist.is\/en\/wp-json\/wp\/v2\/posts"}],"about":[{"href":"https:\/\/leiklist.is\/en\/wp-json\/wp\/v2\/types\/post"}],"author":[{"embeddable":true,"href":"https:\/\/leiklist.is\/en\/wp-json\/wp\/v2\/users\/3"}],"replies":[{"embeddable":true,"href":"https:\/\/leiklist.is\/en\/wp-json\/wp\/v2\/comments?post=540"}],"version-history":[{"count":0,"href":"https:\/\/leiklist.is\/en\/wp-json\/wp\/v2\/posts\/540\/revisions"}],"wp:attachment":[{"href":"https:\/\/leiklist.is\/en\/wp-json\/wp\/v2\/media?parent=540"}],"wp:term":[{"taxonomy":"category","embeddable":true,"href":"https:\/\/leiklist.is\/en\/wp-json\/wp\/v2\/categories?post=540"},{"taxonomy":"post_tag","embeddable":true,"href":"https:\/\/leiklist.is\/en\/wp-json\/wp\/v2\/tags?post=540"}],"curies":[{"name":"wp","href":"https:\/\/api.w.org\/{rel}","templated":true}]}}