{"id":5133,"date":"2015-03-31T11:55:14","date_gmt":"2015-03-31T11:55:14","guid":{"rendered":"http:\/\/wp.leiklist.is\/?p=5133"},"modified":"2020-03-02T10:03:34","modified_gmt":"2020-03-02T10:03:34","slug":"aealfundur-bandalags-islenskra-leikfelaga-2015","status":"publish","type":"post","link":"https:\/\/leiklist.is\/en\/aealfundur-bandalags-islenskra-leikfelaga-2015\/","title":{"rendered":"A\u00f0alfundur Bandalags \u00edslenskra leikf\u00e9laga 2015"},"content":{"rendered":"<p class=\"p1\"><b>A\u00f0alfundur Bandalags \u00edslenskra leikf\u00e9laga ver\u00f0ur\u00a0haldinn a\u00f0 Melum \u00ed H\u00f6rg\u00e1rdal dagana 2. og 3. ma\u00ed 2014. Gist ver\u00f0ur \u00ed Skjaldarv\u00edk.<\/b><\/p>\n<p class=\"p2\">Leikf\u00e9lag H\u00f6rgd\u00e6la b\u00fd\u00f0ur \u00f6llum fundargestum \u00ed \u00f3vissufer\u00f0 eftir kv\u00f6ldver\u00f0 f\u00f6studaginn 1. ma\u00ed. Fundurinn ver\u00f0ur settur laugardagsmorguninn 2. ma\u00ed kl. 9.00 og honum sliti\u00f0 um h\u00e1degisbil sunnudaginn 3. ma\u00ed.<\/p>\n<p class=\"p2\" \/>  <!--more-->  <\/p>\n<p class=\"p1\">Dagskr\u00e1:<\/p>\n<p class=\"p2\"><strong>F\u00f6studagur 1. ma\u00ed:<\/strong><\/p>\n<p class=\"p2\">19.00\t\t\tKv\u00f6ldver\u00f0ur \u00ed Skjaldarv\u00edk<\/p>\n<p class=\"p1\"><i>\u00d3vissufer\u00f0 \u00ed bo\u00f0i Leikf\u00e9lags H\u00f6rgd\u00e6la<\/i><\/p>\n<p class=\"p1\">\u00a0<\/p>\n<p class=\"p1\"><strong>Laugardagur 2. ma\u00ed:<\/strong><\/p>\n<p class=\"p1\">08.00-09.00\tMorgunver\u00f0ur \u00ed Skjaldarv\u00edk<\/p>\n<p class=\"p1\">R\u00fata a\u00f0 Melum<\/p>\n<p class=\"p1\">09:00-12.00\tA\u00f0alfundur settur a\u00f0 Melum<\/p>\n<p class=\"p1\">12:00\t-13.00\tH\u00e1degisver\u00f0ur a\u00f0 Melum<\/p>\n<p class=\"p1\">13:00-17.00\tFramhald a\u00f0alfundar<\/p>\n<p class=\"p1\">17:00\t\t\tFundarhl\u00e9<\/p>\n<p class=\"p1\">R\u00fata fr\u00e1 Melum og til baka um kv\u00f6ldi\u00f0<\/p>\n<p class=\"p1\">20:00\t\t\tH\u00e1t\u00ed\u00f0arkv\u00f6ldver\u00f0ur a\u00f0 Melum\t\t\t\t\t\t\tSkemmtidagskr\u00e1 og samvera<\/p>\n<p class=\"p1\">R\u00fata \u00ed Skjaldarv\u00edk<\/p>\n<p class=\"p2\">\u00a0<\/p>\n<p class=\"p1\"><strong>Sunnudagur 3. ma\u00ed:<\/strong><\/p>\n<p class=\"p1\">08.00\t-09.00\tMorgunver\u00f0ur \u00ed Skjaldarv\u00edk<\/p>\n<p class=\"p1\">R\u00fata a\u00f0 Melum<\/p>\n<p class=\"p1\">09:00-12.00\tFramhald a\u00f0alfundar og fundarslit<\/p>\n<p class=\"p1\">R\u00fata \u00ed Skjaldarv\u00edk<\/p>\n<p class=\"p1\">12.00\t\t\tH\u00e1degisver\u00f0ur \u00ed Skjaldarv\u00edk<\/p>\n<p class=\"p1\">\u00a0<\/p>\n<p class=\"p1\">Dagskr\u00e1 a\u00f0alfundar er \u00ed <a href=\"https:\/\/leiklist.is\/wp-content\/uploads\/2005\/08\/BIL_LogBIL_logbil2012.pdf\">l\u00f6gum<\/a> Bandalagsins.<\/p>\n<p class=\"p1\">Samhli\u00f0a a\u00f0alfundi fer fram s\u00fdning \u00e1 leikskr\u00e1m og veggspj\u00f6ldum leik\u00e1rsins 2014-2015.<\/p>\n<p class=\"p2\">Val \u00dej\u00f3\u00f0leikh\u00fassins \u00e1 Athyglisver\u00f0ustu \u00e1hugas\u00fdningu leik\u00e1rsins ver\u00f0ur a\u00f0 venju kynnt \u00e1 h\u00e1t\u00ed\u00f0akv\u00f6ldver\u00f0inum. Frestur til a\u00f0 senda \u00dej\u00f3\u00f0leikh\u00fasinu ums\u00f3knir rennur \u00fat m\u00e1nudaginn 20. apr\u00edl.<\/p>\n<p class=\"p2\">Bo\u00f0i\u00f0 er upp\u00e1 eftirtalda pakka fr\u00e1 f\u00f6studegi til sunnudags:<\/p>\n<p class=\"p1\"><i>1.\u00a0\u00a0\u00a0 Tveggja manna herbergi, 2 n\u00e6tur me\u00f0 \u00f6llu f\u00e6\u00f0i og r\u00fatufer\u00f0um 22.500 \u00e1 mann<\/i><br \/> <i>2.\u00a0\u00a0\u00a0 Matur \u00e1 laugardegi, h\u00e1t\u00ed\u00f0akv\u00f6ldver\u00f0ur og fundarseta \u00e1n gistingar kr. 8.500 \u00e1 mann<\/i><\/p>\n<p class=\"p2\"><i> <\/i><\/p>\n<p class=\"p1\">Gisting og morgunver\u00f0ur ver\u00f0a \u00ed Skjaldarv\u00edk. \u00dear er bo\u00f0i\u00f0 upp\u00e1 tveggja manna herbergi me\u00f0 uppb\u00fanum r\u00famum, snyrtingar eru sameiginlegar \u00e1 g\u00f6ngum. Leikf\u00e9lag H\u00f6rgd\u00e6la b\u00fd\u00f0ur \u00ed \u00f3vissufer\u00f0 \u00e1 f\u00f6studagskv\u00f6ldi\u00f0, fari\u00f0 ver\u00f0ur fr\u00e1 Skjaldarv\u00edk eftir kv\u00f6ldver\u00f0inn. F\u00e9lagi\u00f0 s\u00e9r einnig um akstur a\u00f0 Melum og til baka \u00ed Skjaldarv\u00edk eftir \u00fe\u00f6rfum.<\/p>\n<p class=\"p1\"><b>Tilkynni\u00f0 \u00fe\u00e1ttt\u00f6ku fyrir 15. apr\u00edl og taki\u00f0 fram hvern af ofant\u00f6ldum p\u00f6kkum \u00fei\u00f0 vilji\u00f0 kaupa.<\/b> <b>Vinsamlegast grei\u00f0i\u00f0 \u00fe\u00e1ttt\u00f6kugjaldi\u00f0 um lei\u00f0 inn \u00e1 reikning 0334-26-5463, kt. 440169-0239 og l\u00e1ti\u00f0 bankann senda kvittun \u00e1 netfangi\u00f0 <\/b><a href=\"mailto:info@leiklist.is\"><b>info@leiklist.is<\/b><\/a><\/p>\n<p class=\"p2\">\u00a0<\/p>","protected":false},"excerpt":{"rendered":"<p>A\u00f0alfundur Bandalags \u00edslenskra leikf\u00e9laga ver\u00f0ur\u00a0haldinn a\u00f0 Melum \u00ed H\u00f6rg\u00e1rdal dagana 2. og 3. ma\u00ed 2014. Gist ver\u00f0ur \u00ed Skjaldarv\u00edk. Leikf\u00e9lag H\u00f6rgd\u00e6la b\u00fd\u00f0ur \u00f6llum fundargestum \u00ed \u00f3vissufer\u00f0 eftir kv\u00f6ldver\u00f0 f\u00f6studaginn 1. ma\u00ed. Fundurinn ver\u00f0ur settur laugardagsmorguninn 2. ma\u00ed kl. 9.00 og honum sliti\u00f0 um h\u00e1degisbil sunnudaginn 3. ma\u00ed.<\/p>","protected":false},"author":3,"featured_media":5132,"comment_status":"open","ping_status":"open","sticky":false,"template":"","format":"standard","meta":{"_et_pb_use_builder":"","_et_pb_old_content":"","_et_gb_content_width":"","footnotes":""},"categories":[187,213],"tags":[],"class_list":["post-5133","post","type-post","status-publish","format-standard","has-post-thumbnail","hentry","category-allar-frir","category-vikupostur","et-has-post-format-content","et_post_format-et-post-format-standard"],"_links":{"self":[{"href":"https:\/\/leiklist.is\/en\/wp-json\/wp\/v2\/posts\/5133","targetHints":{"allow":["GET"]}}],"collection":[{"href":"https:\/\/leiklist.is\/en\/wp-json\/wp\/v2\/posts"}],"about":[{"href":"https:\/\/leiklist.is\/en\/wp-json\/wp\/v2\/types\/post"}],"author":[{"embeddable":true,"href":"https:\/\/leiklist.is\/en\/wp-json\/wp\/v2\/users\/3"}],"replies":[{"embeddable":true,"href":"https:\/\/leiklist.is\/en\/wp-json\/wp\/v2\/comments?post=5133"}],"version-history":[{"count":0,"href":"https:\/\/leiklist.is\/en\/wp-json\/wp\/v2\/posts\/5133\/revisions"}],"wp:featuredmedia":[{"embeddable":true,"href":"https:\/\/leiklist.is\/en\/wp-json\/"}],"wp:attachment":[{"href":"https:\/\/leiklist.is\/en\/wp-json\/wp\/v2\/media?parent=5133"}],"wp:term":[{"taxonomy":"category","embeddable":true,"href":"https:\/\/leiklist.is\/en\/wp-json\/wp\/v2\/categories?post=5133"},{"taxonomy":"post_tag","embeddable":true,"href":"https:\/\/leiklist.is\/en\/wp-json\/wp\/v2\/tags?post=5133"}],"curies":[{"name":"wp","href":"https:\/\/api.w.org\/{rel}","templated":true}]}}