{"id":5065,"date":"2015-02-26T13:48:24","date_gmt":"2015-02-26T13:48:24","guid":{"rendered":"http:\/\/wp.leiklist.is\/?p=5065"},"modified":"2015-02-26T13:48:24","modified_gmt":"2015-02-26T13:48:24","slug":"arty-hour-11-i-tjarnarbioi","status":"publish","type":"post","link":"https:\/\/leiklist.is\/en\/arty-hour-11-i-tjarnarbioi\/","title":{"rendered":"Arty Hour #11 \u00ed Tjarnarb\u00ed\u00f3i"},"content":{"rendered":"<p class=\"p1\">Arty Hour er vi\u00f0bur\u00f0ur \u00e1 Tjarnarbarnum \u00fear sem listamenn vi\u00f0 vinnu \u00ed Tjarnarb\u00ed\u00f3 st\u00edga fram og segja fr\u00e1 verkum s\u00ednum.\u00a0Listastundin er mikilv\u00e6gur \u00fe\u00e1ttur \u00ed \u00feeirri stefnu Tjarnarb\u00ed\u00f3s a\u00f0 opna vinnusmi\u00f0jur listamanna fyrir \u00e1horfandanum og hvetja til umr\u00e6\u00f0na.<\/p>\n<p class=\"p1\">Umr\u00e6\u00f0uefnin \u00ed listastund Tjarnarb\u00ed\u00f3s \u00ed kv\u00f6ld, fimmtudaginn 26. febr\u00faar, n\u00e1 milli \u00cdrans og \u00cdslands, fjalla um Pr\u00f3me\u00feeif \u00far gr\u00edsku go\u00f0afr\u00e6\u00f0inni, fegur\u00f0, stj\u00f3rnm\u00e1l, \u00fer\u00fdstinginn sem fylgir karlmennskunni og svi\u00f0ssetningu sj\u00e1lfsins, svo eitthva\u00f0 s\u00e9 nefnt.<\/p>\n<p>  <!--more-->  <\/p>\n<p class=\"p1\">Fram koma:<\/p>\n<p class=\"p2\"><b>Nazanin Askari og Marta Nordal.\u00a0<\/b>Nazanin er f\u00e6dd \u00ed \u00cdran og hefur barist fyrir jafnr\u00e9tti og frelsi til hugsana og tj\u00e1ningar. H\u00fan var d\u00e6md til l\u00edfsh\u00e6ttulegrar refsingar og fl\u00fa\u00f0i land. H\u00fan b\u00fdr n\u00fa \u00e1 \u00cdslandi og \u00e6tlar a\u00f0 segja okkur fr\u00e1 upphafi fer\u00f0ar sinnar. H\u00fan vinnur a\u00f0 \u00fev\u00ed me\u00f0 M\u00f6rtu Nordal a\u00f0 setja \u00e1 svi\u00f0 <a href=\"http:\/\/tjarnarbio.is\/?id=971\">leikrit<\/a> byggt \u00e1 s\u00f6gu hennar. \u00de\u00e6r munu kynna st\u00f6\u00f0u m\u00e1la \u00e1 Arty Hour, b\u00e6\u00f0i pers\u00f3nulega og p\u00f3lit\u00edskt.<\/p>\n<p class=\"p3\"><b>Hannes \u00d3li \u00c1g\u00fastsson.\u00a0<\/b>Hugmynd Hannesar, sem enn er \u00ed vinnslu, er innbl\u00e1sin af hinum st\u00f3ra gr\u00e6na Hulk, en teygir sig \u00fat \u00ed k\u00f6nnun \u00e1 skr\u00fdmslum og m\u00f6nnum. \u00dear kemur fyrir Pr\u00f3me\u00feeifur, sem \u00ed gr\u00edskri go\u00f0afr\u00e6\u00f0i stal eldi gu\u00f0anna og var d\u00e6mdur til eil\u00edfrar \u00fej\u00e1ningar \u00ed refsiskyni. Hann var \u00e1\u00f0ur fyrr \u00e1litinn hetja r\u00e9ttl\u00e6tisins, en Hannes sko\u00f0ar hann sem fyrsta b\u00f3kstafstr\u00faarmanninn.<\/p>\n<p class=\"p2\"><b>Bj\u00f6rn Le\u00f3 Brynjarsson og Kolbeinn Arnbj\u00f6rnsson\u00a0<\/b>hafa n\u00fdlega hafi\u00f0 st\u00f6rf sem d\u00fa\u00f3i\u00f0 Taka Taka. \u00deeir setja \u00e1 svi\u00f0 verki\u00f0 Frama, en munu vinna gegn og langt \u00fat fyrir hef\u00f0bundna fr\u00e1sagnalist.<\/p>\n<p class=\"p3\"><b>16 elskendur.\u00a0<\/b>Tveir af sext\u00e1n elskendum munu r\u00e6\u00f0a n\u00fdtt verk \u00feeirra, <a href=\"http:\/\/tjarnarbio.is\/?id=976\">Minnisvar\u00f0a<\/a>. \u00dear kanna \u00feau svi\u00f0setningu sj\u00e1lfsins \u00ed n\u00fat\u00edmasamf\u00e9lagi og hvernig l\u00edf okkar hafa veri\u00f0 samtvinnu\u00f0 vi\u00f0 hinar \u00fdmsu a\u00f0fer\u00f0ir myndbirtingar.<\/p>","protected":false},"excerpt":{"rendered":"<p>Arty Hour er vi\u00f0bur\u00f0ur \u00e1 Tjarnarbarnum \u00fear sem listamenn vi\u00f0 vinnu \u00ed Tjarnarb\u00ed\u00f3 st\u00edga fram og segja fr\u00e1 verkum s\u00ednum.\u00a0Listastundin er mikilv\u00e6gur \u00fe\u00e1ttur \u00ed \u00feeirri stefnu Tjarnarb\u00ed\u00f3s a\u00f0 opna vinnusmi\u00f0jur listamanna fyrir \u00e1horfandanum og hvetja til umr\u00e6\u00f0na. Umr\u00e6\u00f0uefnin \u00ed listastund Tjarnarb\u00ed\u00f3s \u00ed kv\u00f6ld, fimmtudaginn 26. febr\u00faar, n\u00e1 milli \u00cdrans og \u00cdslands, fjalla um Pr\u00f3me\u00feeif \u00far [&hellip;]<\/p>\n","protected":false},"author":3,"featured_media":5064,"comment_status":"open","ping_status":"open","sticky":false,"template":"","format":"standard","meta":{"_et_pb_use_builder":"","_et_pb_old_content":"","_et_gb_content_width":"","footnotes":""},"categories":[187],"tags":[],"class_list":["post-5065","post","type-post","status-publish","format-standard","has-post-thumbnail","hentry","category-allar-frir","et-has-post-format-content","et_post_format-et-post-format-standard"],"_links":{"self":[{"href":"https:\/\/leiklist.is\/en\/wp-json\/wp\/v2\/posts\/5065","targetHints":{"allow":["GET"]}}],"collection":[{"href":"https:\/\/leiklist.is\/en\/wp-json\/wp\/v2\/posts"}],"about":[{"href":"https:\/\/leiklist.is\/en\/wp-json\/wp\/v2\/types\/post"}],"author":[{"embeddable":true,"href":"https:\/\/leiklist.is\/en\/wp-json\/wp\/v2\/users\/3"}],"replies":[{"embeddable":true,"href":"https:\/\/leiklist.is\/en\/wp-json\/wp\/v2\/comments?post=5065"}],"version-history":[{"count":0,"href":"https:\/\/leiklist.is\/en\/wp-json\/wp\/v2\/posts\/5065\/revisions"}],"wp:featuredmedia":[{"embeddable":true,"href":"https:\/\/leiklist.is\/en\/wp-json\/"}],"wp:attachment":[{"href":"https:\/\/leiklist.is\/en\/wp-json\/wp\/v2\/media?parent=5065"}],"wp:term":[{"taxonomy":"category","embeddable":true,"href":"https:\/\/leiklist.is\/en\/wp-json\/wp\/v2\/categories?post=5065"},{"taxonomy":"post_tag","embeddable":true,"href":"https:\/\/leiklist.is\/en\/wp-json\/wp\/v2\/tags?post=5065"}],"curies":[{"name":"wp","href":"https:\/\/api.w.org\/{rel}","templated":true}]}}