{"id":503,"date":"2006-01-17T09:07:20","date_gmt":"2006-01-17T09:07:20","guid":{"rendered":"http:\/\/wp.leiklist.is\/?p=503"},"modified":"2006-01-17T09:07:20","modified_gmt":"2006-01-17T09:07:20","slug":"la-stendur-fyrir-leiklistarnkei","status":"publish","type":"post","link":"https:\/\/leiklist.is\/en\/la-stendur-fyrir-leiklistarnkei\/","title":{"rendered":"LA stendur fyrir leiklistarn\u00e1mskei\u00f0um"},"content":{"rendered":"<p><img loading=\"lazy\" decoding=\"async\" src=\"http:\/\/www.leiklist.is\/10\/images\/stories\/Leikhus_Leikhopar\/LA\/la2.gif\" width=\"125\" height=\"121\" style=\"float: right;\" hspace=\"6\" alt=\"Image\" title=\"Image\" border=\"0\" \/>Komdu a&eth; leika! &#8211; &THORN;riggja vikna leiklistarn\u00e1mskei&eth;<\/p>\n<p> LA stendur fyrir r&ouml;&eth; leiklistarn\u00e1mskei&eth;a \u00ed lok jan\u00faar og byrjun febr\u00faar. Fari&eth; ver&eth;ur \u00ed undirst&ouml;&eth;uatri&eth;i leiklistar en n\u00e1mskei&eth;i&eth; er byggt upp \u00e1 leikjum, &aelig;fingum,spuna og tr\u00fa&eth;at&aelig;kni.&nbsp; N\u00e1mskei&eth;in mi&eth;ast a&eth; a&eth; virkja og efla \u00edmyndunarafli&eth;,&nbsp; l&aelig;ra a&eth; n\u00fdta s&eacute;r leynda h&aelig;fileika , finna n\u00fd sj\u00f3narhorn \u00e1 daglegu amstri og umfram allt a&eth; skemmta s&eacute;r.&nbsp; LA st\u00f3&eth; fyrir samskonar n\u00e1mskei&eth;um \u00ed fyrra og m&aelig;ltust &thorn;au vel fyrir. Tro&eth;fullt var \u00ed alla h\u00f3pa &thorn;\u00e1.<\/p>\n<p> N\u00e1mskei&eth;in hefjast m\u00e1nudaginn 30. jan\u00faar og &thorn;eim l\u00fdkur me&eth; s\u00fdningu fimmtudaginn 17. febr\u00faar. Ver&eth; kr. 9000.-<\/p>\n<p> H\u00f3pur A:&nbsp;&nbsp;&nbsp;&nbsp;&nbsp;&nbsp;&nbsp;&nbsp;&nbsp; 8-9 \u00e1ra&nbsp;&nbsp;&nbsp;&nbsp;&nbsp;&nbsp;&nbsp;&nbsp;&nbsp;&nbsp;&nbsp;&nbsp;&nbsp;&nbsp;&nbsp;&nbsp;&nbsp;&nbsp;&nbsp;&nbsp;&nbsp;&nbsp;&nbsp;&nbsp; m\u00e1n og mi&eth; fr\u00e1 16.00 &ndash; 17.30<\/p>\n<p> H\u00f3pur B:&nbsp;&nbsp;&nbsp;&nbsp;&nbsp;&nbsp;&nbsp;&nbsp;&nbsp; 10-11 \u00e1ra&nbsp;&nbsp;&nbsp;&nbsp;&nbsp;&nbsp;&nbsp;&nbsp;&nbsp;&nbsp;&nbsp;&nbsp;&nbsp;&nbsp;&nbsp;&nbsp;&nbsp;&nbsp;&nbsp;&nbsp; m\u00e1n og mi&eth; fr\u00e1 18.00 &#8211; 19.30<\/p>\n<p> H\u00f3pur C:&nbsp;&nbsp;&nbsp;&nbsp;&nbsp;&nbsp;&nbsp;&nbsp;&nbsp; 12-13 \u00e1ra&nbsp;&nbsp;&nbsp;&nbsp;&nbsp;&nbsp;&nbsp;&nbsp;&nbsp;&nbsp;&nbsp;&nbsp;&nbsp;&nbsp;&nbsp;&nbsp;&nbsp;&nbsp;&nbsp;&nbsp; &thorn;ri og fim fr\u00e1 16.00 &#8211;&nbsp; 17.30<\/p>\n<p> H\u00f3pur D:&nbsp;&nbsp;&nbsp;&nbsp;&nbsp;&nbsp;&nbsp;&nbsp;&nbsp; 14-15 \u00e1ra&nbsp;&nbsp;&nbsp;&nbsp;&nbsp;&nbsp;&nbsp;&nbsp;&nbsp;&nbsp;&nbsp;&nbsp;&nbsp;&nbsp;&nbsp;&nbsp;&nbsp;&nbsp;&nbsp;&nbsp; &thorn;ri og fim fr\u00e1. 18.00 &ndash; 19.30<\/p>\n<p> H\u00f3pur E:&nbsp;&nbsp;&nbsp;&nbsp;&nbsp;&nbsp;&nbsp;&nbsp;&nbsp; Fullor&eth;insn\u00e1mskei&eth;&nbsp;&nbsp;&nbsp;&nbsp;&nbsp;&nbsp; m\u00e1n og mi&eth; fr\u00e1 20.30 &ndash; 22.00<\/p>\n<p> Teki&eth; er vi&eth; fyrirspurnum og&nbsp; skr\u00e1ningu \u00e1 netfanginu: namskeid@leikfelag.is<\/p>","protected":false},"excerpt":{"rendered":"<p>Komdu a&eth; leika! &#8211; &THORN;riggja vikna leiklistarn\u00e1mskei&eth; LA stendur fyrir r&ouml;&eth; leiklistarn\u00e1mskei&eth;a \u00ed lok jan\u00faar og byrjun febr\u00faar. Fari&eth; ver&eth;ur \u00ed undirst&ouml;&eth;uatri&eth;i leiklistar en n\u00e1mskei&eth;i&eth; er byggt upp \u00e1 leikjum, &aelig;fingum,spuna og tr\u00fa&eth;at&aelig;kni.&nbsp; N\u00e1mskei&eth;in mi&eth;ast a&eth; a&eth; virkja og efla \u00edmyndunarafli&eth;,&nbsp; l&aelig;ra a&eth; n\u00fdta s&eacute;r leynda h&aelig;fileika , finna n\u00fd sj\u00f3narhorn \u00e1 daglegu amstri og [&hellip;]<\/p>\n","protected":false},"author":3,"featured_media":0,"comment_status":"open","ping_status":"open","sticky":false,"template":"","format":"standard","meta":{"_et_pb_use_builder":"","_et_pb_old_content":"","_et_gb_content_width":"","footnotes":""},"categories":[187],"tags":[],"class_list":["post-503","post","type-post","status-publish","format-standard","hentry","category-allar-frir","et-doesnt-have-format-content","et_post_format-et-post-format-standard"],"_links":{"self":[{"href":"https:\/\/leiklist.is\/en\/wp-json\/wp\/v2\/posts\/503","targetHints":{"allow":["GET"]}}],"collection":[{"href":"https:\/\/leiklist.is\/en\/wp-json\/wp\/v2\/posts"}],"about":[{"href":"https:\/\/leiklist.is\/en\/wp-json\/wp\/v2\/types\/post"}],"author":[{"embeddable":true,"href":"https:\/\/leiklist.is\/en\/wp-json\/wp\/v2\/users\/3"}],"replies":[{"embeddable":true,"href":"https:\/\/leiklist.is\/en\/wp-json\/wp\/v2\/comments?post=503"}],"version-history":[{"count":0,"href":"https:\/\/leiklist.is\/en\/wp-json\/wp\/v2\/posts\/503\/revisions"}],"wp:attachment":[{"href":"https:\/\/leiklist.is\/en\/wp-json\/wp\/v2\/media?parent=503"}],"wp:term":[{"taxonomy":"category","embeddable":true,"href":"https:\/\/leiklist.is\/en\/wp-json\/wp\/v2\/categories?post=503"},{"taxonomy":"post_tag","embeddable":true,"href":"https:\/\/leiklist.is\/en\/wp-json\/wp\/v2\/tags?post=503"}],"curies":[{"name":"wp","href":"https:\/\/api.w.org\/{rel}","templated":true}]}}