{"id":5001,"date":"2015-01-26T12:48:56","date_gmt":"2015-01-26T12:48:56","guid":{"rendered":"http:\/\/wp.leiklist.is\/?p=5001"},"modified":"2015-01-26T12:48:56","modified_gmt":"2015-01-26T12:48:56","slug":"eldbarnie-soefnun-a-karolina-fund","status":"publish","type":"post","link":"https:\/\/leiklist.is\/en\/eldbarnie-soefnun-a-karolina-fund\/","title":{"rendered":"Eldbarni\u00f0, s\u00f6fnun \u00e1 Karolina fund"},"content":{"rendered":"<p>Skaft\u00e1reldar eru s\u00f6gusvi\u00f0 M\u00f6guleikh\u00fassins \u00ed n\u00fdju barnaleikriti, \u00fear sem \u00feessir afdrifar\u00edku atbur\u00f0ir \u00cdslandss\u00f6gunnar eru s\u00e9\u00f0ir fr\u00e1 sj\u00f3narh\u00f3li barns. L\u00edtil st\u00falka vir\u00f0ist mega s\u00edn l\u00edtils \u00feegar ver\u00f6ldin tekur hamskiptum og h\u00e6tturnar vir\u00f0ast b\u00faa vi\u00f0 hvert f\u00f3tm\u00e1l. En hugrekki og hjartahl\u00fdja reynast tryggir f\u00f6runautar \u00e1 \u00f3vissut\u00edmum.\u00a0<\/p>\n<p>Eldbarni\u00f0 ver\u00f0ur frums\u00fdnt \u00ed\u00a0<a href=\"http:\/\/www.tjarnarbio.is\/\">Tjarnarb\u00ed\u00f3i<\/a> laugardaginn 7. febr\u00faar.<\/p>\n<p \/>H\u00e9r er sl\u00f3\u00f0 \u00e1 s\u00f6fnunina\u00a0<a target=\"_blank\" href=\"https:\/\/www.karolinafund.com\/project\/view\/735\" rel=\"nofollow noopener noreferrer\" data-reactid=\".4n.$mid=11422190026702=2aa8740a8387de2d238.2:0.0.0.0.0.0.$range0:0\">https:\/\/www.karolinafund.com\/project\/view\/735  <!--more-->  <\/a><\/p>\n<p>S\u00f3lveig er s\u00f6guhetjan \u00ed \u00feessu n\u00fdja leikriti M\u00f6guleikh\u00fassins. Eftir gr\u00ed\u00f0arlega jar\u00f0skj\u00e1lfta ver\u00f0ur st\u00f3rt eldgos og sk\u00f6mmu seinna steypist hraunstraumur ofan af h\u00e1lendinu. S\u00f3lveig og m\u00f3\u00f0ir hennar ver\u00f0a a\u00f0 fl\u00fdja upp \u00ed fjallshl\u00ed\u00f0, \u00fea\u00f0an sem \u00fe\u00e6r horfa \u00e1 b\u00e6inn sinn fara undir hraun. Vi\u00f0 tekur n\u00fd og gj\u00f6rbreytt tilvera, fl\u00f3tti og leit a\u00f0 h\u00fasaskj\u00f3li. S\u00f3lveig lendir \u00ed \u00e6vint\u00fdralegum a\u00f0st\u00e6\u00f0um sem hlj\u00f3ma fjarst\u00e6\u00f0ukenndar fyrir \u00edslensk b\u00f6rn \u00ed dag en voru raunverulegar \u00e1 \u00feessum t\u00edmum.<\/p>\n<p>H\u00e9r heldur M\u00f6guleikh\u00fasi\u00f0 \u00e1fram umfj\u00f6llun um mannl\u00edf \u00ed kj\u00f6lfar Skaft\u00e1relda og M\u00f3\u00f0uhar\u00f0inda, en s\u00ed\u00f0asta vetur frums\u00fdndi \u00fea\u00f0 einleikinn Eldklerkinn sem hlaut afbur\u00f0ag\u00f3\u00f0ar vi\u00f0t\u00f6kur. A\u00f0 \u00feessu sinni eru atbur\u00f0irnir sko\u00f0a\u00f0ir fr\u00e1 sj\u00f3narh\u00f3li ungrar st\u00falku \u00ed n\u00fdju barnaleikriti sem \u00e6tla\u00f0 er \u00e1horfendum fr\u00e1 9 \u00e1ra aldri.\u00a0<\/p>\n<p>Frums\u00fdning ver\u00f0ur \u00ed Tjarnarb\u00ed\u00f3i 7. febr\u00faar.\u00a0<\/p>\n<p>H\u00f6fundur: P\u00e9tur Eggerz<br \/>Leikstj\u00f3ri: Sigr\u00fan Valbergsd\u00f3ttir<br \/>Leikmynd og b\u00faningar: Gu\u00f0r\u00fan \u00d8yahals<br \/>T\u00f3nlist: Kristj\u00e1n Gu\u00f0j\u00f3nsson<br \/>Leikarar: Alda Arnard\u00f3ttir, Andrea \u00d6sp Karlsd\u00f3ttir og P\u00e9tur Eggerz<br \/>S\u00e9rlegur r\u00e1\u00f0gjafi vi\u00f0 handritsger\u00f0: Krist\u00edn Helga Gunnarsd\u00f3ttir<\/p>","protected":false},"excerpt":{"rendered":"<p>Skaft\u00e1reldar eru s\u00f6gusvi\u00f0 M\u00f6guleikh\u00fassins \u00ed n\u00fdju barnaleikriti, \u00fear sem \u00feessir afdrifar\u00edku atbur\u00f0ir \u00cdslandss\u00f6gunnar eru s\u00e9\u00f0ir fr\u00e1 sj\u00f3narh\u00f3li barns. L\u00edtil st\u00falka vir\u00f0ist mega s\u00edn l\u00edtils \u00feegar ver\u00f6ldin tekur hamskiptum og h\u00e6tturnar vir\u00f0ast b\u00faa vi\u00f0 hvert f\u00f3tm\u00e1l. En hugrekki og hjartahl\u00fdja reynast tryggir f\u00f6runautar \u00e1 \u00f3vissut\u00edmum.\u00a0 Eldbarni\u00f0 ver\u00f0ur frums\u00fdnt \u00ed\u00a0Tjarnarb\u00ed\u00f3i laugardaginn 7. febr\u00faar. H\u00e9r er sl\u00f3\u00f0 \u00e1 [&hellip;]<\/p>\n","protected":false},"author":3,"featured_media":5000,"comment_status":"open","ping_status":"open","sticky":false,"template":"","format":"standard","meta":{"_et_pb_use_builder":"","_et_pb_old_content":"","_et_gb_content_width":"","footnotes":""},"categories":[187],"tags":[],"class_list":["post-5001","post","type-post","status-publish","format-standard","has-post-thumbnail","hentry","category-allar-frir","et-has-post-format-content","et_post_format-et-post-format-standard"],"_links":{"self":[{"href":"https:\/\/leiklist.is\/en\/wp-json\/wp\/v2\/posts\/5001","targetHints":{"allow":["GET"]}}],"collection":[{"href":"https:\/\/leiklist.is\/en\/wp-json\/wp\/v2\/posts"}],"about":[{"href":"https:\/\/leiklist.is\/en\/wp-json\/wp\/v2\/types\/post"}],"author":[{"embeddable":true,"href":"https:\/\/leiklist.is\/en\/wp-json\/wp\/v2\/users\/3"}],"replies":[{"embeddable":true,"href":"https:\/\/leiklist.is\/en\/wp-json\/wp\/v2\/comments?post=5001"}],"version-history":[{"count":0,"href":"https:\/\/leiklist.is\/en\/wp-json\/wp\/v2\/posts\/5001\/revisions"}],"wp:featuredmedia":[{"embeddable":true,"href":"https:\/\/leiklist.is\/en\/wp-json\/"}],"wp:attachment":[{"href":"https:\/\/leiklist.is\/en\/wp-json\/wp\/v2\/media?parent=5001"}],"wp:term":[{"taxonomy":"category","embeddable":true,"href":"https:\/\/leiklist.is\/en\/wp-json\/wp\/v2\/categories?post=5001"},{"taxonomy":"post_tag","embeddable":true,"href":"https:\/\/leiklist.is\/en\/wp-json\/wp\/v2\/tags?post=5001"}],"curies":[{"name":"wp","href":"https:\/\/api.w.org\/{rel}","templated":true}]}}