{"id":4988,"date":"2015-01-19T10:44:10","date_gmt":"2015-01-19T10:44:10","guid":{"rendered":"http:\/\/wp.leiklist.is\/?p=4988"},"modified":"2015-01-19T10:44:10","modified_gmt":"2015-01-19T10:44:10","slug":"sviesettir-leiklestrar-a-nyjum-verkum","status":"publish","type":"post","link":"https:\/\/leiklist.is\/en\/sviesettir-leiklestrar-a-nyjum-verkum\/","title":{"rendered":"Svi\u00f0settir leiklestrar \u00e1 n\u00fdjum verkum"},"content":{"rendered":"<p class=\"p1\" \/>Uppsprettan stendur fyrir upplestri \u00e1 n\u00fdjum \u00edslenskum verkum \u00ed Tjarnarb\u00ed\u00f3i n\u00e6stu \u00feri\u00f0judagskv\u00f6ld. Leiklestrarnir eru unnir \u00ed samstarfi vi\u00f0 \u00c1rna Kristj\u00e1nsson leikstj\u00f3ra. Verkin, sem eru \u00ed fullri lengd, eru afrakstur leikritunarn\u00e1mskei\u00f0s sem \u00c1rni st\u00f3\u00f0 fyrir \u00ed Tjarnarb\u00ed\u00f3i \u00ed haust.  <!--more-->  <\/p>\n<p class=\"p1\">Fyrsta verki\u00f0 sem lesi\u00f0 ver\u00f0ur \u00feri\u00f0judaginn 20. jan\u00faar, er kvikmyndahandrit sem kallast \u00datg\u00f6ngubann og fjallar um fj\u00f6lskyldu sem lokar sig af vegna \u00feess a\u00f0 faraldur herjar \u00e1 landi\u00f0.<\/p>\n<p class=\"p2\">H\u00f6fundur er S\u00f3ley \u00d3marsd\u00f3ttir. Leikarar eru Mar\u00eda P\u00e1lsd\u00f3ttir, \u00deorsteinn Gunnar Bjarnason, Sveinn \u00d3skar \u00c1sbj\u00f6rnsson, Lana \u00cdris Dungal, Bergd\u00eds J\u00fal\u00eda J\u00f3hannsd\u00f3ttir, \u00c1rs\u00e6ll N\u00edelsson, Arnoddur Magn\u00fasson Danks og \u00c1st\u00fe\u00f3r \u00c1g\u00fastson.<\/p>\n<p class=\"p2\">Flutningur hefst kl. 20:30 \u00e1 kaffih\u00fasinu \u00ed Tjarnarb\u00ed\u00f3i.<\/p>\n<p class=\"p1\">A\u00f0gangur er \u00f3keypis.<\/p>\n<p class=\"p1\">\u00a0<\/p>","protected":false},"excerpt":{"rendered":"<p>Uppsprettan stendur fyrir upplestri \u00e1 n\u00fdjum \u00edslenskum verkum \u00ed Tjarnarb\u00ed\u00f3i n\u00e6stu \u00feri\u00f0judagskv\u00f6ld. Leiklestrarnir eru unnir \u00ed samstarfi vi\u00f0 \u00c1rna Kristj\u00e1nsson leikstj\u00f3ra. Verkin, sem eru \u00ed fullri lengd, eru afrakstur leikritunarn\u00e1mskei\u00f0s sem \u00c1rni st\u00f3\u00f0 fyrir \u00ed Tjarnarb\u00ed\u00f3i \u00ed haust.<\/p>","protected":false},"author":3,"featured_media":4987,"comment_status":"open","ping_status":"open","sticky":false,"template":"","format":"standard","meta":{"_et_pb_use_builder":"","_et_pb_old_content":"","_et_gb_content_width":"","footnotes":""},"categories":[187],"tags":[],"class_list":["post-4988","post","type-post","status-publish","format-standard","has-post-thumbnail","hentry","category-allar-frir","et-has-post-format-content","et_post_format-et-post-format-standard"],"_links":{"self":[{"href":"https:\/\/leiklist.is\/en\/wp-json\/wp\/v2\/posts\/4988","targetHints":{"allow":["GET"]}}],"collection":[{"href":"https:\/\/leiklist.is\/en\/wp-json\/wp\/v2\/posts"}],"about":[{"href":"https:\/\/leiklist.is\/en\/wp-json\/wp\/v2\/types\/post"}],"author":[{"embeddable":true,"href":"https:\/\/leiklist.is\/en\/wp-json\/wp\/v2\/users\/3"}],"replies":[{"embeddable":true,"href":"https:\/\/leiklist.is\/en\/wp-json\/wp\/v2\/comments?post=4988"}],"version-history":[{"count":0,"href":"https:\/\/leiklist.is\/en\/wp-json\/wp\/v2\/posts\/4988\/revisions"}],"wp:featuredmedia":[{"embeddable":true,"href":"https:\/\/leiklist.is\/en\/wp-json\/"}],"wp:attachment":[{"href":"https:\/\/leiklist.is\/en\/wp-json\/wp\/v2\/media?parent=4988"}],"wp:term":[{"taxonomy":"category","embeddable":true,"href":"https:\/\/leiklist.is\/en\/wp-json\/wp\/v2\/categories?post=4988"},{"taxonomy":"post_tag","embeddable":true,"href":"https:\/\/leiklist.is\/en\/wp-json\/wp\/v2\/tags?post=4988"}],"curies":[{"name":"wp","href":"https:\/\/api.w.org\/{rel}","templated":true}]}}