{"id":4970,"date":"2015-01-07T09:54:38","date_gmt":"2015-01-07T09:54:38","guid":{"rendered":"http:\/\/wp.leiklist.is\/?p=4970"},"modified":"2015-01-07T09:54:38","modified_gmt":"2015-01-07T09:54:38","slug":"namskeie-fyrir-innflytjendur","status":"publish","type":"post","link":"https:\/\/leiklist.is\/en\/namskeie-fyrir-innflytjendur\/","title":{"rendered":"N\u00e1mskei\u00f0 fyrir innflytjendur"},"content":{"rendered":"<p class=\"p1\"><span style=\"color: #000000; font-family: sans-serif;\">Fr\u00e1 og me\u00f0 7. jan\u00faar heldur listah\u00f3purinn \u201evi\u00f0 og vi\u00f0\u201c leiklistarn\u00e1mskei\u00f0 \u00ed samstarfi vi\u00f0 Borgarleikh\u00fasi\u00f0. N\u00e1mskei\u00f0i\u00f0 er \u00e1 mi\u00f0vikudagskv\u00f6ldum og er opi\u00f0 \u00f6llum en fer fram \u00e1 ensku og hentar \u00fev\u00ed innflytjendum vel og \u00f6\u00f0rum sem ekki hafa \u00edslensku a\u00f0 m\u00f3\u00f0urm\u00e1li. Engrar reynslu er krafist nema brennandi \u00e1huga \u00e1 leiklist og sk\u00f6pun en fyrsti t\u00edminn ver\u00f0ur opinn fyrir \u00fe\u00e1 sem hafa \u00e1huga \u00e1 a\u00f0 pr\u00f3fa. \u00c1 n\u00e1mskei\u00f0unum ver\u00f0ur unni\u00f0 a\u00f0 \u00fev\u00ed a\u00f0 setja upp svi\u00f0sverk sem flutt ver\u00f0ur \u00e1 opnu kv\u00f6ldi \u00ed Borgarleikh\u00fasinu \u00ed apr\u00edl.<\/span><\/p>\n<p>  <!--more-->  <\/p>\n<p>N\u00e1nari uppl\u00fdsingar er a\u00f0 finna \u00e1 <a href=\"https:\/\/www.facebook.com\/vidogvid\">https:\/\/www.facebook.com\/vidogvid<\/a> en skr\u00e1ning fer fram \u00ed gegnum <a href=\"mailto:vidovidklubburinn@gmail.com\">vidovidklubburinn@gmail.com<\/a>. Fullt gjald er kr. 15.000 e\u00f0a um \u00fe\u00fasundkall fyrir hvern t\u00edma og innifali\u00f0 \u00ed \u00fev\u00ed gjaldi eru l\u00e9ttar veitingar \u00ed kaffip\u00e1su. vi\u00f0 og vi\u00f0 er listah\u00f3pur sem notar leikh\u00fas, performans, dans og k\u00f3re\u00f3graf\u00edu til a\u00f0 sko\u00f0a og skerpa \u00e1 f\u00e9lagslegum, p\u00f3lit\u00edskum og heimspekilegum vi\u00f0fangsefnum. Kennarar eru Alexander Roberts, leikh\u00fasfr\u00e6\u00f0ingur og stj\u00f3rnandi Reykjav\u00edk Dance Festival, Aude Busson, dansh\u00f6fundur og leikh\u00faslistakona og Sigur\u00f0ur Arent, listama\u00f0ur.<\/p>\n<p class=\"p3\">Starting January 7th the art collective \u201evi\u00f0 og vi\u00f0\u201d are collaborating with Borgarleikh\u00fas (Reykjavik City Theatre) again to provide performing arts workshops for people in the city that wish to learn new approaches to the performing arts in an open-minded environment.\u00a0<br \/> These workshop might be of special interest to the immigrant population of Iceland, but are open to anyone and everyone to attend.<br \/> The first session will be free to try out! <br \/> When?\u00a0Wednesday nights every week between 18:00-21:00 from January 7th until April 15th.<br \/> Where? Borgarleikh\u00fasi\u00f0 (enter through the staff entrance). How much? Only 15.000 kr\u00f3nur for the term (~1000kr\/class. Included in the participation fee are light refreshments, coffee,\u00a0tea and biscuits.)<br \/>The workshops will touch on many things but over the whole they will work towards and culminate in two events in Borgarleikh\u00fas, largely shaped by the participants, where thegroup share their work with an invited audience.<br \/> No prior experience necessary \u2013 and places will be given on a first come first serve basis. If you have an interest in learning more about the performing arts \u2013 then this can be the workshop for you! NB! LIMITED SPACES AVAILABLE!<\/p>\n<p>\u201evi\u00f0 og vi\u00f0\u201d is an art collective consisting of three artists that use theatre, performance, dancing and choreography to address, explore and intensify social, political and philosophical questions.<\/p>","protected":false},"excerpt":{"rendered":"<p>Fr\u00e1 og me\u00f0 7. jan\u00faar heldur listah\u00f3purinn \u201evi\u00f0 og vi\u00f0\u201c leiklistarn\u00e1mskei\u00f0 \u00ed samstarfi vi\u00f0 Borgarleikh\u00fasi\u00f0. N\u00e1mskei\u00f0i\u00f0 er \u00e1 mi\u00f0vikudagskv\u00f6ldum og er opi\u00f0 \u00f6llum en fer fram \u00e1 ensku og hentar \u00fev\u00ed innflytjendum vel og \u00f6\u00f0rum sem ekki hafa \u00edslensku a\u00f0 m\u00f3\u00f0urm\u00e1li. Engrar reynslu er krafist nema brennandi \u00e1huga \u00e1 leiklist og sk\u00f6pun en fyrsti t\u00edminn [&hellip;]<\/p>\n","protected":false},"author":3,"featured_media":4969,"comment_status":"open","ping_status":"open","sticky":false,"template":"","format":"standard","meta":{"_et_pb_use_builder":"","_et_pb_old_content":"","_et_gb_content_width":"","footnotes":""},"categories":[187],"tags":[],"class_list":["post-4970","post","type-post","status-publish","format-standard","has-post-thumbnail","hentry","category-allar-frir","et-has-post-format-content","et_post_format-et-post-format-standard"],"_links":{"self":[{"href":"https:\/\/leiklist.is\/en\/wp-json\/wp\/v2\/posts\/4970","targetHints":{"allow":["GET"]}}],"collection":[{"href":"https:\/\/leiklist.is\/en\/wp-json\/wp\/v2\/posts"}],"about":[{"href":"https:\/\/leiklist.is\/en\/wp-json\/wp\/v2\/types\/post"}],"author":[{"embeddable":true,"href":"https:\/\/leiklist.is\/en\/wp-json\/wp\/v2\/users\/3"}],"replies":[{"embeddable":true,"href":"https:\/\/leiklist.is\/en\/wp-json\/wp\/v2\/comments?post=4970"}],"version-history":[{"count":0,"href":"https:\/\/leiklist.is\/en\/wp-json\/wp\/v2\/posts\/4970\/revisions"}],"wp:featuredmedia":[{"embeddable":true,"href":"https:\/\/leiklist.is\/en\/wp-json\/"}],"wp:attachment":[{"href":"https:\/\/leiklist.is\/en\/wp-json\/wp\/v2\/media?parent=4970"}],"wp:term":[{"taxonomy":"category","embeddable":true,"href":"https:\/\/leiklist.is\/en\/wp-json\/wp\/v2\/categories?post=4970"},{"taxonomy":"post_tag","embeddable":true,"href":"https:\/\/leiklist.is\/en\/wp-json\/wp\/v2\/tags?post=4970"}],"curies":[{"name":"wp","href":"https:\/\/api.w.org\/{rel}","templated":true}]}}