{"id":4898,"date":"2014-11-12T10:38:54","date_gmt":"2014-11-12T10:38:54","guid":{"rendered":"http:\/\/wp.leiklist.is\/?p=4898"},"modified":"2014-11-12T10:38:54","modified_gmt":"2014-11-12T10:38:54","slug":"tie-munie-hann-joerund","status":"publish","type":"post","link":"https:\/\/leiklist.is\/en\/tie-munie-hann-joerund\/","title":{"rendered":"\u00dei\u00f0 muni\u00f0 hann J\u00f6rund"},"content":{"rendered":"<p>E\u00f0a hva\u00f0? Muni\u00f0i ekki eftir honum J\u00f6rundi \u00far s\u00f6gub\u00f3kunum, hann kom til \u00cdslands \u00e1ri\u00f0 1809 og ger\u00f0ist k\u00f3ngur um hundadagana.\u00a0 H\u00e9t v\u00edst J\u00f6rgen upp \u00e1 d\u00f6nsku enda upprunninn \u00fear og\u00a0 \u00fe\u00f3tti\u00a0 erfi\u00f0ur drengur og \u00f3d\u00e6ll, prakkari og str\u00ed\u00f0nisp\u00faki. Hann var \u00fev\u00ed snemma sendur \u00e1 sj\u00f3inn og sigldi me\u00f0 bretum \u00ed m\u00f6rg \u00e1r.<\/p>\n<p \/>E\u00f0a muni\u00f0i kannski eftir honum \u00ed laginu Ar\u00edd\u00faar\u00edd\u00faradei? \u201e\u00cd Danm\u00f6rk f\u00e6ddist og \u00f3lst hann upp en engan hlaut hann \u00fear frama s\u00fa kotunga \u00fej\u00f3\u00f0 me\u00f0 k\u00faast\u00f3\u00f0 og kokhlj\u00f3\u00f0 var honum til ama&#8230;. Sem k\u00f3ngur r\u00edkti hann me\u00f0ur s\u00f3m\u00b4og sann eitt sumar \u00e1 landinu bl\u00e1a&#8230;..\u201c  <!--more-->  <\/p>\n<p>Hva\u00f0 sem \u00fev\u00ed l\u00ed\u00f0ur er Leikf\u00e9lag Flj\u00f3tsdalsh\u00e9ra\u00f0s a\u00f0 kynna s\u00e9r feril kappans og \u00e6tlar a\u00f0 deila \u00fev\u00ed sem kemur \u00ed lj\u00f3s me\u00f0 H\u00e9ra\u00f0sb\u00faum og n\u00e6rsveitam\u00f6nnum me\u00f0 s\u00fdningunni <em>\u00dei\u00f0 muni\u00f0 hann J\u00f6rund<\/em> \u00ed leikstj\u00f3rn Halld\u00f3ru Malinar P\u00e9tursd\u00f3ttur.\u00a0 Leikriti\u00f0 er eftir J\u00f3nas \u00c1rnason me\u00f0 fj\u00f6ldanum \u00f6llum af s\u00f6ngvum sem hann samdi vi\u00f0 skosk og \u00edrsk \u00fej\u00f3\u00f0l\u00f6g.\u00a0 Hver man ekki eftir B\u00edum b\u00edum bambal\u00f3&#8230;.einmitt&#8230;&#8230;\u00far \u00feessu leikriti. Leikriti\u00f0 var frums\u00fdnt \u00ed I\u00f0n\u00f3 1970 og naut gr\u00ed\u00f0arlegra vins\u00e6lda og vi\u00f0 sem munum langt aftur munum eftir tr\u00ed\u00f3inu \u00derj\u00fa \u00e1 palli sem s\u00f6ng \u00f6ll \u00feessi l\u00f6g \u00ed \u00f3skalaga\u00fe\u00e1ttunum \u00ed \u00fatvarpinu og stundum \u00ed okkar svarthv\u00edta sj\u00f3nvarpi. \u00cd s\u00fdningu Leikf\u00e9lags Flj\u00f3tsdalsh\u00e9ra\u00f0s ver\u00f0ur \u00fea\u00f0 karlak\u00f3r sem syngur l\u00f6gin og hefur Freyja Kristj\u00e1nsd\u00f3ttir stj\u00f3rna\u00f0 honum en Haf\u00fe\u00f3r Valur Gu\u00f0j\u00f3nsson s\u00e9r um t\u00f3nlistarstj\u00f3rnina \u00ed s\u00fdningunni.<\/p>\n<p>K\u00edki\u00f0i \u00e1 f\u00e9sb\u00f3kars\u00ed\u00f0una <em>\u00dei\u00f0 muni\u00f0 hann J\u00f6rund<\/em> og fylgist me\u00f0 hvernig gengur. Hvernig kemst J\u00f6rundur til \u00cdslands? Hver er Charlie Brown? \u00c1 Laddie k\u00e6rustu? Hva\u00f0 er skonrok? Og hver er Barbara? Kannski k\u00e6rastan hans St\u00fad\u00edosuss,\u00a0 nei var \u00fea\u00f0 kannski h\u00fan Dala-Vala?<\/p>\n<p>S\u00fdningar ver\u00f0a \u00ed Valaskj\u00e1lf en \u00fear er n\u00fa\u00a0 sem \u00f3\u00f0ast veri\u00f0 a\u00f0 gera allt upp. \u00dea\u00f0 eru \u00f6rf\u00e1 s\u00e6ti laus \u00e1 frums\u00fdninguna \u00feann 14. n\u00f3vember kl. 20.00 og\u00a0 n\u00e6stu \u00ferj\u00e1r s\u00fdningar ver\u00f0a sem h\u00e9r segir:<\/p>\n<p>Sunnudaginn 16. n\u00f3vember kl. 16.00<\/p>\n<p>Mi\u00f0vikudaginn 19. n\u00f3vember kl. 20.00<\/p>\n<p>F\u00f6studaginn 21. n\u00f3vember kl. 20.00<\/p>\n<p>A\u00f0rar s\u00fdningar ver\u00f0a augl\u00fdstar seinna. Fylgist me\u00f0 \u00e1 prent- og vefmi\u00f0lum.<\/p>\n<p>Frekari uppl\u00fdsingar og mi\u00f0apantanir eru \u00ed s\u00edma 867-1604 e\u00f0a \u00e1 <a href=\"mailto:tid.munid.hann.jorund@gmail.com\">tid.munid.hann.jorund@gmail.com<\/a><\/p>\n<p>\u00a0<\/p>","protected":false},"excerpt":{"rendered":"<p>E\u00f0a hva\u00f0? Muni\u00f0i ekki eftir honum J\u00f6rundi \u00far s\u00f6gub\u00f3kunum, hann kom til \u00cdslands \u00e1ri\u00f0 1809 og ger\u00f0ist k\u00f3ngur um hundadagana.\u00a0 H\u00e9t v\u00edst J\u00f6rgen upp \u00e1 d\u00f6nsku enda upprunninn \u00fear og\u00a0 \u00fe\u00f3tti\u00a0 erfi\u00f0ur drengur og \u00f3d\u00e6ll, prakkari og str\u00ed\u00f0nisp\u00faki. Hann var \u00fev\u00ed snemma sendur \u00e1 sj\u00f3inn og sigldi me\u00f0 bretum \u00ed m\u00f6rg \u00e1r. E\u00f0a muni\u00f0i kannski [&hellip;]<\/p>\n","protected":false},"author":3,"featured_media":4897,"comment_status":"open","ping_status":"open","sticky":false,"template":"","format":"standard","meta":{"_et_pb_use_builder":"","_et_pb_old_content":"","_et_gb_content_width":"","footnotes":""},"categories":[187],"tags":[],"class_list":["post-4898","post","type-post","status-publish","format-standard","has-post-thumbnail","hentry","category-allar-frir","et-has-post-format-content","et_post_format-et-post-format-standard"],"_links":{"self":[{"href":"https:\/\/leiklist.is\/en\/wp-json\/wp\/v2\/posts\/4898","targetHints":{"allow":["GET"]}}],"collection":[{"href":"https:\/\/leiklist.is\/en\/wp-json\/wp\/v2\/posts"}],"about":[{"href":"https:\/\/leiklist.is\/en\/wp-json\/wp\/v2\/types\/post"}],"author":[{"embeddable":true,"href":"https:\/\/leiklist.is\/en\/wp-json\/wp\/v2\/users\/3"}],"replies":[{"embeddable":true,"href":"https:\/\/leiklist.is\/en\/wp-json\/wp\/v2\/comments?post=4898"}],"version-history":[{"count":0,"href":"https:\/\/leiklist.is\/en\/wp-json\/wp\/v2\/posts\/4898\/revisions"}],"wp:featuredmedia":[{"embeddable":true,"href":"https:\/\/leiklist.is\/en\/wp-json\/wp\/v2\/media\/4897"}],"wp:attachment":[{"href":"https:\/\/leiklist.is\/en\/wp-json\/wp\/v2\/media?parent=4898"}],"wp:term":[{"taxonomy":"category","embeddable":true,"href":"https:\/\/leiklist.is\/en\/wp-json\/wp\/v2\/categories?post=4898"},{"taxonomy":"post_tag","embeddable":true,"href":"https:\/\/leiklist.is\/en\/wp-json\/wp\/v2\/tags?post=4898"}],"curies":[{"name":"wp","href":"https:\/\/api.w.org\/{rel}","templated":true}]}}