{"id":4809,"date":"2014-09-30T10:41:02","date_gmt":"2014-09-30T10:41:02","guid":{"rendered":"http:\/\/wp.leiklist.is\/?p=4809"},"modified":"2014-09-30T10:41:02","modified_gmt":"2014-09-30T10:41:02","slug":"stuttverkahatie-neata","status":"publish","type":"post","link":"https:\/\/leiklist.is\/en\/stuttverkahatie-neata\/","title":{"rendered":"Stuttverkah\u00e1t\u00ed\u00f0 NEATA"},"content":{"rendered":"<p class=\"p1\">\u00a0<\/p>\n<p> NEATA stuttverkah\u00e1t\u00ed\u00f0in ver\u00f0ur haldin \u00ed Leikh\u00fasinu a\u00f0 Funalind 2 \u00ed K\u00f3pavogi laugardaginn 4. okt\u00f3ber. H\u00e1t\u00ed\u00f0in hefst kl. 13.00 og endar \u00e1 sameiginlegum h\u00e1t\u00ed\u00f0arkv\u00f6ldver\u00f0i \u00ed Hl\u00e9gar\u00f0i \u00ed Mosfellsb\u00e6. \u00c1 h\u00e1t\u00ed\u00f0inni ver\u00f0a s\u00fdnd 15 stuttverk fr\u00e1 3 upp \u00ed 15 m\u00edn. a\u00f0 lengd. \u00deegar s\u00fdningum l\u00fdkur sj\u00e1 Sigri\u00f0ur L\u00e1ra Sigurj\u00f3nsd\u00f3ttir og Karl \u00c1g\u00fast \u00dalfsson um gagnr\u00fdni og umr\u00e6\u00f0ur. H\u00e1t\u00ed\u00f0in er \u00f3keypis og \u00f6llum opin en panta \u00fearf mi\u00f0a fyrirfram.          <!--more-->  <\/p>\n<p class=\"inndr\">\u00a0<\/p>\n<p class=\"inndr\">\u00deetta er fyrsta stuttverkah\u00e1t\u00ed\u00f0in sem haldin er undir merkjum NEATA, Nor\u00f0ur evr\u00f3pska \u00e1hugaleikh\u00fasr\u00e1\u00f0sins. A\u00f0 \u00feessu sinni koma leik\u00fe\u00e6ttir fr\u00e1 F\u00e6reyjum og \u00cdslandi og \u00e1heyrnarfulltr\u00faar koma fr\u00e1 Danm\u00f6rku.<\/p>\n<p class=\"inndr\">\u00a0<\/p>\n<p class=\"inndr\">Dagskr\u00e1in er \u00feannig a\u00f0 leik\u00fe\u00e6ttirnir 15 ver\u00f0a s\u00fdndir hver \u00e1 f\u00e6tur \u00f6\u00f0rum me\u00f0 stuttum skiptingum \u00e1 milli, 2 stuttum hl\u00e9um og einu l\u00f6ngu \u00fear sem seldar ver\u00f0a veitingar \u00e1 500 kr. fyrir manninn.<\/p>\n<p class=\"inndr\">\u00a0<\/p>\n<p class=\"inndr\">Leik\u00fe\u00e6ttirnir sem s\u00fdndir ver\u00f0a \u00e1 h\u00e1t\u00ed\u00f0inni eru:<\/p>\n<p class=\"inndr\">\u00a0<\/p>\n<p class=\"inndr\"><strong>Hugleikur, Reykjav\u00edk<\/strong><\/p>\n<p class=\"inndr\"><em>\u00c1n titils<\/em><\/p>\n<p class=\"inndr\">H\u00f6fundur: Rosa Liksom<\/p>\n<p class=\"inndr\">\u00de\u00fd\u00f0andi: Krist\u00edn M\u00e4ntyl\u00e4<\/p>\n<p class=\"inndr\">Leikstj\u00f3rar: Hulda B. H\u00e1konard\u00f3ttir og \u00deorgeir Tryggvason<\/p>\n<p class=\"inndr\">\u00a0<\/p>\n<p class=\"inndr\"><em>Elsku Unnur<\/em><\/p>\n<p class=\"inndr\">H\u00f6fundur: \u00c1sta G\u00edslad\u00f3ttir<\/p>\n<p class=\"inndr\">Leikstj\u00f3ri: \u00deorgeir Tryggvason<\/p>\n<p class=\"inndr\">\u00a0<\/p>\n<p class=\"inndr\"><em>M\u00e1vagr\u00e1tur<\/em><\/p>\n<p class=\"inndr\">H\u00f6fundur og leikstj\u00f3ri: \u00c1rni Fri\u00f0riksson<\/p>\n<p class=\"inndr\">\u00a0<\/p>\n<p class=\"inndr\"><strong>Leikf\u00e9lag Hafnarfjar\u00f0ar<\/strong><\/p>\n<p class=\"inndr\"><em>M\u00f6guleikarnir 2014<\/em><\/p>\n<p class=\"inndr\">H\u00f6fundur go leikstj\u00f3ri: G\u00edsli Bj\u00f6rn Heimisson<\/p>\n<p class=\"inndr\">\u00a0<\/p>\n<p class=\"inndr\"><em>Fuglasko\u00f0ararnir<\/em><\/p>\n<p class=\"inndr\">H\u00f6fundur: \u00d3lafur \u00de\u00f3r\u00f0arson<\/p>\n<p class=\"inndr\">Leikstj\u00f3rar: Stef\u00e1n H. J\u00f3hannesson, Halld\u00f3r Magn\u00fasson og G\u00edsli Bj\u00f6rn Heimisson<\/p>\n<p class=\"inndr\">\u00a0<\/p>\n<p class=\"inndr\"><strong>Leikf\u00e9lag K\u00f3pavogs<\/strong><\/p>\n<p class=\"inndr\"><em>Rei\u00f0i<\/em><\/p>\n<p class=\"inndr\">H\u00f6fundur go leikstj\u00f3ri: \u00d6rn Alexandersson<\/p>\n<p class=\"inndr\">\u00a0<\/p>\n<p class=\"inndr\"><strong>Leikf\u00e9lag Selfoss<\/strong><\/p>\n<p class=\"inndr\"><em>Ostakakan<\/em><\/p>\n<p class=\"inndr\">H\u00f6fundur: A\u00f0alsteinn J\u00f3hannsson<\/p>\n<p class=\"inndr\">Leikstj\u00f3ri: F. Elli Hafli\u00f0ason<\/p>\n<p class=\"inndr\">\u00a0<\/p>\n<p class=\"inndr\"><em>Fyrir<\/em><\/p>\n<p class=\"inndr\">H\u00f6fundur: Hrefna Fri\u00f0riksd\u00f3ttir<\/p>\n<p class=\"inndr\">Leikstj\u00f3rar: Leikararnir sj\u00e1lfir<\/p>\n<p class=\"inndr\">\u00a0<\/p>\n<p class=\"inndr\"><strong>Leikf\u00e9lag \u00d6lfuss, \u00deorl\u00e1ksh\u00f6fn<\/strong><\/p>\n<p class=\"inndr\"><em>Laugardagsmorgun<\/em><\/p>\n<p class=\"inndr\">H\u00f6fundur: Oddfreyja Halld\u00f3ra Oddfreysd\u00f3ttir<\/p>\n<p class=\"inndr\">Leikstj\u00f3ri: Magn\u00fe\u00f3ra Kristj\u00e1nsd\u00f3ttir<\/p>\n<p class=\"inndr\">\u00a0<\/p>\n<p class=\"inndr\"><strong>Leikf\u00e9lagi\u00f0 Pe\u00f0i\u00f0, Reykjav\u00edk<\/strong><\/p>\n<p class=\"inndr\"><em>Vodka<\/em><\/p>\n<p class=\"inndr\">H\u00f6fundur: Dav\u00ed\u00f0 Stef\u00e1nsson<\/p>\n<p class=\"inndr\">Leikstj\u00f3ri: Gunnar Gunnarsson<\/p>\n<p class=\"inndr\">\u00a0<\/p>\n<p class=\"inndr\"><strong>Leikf\u00e9lagi\u00f0 Skagaleikflokkurinn, Akranesi<\/strong><\/p>\n<p class=\"inndr\"><em>Charlie<\/em><\/p>\n<p class=\"inndr\">H\u00f6fundar: Fj\u00f6lnir G\u00edslason og J\u00f3n Gunnar Gar\u00f0arsson<\/p>\n<p class=\"inndr\">Leikstj\u00f3ri: J\u00f3n Gunnar Gar\u00f0arsson<\/p>\n<p class=\"inndr\">\u00a0<\/p>\n<p class=\"inndr\"><em>\u00derj\u00e1r s\u00f6gur<\/em><\/p>\n<p class=\"inndr\">H\u00f6fundur : Leikstj\u00f3ri og leikh\u00f3pur<\/p>\n<p class=\"inndr\">Leikstj\u00f3ri: Jakob S. J\u00f3nsson<\/p>\n<p class=\"inndr\">\u00a0<\/p>\n<p class=\"inndr\"><strong>Meginf\u00e9lag \u00c1hugaleikara F\u00f8roya, M\u00c1F<\/strong><\/p>\n<p class=\"inndr\"><em>Professionalisma<\/em><\/p>\n<p class=\"inndr\"><em>H\u00f6fundur : Bj\u00f8rg Jacobsen<\/em><\/p>\n<p class=\"inndr\">Leikstj\u00f3ri: Katrin S. Reynisd\u00f3ttir<\/p>\n<p class=\"inndr\">\u00a0<\/p>\n<p class=\"inndr\"><em>Koks-Kiks<\/em><\/p>\n<p class=\"inndr\">H\u00f6fundur : Bj\u00f8rg Jacobsen<\/p>\n<p class=\"inndr\">Leikstj\u00f3ri: Katrin S. Reynisd\u00f3ttir<\/p>\n<p class=\"inndr\">\u00a0<\/p>\n<p class=\"inndr\"><em>N\u00e6rvera<\/em><\/p>\n<p class=\"inndr\">H\u00f6fundur: Bj\u00f8rg Jacobsen<\/p>\n<p class=\"inndr\">Leikstj\u00f3ri: Gunnv\u00f8r Joensen<\/p>\n<p class=\"inndr\">\u00a0<\/p>\n<p class=\"inndr\">A\u00f0 s\u00fdningum loknum hefst gagnr\u00fdni sem Sigr\u00ed\u00f0ur L\u00e1ra Sigurj\u00f3nsd\u00f3ttir leiksk\u00e1ld, \u00fe\u00fd\u00f0andi og doktorsnemi \u00ed svi\u00f0slistum og Karl \u00c1g\u00fast \u00dalfsson leikari, leiksk\u00e1ld og leikstj\u00f3ri sj\u00e1 um.<\/p>\n<p class=\"inndr\">\u00a0<\/p>\n<p class=\"inndr\"><strong>Panta \u00fearf a\u00f0g\u00f6ngumi\u00f0a \u00ed netfangi\u00f0 <a href=\"mailto:midasala@kopleik.is\">midasala@kopleik.is<\/a><\/strong><\/p>\n<p class=\"inndr\"><strong><a href=\"mailto:midasala@kopleik.is\"><\/a><\/strong><\/p>\n<p class=\"p2\">H\u00e1t\u00ed\u00f0arkv\u00f6ldver\u00f0urinn ver\u00f0ur \u00ed Hl\u00e9gar\u00f0i \u00ed Mosfellsb\u00e6. H\u00fasi\u00f0 opnar kl. 19.00 og bor\u00f0haldi\u00f0 hefst svo um kl. 19.30. Veislustj\u00f3ri ver\u00f0ur \u00deorgeir Tryggvason, forma\u00f0ur Bandalags \u00edslenskra leikf\u00e9laga. \u00cd bo\u00f0i ver\u00f0ur \u00feriggja r\u00e9tta veislukv\u00f6ldver\u00f0ur, skemmtiatri\u00f0i, s\u00f6ngur, glens og gle\u00f0i fram \u00e1 n\u00f3tt. Matse\u00f0ill: Sj\u00e1varr\u00e9ttasalat, Hamborgarhryggur og kaffi og konfekt. \u00de\u00e1tttaka kostar 3.000 kr. \u00e1 manninn.<\/p>\n<p class=\"p2\"><strong>\u00a0\u00de\u00e1ttt\u00f6ku \u00fearf a\u00f0 tilkynna fyrir kl. 12.00 \u00e1 h\u00e1degi f\u00f6studaginn 3. okt\u00f3ber \u00ed netfangi\u00f0 <a href=\"mailto:midasala@kopleik.is\">midasala@kopleik.is<\/a> en greitt ver\u00f0ur vi\u00f0 innganginn.<\/strong><\/p>\n<p class=\"inndr\"><strong>Athugi\u00f0 a\u00f0 allir \u00feurfa a\u00f0 tilkynna sig \u00ed kv\u00f6ldver\u00f0inn, l\u00edka \u00fe\u00e1ttakendur \u00ed s\u00fdningunum.<\/strong><\/p>","protected":false},"excerpt":{"rendered":"<p>\u00a0 NEATA stuttverkah\u00e1t\u00ed\u00f0in ver\u00f0ur haldin \u00ed Leikh\u00fasinu a\u00f0 Funalind 2 \u00ed K\u00f3pavogi laugardaginn 4. okt\u00f3ber. H\u00e1t\u00ed\u00f0in hefst kl. 13.00 og endar \u00e1 sameiginlegum h\u00e1t\u00ed\u00f0arkv\u00f6ldver\u00f0i \u00ed Hl\u00e9gar\u00f0i \u00ed Mosfellsb\u00e6. \u00c1 h\u00e1t\u00ed\u00f0inni ver\u00f0a s\u00fdnd 15 stuttverk fr\u00e1 3 upp \u00ed 15 m\u00edn. a\u00f0 lengd. \u00deegar s\u00fdningum l\u00fdkur sj\u00e1 Sigri\u00f0ur L\u00e1ra Sigurj\u00f3nsd\u00f3ttir og Karl \u00c1g\u00fast \u00dalfsson um gagnr\u00fdni [&hellip;]<\/p>\n","protected":false},"author":3,"featured_media":4808,"comment_status":"open","ping_status":"open","sticky":false,"template":"","format":"standard","meta":{"_et_pb_use_builder":"","_et_pb_old_content":"","_et_gb_content_width":"","footnotes":""},"categories":[187],"tags":[],"class_list":["post-4809","post","type-post","status-publish","format-standard","has-post-thumbnail","hentry","category-allar-frir","et-has-post-format-content","et_post_format-et-post-format-standard"],"_links":{"self":[{"href":"https:\/\/leiklist.is\/en\/wp-json\/wp\/v2\/posts\/4809","targetHints":{"allow":["GET"]}}],"collection":[{"href":"https:\/\/leiklist.is\/en\/wp-json\/wp\/v2\/posts"}],"about":[{"href":"https:\/\/leiklist.is\/en\/wp-json\/wp\/v2\/types\/post"}],"author":[{"embeddable":true,"href":"https:\/\/leiklist.is\/en\/wp-json\/wp\/v2\/users\/3"}],"replies":[{"embeddable":true,"href":"https:\/\/leiklist.is\/en\/wp-json\/wp\/v2\/comments?post=4809"}],"version-history":[{"count":0,"href":"https:\/\/leiklist.is\/en\/wp-json\/wp\/v2\/posts\/4809\/revisions"}],"wp:featuredmedia":[{"embeddable":true,"href":"https:\/\/leiklist.is\/en\/wp-json\/wp\/v2\/media\/4808"}],"wp:attachment":[{"href":"https:\/\/leiklist.is\/en\/wp-json\/wp\/v2\/media?parent=4809"}],"wp:term":[{"taxonomy":"category","embeddable":true,"href":"https:\/\/leiklist.is\/en\/wp-json\/wp\/v2\/categories?post=4809"},{"taxonomy":"post_tag","embeddable":true,"href":"https:\/\/leiklist.is\/en\/wp-json\/wp\/v2\/tags?post=4809"}],"curies":[{"name":"wp","href":"https:\/\/api.w.org\/{rel}","templated":true}]}}