{"id":4805,"date":"2014-09-26T10:20:48","date_gmt":"2014-09-26T10:20:48","guid":{"rendered":"http:\/\/wp.leiklist.is\/?p=4805"},"modified":"2014-09-26T10:20:48","modified_gmt":"2014-09-26T10:20:48","slug":"bruekaup-eftir-guemund-olafsson","status":"publish","type":"post","link":"https:\/\/leiklist.is\/en\/bruekaup-eftir-guemund-olafsson\/","title":{"rendered":"Br\u00fa\u00f0kaup eftir Gu\u00f0mund \u00d3lafsson"},"content":{"rendered":"<p class=\"p1\" \/>\u00c6fingar eru hafnar a\u00f0 n\u00fdju hj\u00e1 Leikf\u00e9lagi Fjallabygg\u00f0ar \u00e1 verkinu Br\u00fa\u00f0kaup sem er sami\u00f0 af Gu\u00f0mundi \u00d3lafssyni sem jafnframt leikst\u00fdrir verkinu. Um er a\u00f0 r\u00e6\u00f0a fyrsta verk Leikf\u00e9lags Fjallabygg\u00f0ar \u00fear sem Leikf\u00e9lag \u00d3lafsfjar\u00f0ar og Leikf\u00e9lag Siglufjar\u00f0ar sameinu\u00f0ust formlega \u00ed Leikf\u00e9lag Fjallabygg\u00f0ar 12. j\u00fal\u00ed 2013. \u00c1\u00f0ur unnu f\u00e9l\u00f6gin saman af mikilli pr\u00fd\u00f0i a\u00f0 uppsetningu \u00e1 verkinu St\u00f6ngin inn! sem einnig var sami\u00f0 og leikst\u00fdrt af Gu\u00f0mundi \u00d3lafssyni, en f\u00e9l\u00f6gin endu\u00f0u \u00e1 fj\u00f6lum \u00dej\u00f3\u00f0leikh\u00fassins me\u00f0 \u00fe\u00e1 s\u00fdningu.  <!--more-->  <\/p>\n<p class=\"p1\">Leikh\u00fasgestum getur fari\u00f0 a\u00f0 hlakka til a\u00f0 skemmta s\u00e9r \u00ed leikh\u00fasinu me\u00f0 Leikf\u00e9lagi Fjallabygg\u00f0ar en L.F. mun heimsfrums\u00fdna Br\u00fa\u00f0kaup \u00feann 17. okt\u00f3ber \u00ed Tjarnarborg \u00d3lafsfir\u00f0i.<\/p>\n<p class=\"p1\">\u00a0<\/p>","protected":false},"excerpt":{"rendered":"<p>\u00c6fingar eru hafnar a\u00f0 n\u00fdju hj\u00e1 Leikf\u00e9lagi Fjallabygg\u00f0ar \u00e1 verkinu Br\u00fa\u00f0kaup sem er sami\u00f0 af Gu\u00f0mundi \u00d3lafssyni sem jafnframt leikst\u00fdrir verkinu. Um er a\u00f0 r\u00e6\u00f0a fyrsta verk Leikf\u00e9lags Fjallabygg\u00f0ar \u00fear sem Leikf\u00e9lag \u00d3lafsfjar\u00f0ar og Leikf\u00e9lag Siglufjar\u00f0ar sameinu\u00f0ust formlega \u00ed Leikf\u00e9lag Fjallabygg\u00f0ar 12. j\u00fal\u00ed 2013. \u00c1\u00f0ur unnu f\u00e9l\u00f6gin saman af mikilli pr\u00fd\u00f0i a\u00f0 uppsetningu \u00e1 verkinu [&hellip;]<\/p>\n","protected":false},"author":3,"featured_media":4804,"comment_status":"open","ping_status":"open","sticky":false,"template":"","format":"standard","meta":{"_et_pb_use_builder":"","_et_pb_old_content":"","_et_gb_content_width":"","footnotes":""},"categories":[187],"tags":[],"class_list":["post-4805","post","type-post","status-publish","format-standard","has-post-thumbnail","hentry","category-allar-frir","et-has-post-format-content","et_post_format-et-post-format-standard"],"_links":{"self":[{"href":"https:\/\/leiklist.is\/en\/wp-json\/wp\/v2\/posts\/4805","targetHints":{"allow":["GET"]}}],"collection":[{"href":"https:\/\/leiklist.is\/en\/wp-json\/wp\/v2\/posts"}],"about":[{"href":"https:\/\/leiklist.is\/en\/wp-json\/wp\/v2\/types\/post"}],"author":[{"embeddable":true,"href":"https:\/\/leiklist.is\/en\/wp-json\/wp\/v2\/users\/3"}],"replies":[{"embeddable":true,"href":"https:\/\/leiklist.is\/en\/wp-json\/wp\/v2\/comments?post=4805"}],"version-history":[{"count":0,"href":"https:\/\/leiklist.is\/en\/wp-json\/wp\/v2\/posts\/4805\/revisions"}],"wp:featuredmedia":[{"embeddable":true,"href":"https:\/\/leiklist.is\/en\/wp-json\/wp\/v2\/media\/4804"}],"wp:attachment":[{"href":"https:\/\/leiklist.is\/en\/wp-json\/wp\/v2\/media?parent=4805"}],"wp:term":[{"taxonomy":"category","embeddable":true,"href":"https:\/\/leiklist.is\/en\/wp-json\/wp\/v2\/categories?post=4805"},{"taxonomy":"post_tag","embeddable":true,"href":"https:\/\/leiklist.is\/en\/wp-json\/wp\/v2\/tags?post=4805"}],"curies":[{"name":"wp","href":"https:\/\/api.w.org\/{rel}","templated":true}]}}