{"id":4793,"date":"2014-09-23T09:22:11","date_gmt":"2014-09-23T09:22:11","guid":{"rendered":"http:\/\/wp.leiklist.is\/?p=4793"},"modified":"2014-09-23T09:22:11","modified_gmt":"2014-09-23T09:22:11","slug":"leikfelag-hoergdaela-aefir-nytt-islenskt-leikrit","status":"publish","type":"post","link":"https:\/\/leiklist.is\/en\/leikfelag-hoergdaela-aefir-nytt-islenskt-leikrit\/","title":{"rendered":"Leikf\u00e9lag H\u00f6rgd\u00e6la \u00e6fir n\u00fdtt \u00edslenskt leikrit"},"content":{"rendered":"<p \/>Leikf\u00e9lag H\u00f6rgd\u00e6la \u00e6fir n\u00fa af fullum krafti leikriti\u00f0 Verksmi\u00f0jukr\u00f3nikan eftir Stefan\u00edu El\u00edsabetu Hallbj\u00f6rnsd\u00f3ttur og S\u00f6gu J\u00f3nsd\u00f3ttur. Leikriti\u00f0 gerist \u00e1 Akureyri um 1940. Verkaf\u00f3lk \u00e1\u00a0 verksmi\u00f0junum stendur \u00ed verkfallsbar\u00e1ttu, bretar eru komnir og miklar breytingar ver\u00f0a \u00ed b\u00e6num. Karlmenn eru uggandi yfir \u00feeim \u00e1hrifum sem hermenn hafa \u00a0t.d. \u00e1 ungu st\u00falkurnar og breta\u00fevottur er ekki \u00f6llum a\u00f0 skapi.  <!--more-->  <\/p>\n<p>Um tuttugu leikarar taka \u00fe\u00e1tt \u00ed s\u00fdningunni og margar skemmtilegar og s\u00e9rstakar pers\u00f3nur l\u00edta \u00fearna dagsins lj\u00f3s. Leikriti\u00f0 byggir \u00e1 \u00fdmsum atbur\u00f0um sem \u00fe\u00e6r st\u00f6llur hafa lesi\u00f0 e\u00f0a heyrt um en margt er f\u00e6rt \u00ed st\u00edlinn. Leikriti\u00f0 er ekki sagnfr\u00e6\u00f0ileg\u00a0 heimild.\u00a0 Frums\u00fdning er \u00e1\u00e6tlu\u00f0\u00a0 um mi\u00f0jan okt\u00f3ber a\u00f0 Melum \u00ed H\u00f6rg\u00e1rsveit , leikstj\u00f3ri er Saga J\u00f3nsd\u00f3ttir.<\/p>\n<p>\u00a0<\/p>","protected":false},"excerpt":{"rendered":"<p>Leikf\u00e9lag H\u00f6rgd\u00e6la \u00e6fir n\u00fa af fullum krafti leikriti\u00f0 Verksmi\u00f0jukr\u00f3nikan eftir Stefan\u00edu El\u00edsabetu Hallbj\u00f6rnsd\u00f3ttur og S\u00f6gu J\u00f3nsd\u00f3ttur. Leikriti\u00f0 gerist \u00e1 Akureyri um 1940. Verkaf\u00f3lk \u00e1\u00a0 verksmi\u00f0junum stendur \u00ed verkfallsbar\u00e1ttu, bretar eru komnir og miklar breytingar ver\u00f0a \u00ed b\u00e6num. Karlmenn eru uggandi yfir \u00feeim \u00e1hrifum sem hermenn hafa \u00a0t.d. \u00e1 ungu st\u00falkurnar og breta\u00fevottur er ekki \u00f6llum [&hellip;]<\/p>\n","protected":false},"author":3,"featured_media":4792,"comment_status":"open","ping_status":"open","sticky":false,"template":"","format":"standard","meta":{"_et_pb_use_builder":"","_et_pb_old_content":"","_et_gb_content_width":"","footnotes":""},"categories":[187],"tags":[],"class_list":["post-4793","post","type-post","status-publish","format-standard","has-post-thumbnail","hentry","category-allar-frir","et-has-post-format-content","et_post_format-et-post-format-standard"],"_links":{"self":[{"href":"https:\/\/leiklist.is\/en\/wp-json\/wp\/v2\/posts\/4793","targetHints":{"allow":["GET"]}}],"collection":[{"href":"https:\/\/leiklist.is\/en\/wp-json\/wp\/v2\/posts"}],"about":[{"href":"https:\/\/leiklist.is\/en\/wp-json\/wp\/v2\/types\/post"}],"author":[{"embeddable":true,"href":"https:\/\/leiklist.is\/en\/wp-json\/wp\/v2\/users\/3"}],"replies":[{"embeddable":true,"href":"https:\/\/leiklist.is\/en\/wp-json\/wp\/v2\/comments?post=4793"}],"version-history":[{"count":0,"href":"https:\/\/leiklist.is\/en\/wp-json\/wp\/v2\/posts\/4793\/revisions"}],"wp:featuredmedia":[{"embeddable":true,"href":"https:\/\/leiklist.is\/en\/wp-json\/wp\/v2\/media\/4792"}],"wp:attachment":[{"href":"https:\/\/leiklist.is\/en\/wp-json\/wp\/v2\/media?parent=4793"}],"wp:term":[{"taxonomy":"category","embeddable":true,"href":"https:\/\/leiklist.is\/en\/wp-json\/wp\/v2\/categories?post=4793"},{"taxonomy":"post_tag","embeddable":true,"href":"https:\/\/leiklist.is\/en\/wp-json\/wp\/v2\/tags?post=4793"}],"curies":[{"name":"wp","href":"https:\/\/api.w.org\/{rel}","templated":true}]}}