{"id":4785,"date":"2014-09-16T12:52:50","date_gmt":"2014-09-16T12:52:50","guid":{"rendered":"http:\/\/wp.leiklist.is\/?p=4785"},"modified":"2014-09-16T12:52:50","modified_gmt":"2014-09-16T12:52:50","slug":"frettir-fra-leikfelagi-fljotsdalsheraes","status":"publish","type":"post","link":"https:\/\/leiklist.is\/en\/frettir-fra-leikfelagi-fljotsdalsheraes\/","title":{"rendered":"Fr\u00e9ttir fr\u00e1 Leikf\u00e9lagi Flj\u00f3tsdalsh\u00e9ra\u00f0s"},"content":{"rendered":"<p class=\"p1\" \/>Leikf\u00e9lag Flj\u00f3tsdalsh\u00e9ra\u00f0s undirb\u00fdr s\u00fdningar \u00e1 <em>\u00dei\u00f0 muni\u00f0 hann J\u00f6rund<\/em>\u00a0\u00ed Valaskj\u00e1lf. \u00c6fingar hefjast \u00ed septemberlok og s\u00fdningar um mi\u00f0jan n\u00f3vember. \u00deetta er sextugasta verkefni LF og leikstj\u00f3ri ver\u00f0ur Halld\u00f3ra Malin P\u00e9tursd\u00f3ttir.  <!--more-->  <\/p>\n<p class=\"p1\">\u00dea\u00f0 er l\u00f6ngu t\u00edmab\u00e6rt a\u00f0 rifja upp \u00feetta br\u00e1\u00f0skemmtilega leikrit J\u00f3nasar \u00c1rnasonar og \u00f6ll \u00fej\u00f3\u00f0\u00feekktu s\u00f6ngl\u00f6gin sem flutt eru \u00ed s\u00fdningunni og Tr\u00ed\u00f3i\u00f0 \u00derj\u00fa \u00e1 palli skaut inn \u00e1 vins\u00e6ldalistana \u00e1 s\u00ednum t\u00edma.<\/p>\n<p class=\"p1\">LF l\u00fdsir eftir k\u00f6rlum og konum \u00e1 \u00f6llum aldri til a\u00f0 taka \u00fe\u00e1tt \u00ed \u00feessu skemmtilega verkefni, hvort sem \u00fea\u00f0 er vi\u00f0 leik, s\u00f6ng, sm\u00ed\u00f0ar e\u00f0a m\u00e1lun osfrv. Einkum og s\u00e9r \u00ed lagi \u00f3skum vi\u00f0 eftir \u00fev\u00ed a\u00f0 \u00feeir sem \u00e1\u00f0ur hafa starfa\u00f0 me\u00f0 f\u00e9laginu hafi samband.<\/p>\n<p class=\"p1\">Vilji f\u00f3lk fr\u00e6\u00f0ast um f\u00e9lagi\u00f0 er bent \u00e1 heimas\u00ed\u00f0u Flj\u00f3tsdalsh\u00e9ra\u00f0s undir flipunum \u00dej\u00f3nusta- menning- svi\u00f0slist e\u00f0a (<a href=\"http:\/\/egilsstadir.is\/index.php?option=com_content&#038;view=article&#038;id=36&#038;Itemid=54\">http:\/\/egilsstadir.is\/index.php?option=com_content&#038;view=article&#038;id=36&#038;Itemid=54<\/a>) og sko\u00f0i\u00f0 facebook-s\u00ed\u00f0u f\u00e9lagsins <a href=\"https:\/\/www.facebook.com\/leikfelagfljotsdalherads\">https:\/\/www.facebook.com\/leikfelagfljotsdalherads<\/a>.<\/p>\n<p class=\"p2\">Opi\u00f0 h\u00fas, samlestur og kynning \u00ed Valaskj\u00e1lf sunnudaginn 21.september n.k. kl 17-19.<\/p>\n<p class=\"p2\">Framkv\u00e6mdastj\u00f3ri s\u00fdningarinnar ver\u00f0ur <b>Sigr\u00ed\u00f0ur L\u00e1ra Sigurj\u00f3nsd\u00f3ttir, <\/b>s\u00edmi 862-5404 en forma\u00f0ur LF er Einar Rafn Haraldsson, <a href=\"mailto:erharaldsson@simnet.is\">erharaldsson@simnet.is<\/a> s\u00edmi 861-1999.<\/p>\n<p class=\"p2\">Minnum l\u00edka \u00e1 <a href=\"https:\/\/leiklist.is\/en\/\">www.leiklist.is<\/a>.<\/p>\n<p class=\"p1\">\u00a0<\/p>","protected":false},"excerpt":{"rendered":"<p>Leikf\u00e9lag Flj\u00f3tsdalsh\u00e9ra\u00f0s undirb\u00fdr s\u00fdningar \u00e1 \u00dei\u00f0 muni\u00f0 hann J\u00f6rund\u00a0\u00ed Valaskj\u00e1lf. \u00c6fingar hefjast \u00ed septemberlok og s\u00fdningar um mi\u00f0jan n\u00f3vember. \u00deetta er sextugasta verkefni LF og leikstj\u00f3ri ver\u00f0ur Halld\u00f3ra Malin P\u00e9tursd\u00f3ttir.<\/p>","protected":false},"author":3,"featured_media":4784,"comment_status":"open","ping_status":"open","sticky":false,"template":"","format":"standard","meta":{"_et_pb_use_builder":"","_et_pb_old_content":"","_et_gb_content_width":"","footnotes":""},"categories":[187],"tags":[],"class_list":["post-4785","post","type-post","status-publish","format-standard","has-post-thumbnail","hentry","category-allar-frir","et-has-post-format-content","et_post_format-et-post-format-standard"],"_links":{"self":[{"href":"https:\/\/leiklist.is\/en\/wp-json\/wp\/v2\/posts\/4785","targetHints":{"allow":["GET"]}}],"collection":[{"href":"https:\/\/leiklist.is\/en\/wp-json\/wp\/v2\/posts"}],"about":[{"href":"https:\/\/leiklist.is\/en\/wp-json\/wp\/v2\/types\/post"}],"author":[{"embeddable":true,"href":"https:\/\/leiklist.is\/en\/wp-json\/wp\/v2\/users\/3"}],"replies":[{"embeddable":true,"href":"https:\/\/leiklist.is\/en\/wp-json\/wp\/v2\/comments?post=4785"}],"version-history":[{"count":0,"href":"https:\/\/leiklist.is\/en\/wp-json\/wp\/v2\/posts\/4785\/revisions"}],"wp:featuredmedia":[{"embeddable":true,"href":"https:\/\/leiklist.is\/en\/wp-json\/wp\/v2\/media\/4784"}],"wp:attachment":[{"href":"https:\/\/leiklist.is\/en\/wp-json\/wp\/v2\/media?parent=4785"}],"wp:term":[{"taxonomy":"category","embeddable":true,"href":"https:\/\/leiklist.is\/en\/wp-json\/wp\/v2\/categories?post=4785"},{"taxonomy":"post_tag","embeddable":true,"href":"https:\/\/leiklist.is\/en\/wp-json\/wp\/v2\/tags?post=4785"}],"curies":[{"name":"wp","href":"https:\/\/api.w.org\/{rel}","templated":true}]}}