{"id":4779,"date":"2014-09-12T13:21:38","date_gmt":"2014-09-12T13:21:38","guid":{"rendered":"http:\/\/wp.leiklist.is\/?p=4779"},"modified":"2014-09-12T13:21:38","modified_gmt":"2014-09-12T13:21:38","slug":"okkar-eigin-hoefundasmieja-a-flateyri","status":"publish","type":"post","link":"https:\/\/leiklist.is\/en\/okkar-eigin-hoefundasmieja-a-flateyri\/","title":{"rendered":"Okkar eigin &#8211; H\u00f6fundasmi\u00f0ja \u00e1 Flateyri"},"content":{"rendered":"<p>Helgarnar 26-28. september og 4-6. \/ 11-13. \/18-20. okt\u00f3ber ver\u00f0ur haldin fj\u00f6gurra helga leikh\u00f6fundasmi\u00f0ja \u00ed Samkomuh\u00fasi Flateyrar. Verkefni\u00f0 er styrkt af Menningarr\u00e1\u00f0i Vestfjar\u00f0a og ver\u00f0ur kynnt \u00f6llum \u00e1hugaleikf\u00e9l\u00f6gum \u00e1 Vestfj\u00f6r\u00f0um.<\/p>\n<p \/>Val stendur um a\u00f0 s\u00e6kja allar fj\u00f3rar helgarnar e\u00f0a stakar helgar eftir atvikum.  <!--more-->  <\/p>\n<p>Skapandi stefnum\u00f3t fyrir byrjendur og lengra komna, ertu me\u00f0 leikrit \u00ed sk\u00faffunni e\u00f0a er vandam\u00e1li\u00f0 a\u00f0 byrja koma hugmyndunum \u00e1 bla\u00f0? Hva\u00f0 \u00fearf til a\u00f0 geta sett \u00f3l\u00edkar hugsm\u00ed\u00f0ar \u00e1 svi\u00f0? Unni\u00f0 me\u00f0 texta og hugmyndir til a\u00f0 sko\u00f0a pers\u00f3nusk\u00f6pun, sm\u00ed\u00f0a senur, halda \u00fer\u00e6\u00f0i \u00ed uppistandi. Kraftmikil kreat\u00edv vinna fyrir \u00e1hugaf\u00f3lk, leikara og sk\u00e1ld sem unnin ver\u00f0ur undir lei\u00f0s\u00f6gn \u00feaulvans svi\u00f0slistaf\u00f3lks \u00e1 intens\u00edvum helgarn\u00e1mskei\u00f0um.<\/p>\n<p>\u00c1 me\u00f0al lei\u00f0beinenda eru R\u00fanar Gu\u00f0brandsson, Tyrfingur Tyrfingsson, V\u00edkingur Kristj\u00e1nsson, Lilja Sigur\u00f0ard\u00f3ttir, Hl\u00edn Agnarsd\u00f3ttir, \u00c1rni Kristj\u00e1nsson og fleiri.<\/p>\n<p>Leiksk\u00e1ld og leikstj\u00f3ri vinna me\u00f0 \u00fe\u00e1tttakendum a\u00f0 frumvinnslu og \u00fer\u00f3un hugmynda me\u00f0 a\u00f0fer\u00f0um leikh\u00fassins, spuna og \u00e6fingum auk \u00feess sem lei\u00f0ir til a\u00f0 vinna leikverk \u00far s\u00f6gu og samt\u00edma eru sko\u00f0a\u00f0ar. Er kominn t\u00edmi til a\u00f0 taka s\u00e9nsinn?\u00a0 N\u00e1nari uppl\u00fdsingar \u00e1 f\u00e9sb\u00f3kars\u00ed\u00f0unni Okkar eigin, og \u00ed t\u00f6lvup\u00f3sti \u00e1 <a href=\"mailto:godsnail@gmail.com.\">godsnail@gmail.com.<\/a><\/p>","protected":false},"excerpt":{"rendered":"<p>Helgarnar 26-28. september og 4-6. \/ 11-13. \/18-20. okt\u00f3ber ver\u00f0ur haldin fj\u00f6gurra helga leikh\u00f6fundasmi\u00f0ja \u00ed Samkomuh\u00fasi Flateyrar. Verkefni\u00f0 er styrkt af Menningarr\u00e1\u00f0i Vestfjar\u00f0a og ver\u00f0ur kynnt \u00f6llum \u00e1hugaleikf\u00e9l\u00f6gum \u00e1 Vestfj\u00f6r\u00f0um. Val stendur um a\u00f0 s\u00e6kja allar fj\u00f3rar helgarnar e\u00f0a stakar helgar eftir atvikum.<\/p>","protected":false},"author":3,"featured_media":4778,"comment_status":"open","ping_status":"open","sticky":false,"template":"","format":"standard","meta":{"_et_pb_use_builder":"","_et_pb_old_content":"","_et_gb_content_width":"","footnotes":""},"categories":[187],"tags":[],"class_list":["post-4779","post","type-post","status-publish","format-standard","has-post-thumbnail","hentry","category-allar-frir","et-has-post-format-content","et_post_format-et-post-format-standard"],"_links":{"self":[{"href":"https:\/\/leiklist.is\/en\/wp-json\/wp\/v2\/posts\/4779","targetHints":{"allow":["GET"]}}],"collection":[{"href":"https:\/\/leiklist.is\/en\/wp-json\/wp\/v2\/posts"}],"about":[{"href":"https:\/\/leiklist.is\/en\/wp-json\/wp\/v2\/types\/post"}],"author":[{"embeddable":true,"href":"https:\/\/leiklist.is\/en\/wp-json\/wp\/v2\/users\/3"}],"replies":[{"embeddable":true,"href":"https:\/\/leiklist.is\/en\/wp-json\/wp\/v2\/comments?post=4779"}],"version-history":[{"count":0,"href":"https:\/\/leiklist.is\/en\/wp-json\/wp\/v2\/posts\/4779\/revisions"}],"wp:featuredmedia":[{"embeddable":true,"href":"https:\/\/leiklist.is\/en\/wp-json\/wp\/v2\/media\/4778"}],"wp:attachment":[{"href":"https:\/\/leiklist.is\/en\/wp-json\/wp\/v2\/media?parent=4779"}],"wp:term":[{"taxonomy":"category","embeddable":true,"href":"https:\/\/leiklist.is\/en\/wp-json\/wp\/v2\/categories?post=4779"},{"taxonomy":"post_tag","embeddable":true,"href":"https:\/\/leiklist.is\/en\/wp-json\/wp\/v2\/tags?post=4779"}],"curies":[{"name":"wp","href":"https:\/\/api.w.org\/{rel}","templated":true}]}}