{"id":4761,"date":"2014-09-03T10:53:32","date_gmt":"2014-09-03T10:53:32","guid":{"rendered":"http:\/\/wp.leiklist.is\/?p=4761"},"modified":"2014-09-03T10:53:32","modified_gmt":"2014-09-03T10:53:32","slug":"petra-tvaer-aukasyningar-i-tjarnarbioi","status":"publish","type":"post","link":"https:\/\/leiklist.is\/en\/petra-tvaer-aukasyningar-i-tjarnarbioi\/","title":{"rendered":"Petra, tv\u00e6r aukas\u00fdningar \u00ed Tjarnarb\u00ed\u00f3i"},"content":{"rendered":"<p>Listah\u00f3purinn DFM, sem f\u00e6r\u00f0i okkur Dansa\u00f0u fyrir mig s\u00ed\u00f0asta vetur, s\u00fdnir tv\u00e6r aukas\u00fdningar \u00e1 n\u00fdja verkinu Petra. S\u00fdningarnar fara fram 5. og 11. september. Margir \u00cdslendingar kannast vi\u00f0 Petru, en h\u00fan kom \u00e1 f\u00f3t gl\u00e6silegu steinasafni \u00e1 Austfj\u00f6r\u00f0um.<\/p>\n<p \/>\u00deegar fr\u00fa Petra Sveinsd\u00f3ttir \u00e1 St\u00f6\u00f0varfir\u00f0i var spur\u00f0 hvort \u00e1lfasamf\u00e9lagi\u00f0 v\u00e6ri ekki \u00ed algj\u00f6ru uppn\u00e1mi vegna steinas\u00f6fnunar hennar \u00fear eystra, svara\u00f0i h\u00fan: \u201e\u00c9g held a\u00f0 \u00feeir viti a\u00f0 miki\u00f0 af steinunum hverfi ni\u00f0ur \u00ed j\u00f6r\u00f0ina og komi ekki fyrir neins manns augu nema \u00feeim s\u00e9 bjarga\u00f0.\u201c  <!--more-->  <\/p>\n<p>\u00c1 \u00feessum n\u00f3tum hefst leiks\u00fdningin \u201ePetra\u201c, bygg\u00f0 \u00e1 \u00e6vi fr\u00fa Petru Sveinsd\u00f3ttur og \u00e1str\u00ed\u00f0ufullri s\u00f6fnunar\u00e1r\u00e1ttu hennar sem var\u00f0 til \u00feess a\u00f0 h\u00fan opna\u00f0i st\u00e6rsta einkarekna steinasafn heims. \u00cd s\u00fdningunni dregur P\u00e9tur \u00c1rmannsson upp faldar gersemar lang\u00f6mmu sinnar, lei\u00f0ir okkur \u00ed gegnum \u00f3grynni af s\u00f6gum, minningum og myndum \u00ed eigu fj\u00f6lskyldunnar og veltir \u00fev\u00ed fyrir s\u00e9r hvort hann hafi veri\u00f0 gott barna-barna-barn.<\/p>\n<p>Tungum\u00e1l: Enska og \u00edslenska<\/p>\n<p>S\u00fdningar:<br \/>F\u00f6studagur 5. september, kl. 20:00<br \/>Fimmtudagur 11. september, kl. 20:00<\/p>\n<p>Lengd: R\u00fam klukkustund.<\/p>\n<p>S\u00fdningin er styrkt af Menningarr\u00e1\u00f0i Austurlands, Tjarnarb\u00ed\u00f3 og Alcoa.<\/p>\n<p>DFM company er samstarf dansh\u00f6fundarins Brogan Davison og leikstj\u00f3rans P\u00e9turs \u00c1rmannssonar. Saman vinna \u00feau me\u00f0 fj\u00f6lskyldu og vinum vi\u00f0 a\u00f0 skapa n\u00fdtt og spennandi leikh\u00fas. Fyrsta verk \u00feeirra, Dansa\u00f0u fyrir mig, er d\u00faet \u00e1 milli Brogan og \u00c1rmanns Einarssonar, f\u00f6\u00f0ur P\u00e9turs. Verki\u00f0 var tilnefnt \u00ed tveimur flokkum \u00e1 Gr\u00edmuver\u00f0laununum 2014, Brogan sem \u201eDansh\u00f6fundur \u00e1rsins\u201c og Brogan og P\u00e9tur sem \u201eSproti \u00e1rsins\u201c. S\u00f6mulei\u00f0is var verki\u00f0 tilnefnt sem \u201eDanss\u00fdning \u00e1rsins\u201c og hneppti titilinn \u201eVal lesenda\u201c \u00ed Menningarver\u00f0launum DV 2013.<\/p>","protected":false},"excerpt":{"rendered":"<p>Listah\u00f3purinn DFM, sem f\u00e6r\u00f0i okkur Dansa\u00f0u fyrir mig s\u00ed\u00f0asta vetur, s\u00fdnir tv\u00e6r aukas\u00fdningar \u00e1 n\u00fdja verkinu Petra. S\u00fdningarnar fara fram 5. og 11. september. Margir \u00cdslendingar kannast vi\u00f0 Petru, en h\u00fan kom \u00e1 f\u00f3t gl\u00e6silegu steinasafni \u00e1 Austfj\u00f6r\u00f0um. \u00deegar fr\u00fa Petra Sveinsd\u00f3ttir \u00e1 St\u00f6\u00f0varfir\u00f0i var spur\u00f0 hvort \u00e1lfasamf\u00e9lagi\u00f0 v\u00e6ri ekki \u00ed algj\u00f6ru uppn\u00e1mi vegna steinas\u00f6fnunar [&hellip;]<\/p>\n","protected":false},"author":3,"featured_media":4760,"comment_status":"open","ping_status":"open","sticky":false,"template":"","format":"standard","meta":{"_et_pb_use_builder":"","_et_pb_old_content":"","_et_gb_content_width":"","footnotes":""},"categories":[187],"tags":[],"class_list":["post-4761","post","type-post","status-publish","format-standard","has-post-thumbnail","hentry","category-allar-frir","et-has-post-format-content","et_post_format-et-post-format-standard"],"_links":{"self":[{"href":"https:\/\/leiklist.is\/en\/wp-json\/wp\/v2\/posts\/4761","targetHints":{"allow":["GET"]}}],"collection":[{"href":"https:\/\/leiklist.is\/en\/wp-json\/wp\/v2\/posts"}],"about":[{"href":"https:\/\/leiklist.is\/en\/wp-json\/wp\/v2\/types\/post"}],"author":[{"embeddable":true,"href":"https:\/\/leiklist.is\/en\/wp-json\/wp\/v2\/users\/3"}],"replies":[{"embeddable":true,"href":"https:\/\/leiklist.is\/en\/wp-json\/wp\/v2\/comments?post=4761"}],"version-history":[{"count":0,"href":"https:\/\/leiklist.is\/en\/wp-json\/wp\/v2\/posts\/4761\/revisions"}],"wp:featuredmedia":[{"embeddable":true,"href":"https:\/\/leiklist.is\/en\/wp-json\/wp\/v2\/media\/4760"}],"wp:attachment":[{"href":"https:\/\/leiklist.is\/en\/wp-json\/wp\/v2\/media?parent=4761"}],"wp:term":[{"taxonomy":"category","embeddable":true,"href":"https:\/\/leiklist.is\/en\/wp-json\/wp\/v2\/categories?post=4761"},{"taxonomy":"post_tag","embeddable":true,"href":"https:\/\/leiklist.is\/en\/wp-json\/wp\/v2\/tags?post=4761"}],"curies":[{"name":"wp","href":"https:\/\/api.w.org\/{rel}","templated":true}]}}